{"id":42795,"date":"2023-08-08T13:35:58","date_gmt":"2023-08-08T16:35:58","guid":{"rendered":"https:\/\/123empregos.com.br\/?p=42795"},"modified":"2025-04-30T16:10:02","modified_gmt":"2025-04-30T19:10:02","slug":"salario-base-acima-da-media-ish-contrata-hoje-08-08-confira-aqui","status":"publish","type":"post","link":"https:\/\/99empregos.com.br\/blog\/salario-base-acima-da-media-ish-contrata-hoje-08-08-confira-aqui\/","title":{"rendered":"Sal\u00e1rio base ACIMA DA M\u00c9DIA: ISH contrata hoje (08\/08), confira aqui!"},"content":{"rendered":"<div class=\"group w-full text-token-text-primary border-b border-black\/10 dark:border-gray-900\/50 bg-gray-50 dark:bg-[#444654]\">\n<div class=\"flex p-4 gap-4 text-base md:gap-6 md:max-w-2xl lg:max-w-[38rem] xl:max-w-3xl md:py-6 lg:px-0 m-auto\">\n<div class=\"relative flex w-[calc(100%-50px)] flex-col gap-1 md:gap-3 lg:w-[calc(100%-115px)]\">\n<div class=\"flex flex-grow flex-col gap-3\">\n<div class=\"min-h-[20px] flex flex-col items-start gap-3 overflow-x-auto whitespace-pre-wrap break-words\">\n<div class=\"markdown prose w-full break-words dark:prose-invert light\">\n<p>A <a href=\"https:\/\/ish.com.br\/\" target=\"_blank\" rel=\"noopener\">ISH<\/a> Tecnologia, empresa l\u00edder no ramo de solu\u00e7\u00f5es tecnol\u00f3gicas e inova\u00e7\u00e3o, tem o prazer de anunciar a abertura de <span style=\"text-decoration: underline\"><a href=\"https:\/\/99empregos.com.br\/quer-trabalhar-em-agosto-confira-essas-novas-vagas-de-emprego-no-gruposc\/\">novas vagas de emprego <\/a><\/span>em sua companhia. Com uma variedade de vagas dispon\u00edveis, esta \u00e9 a oportunidade perfeita para aqueles que desejam fazer parte de uma empresa que impulsiona a transforma\u00e7\u00e3o digital em diversos setores. Confira abaixo a lista completa de vagas dispon\u00edveis:<\/p>\n<ul>\n<li style=\"font-weight: 400\"><span style=\"font-weight: 400\">Analista de Business Intelligence &#8211; Vit\u00f3ria, ES;<\/span><\/li>\n<li style=\"font-weight: 400\"><span style=\"font-weight: 400\">Analista de Ciberseguran\u00e7a (Network Security) &#8211; Bras\u00edlia, DF;<\/span><\/li>\n<li style=\"font-weight: 400\"><span style=\"font-weight: 400\">Analista de Controles de Seguran\u00e7a da Informa\u00e7\u00e3o &#8211; Rio de Janeiro, RJ e Remoto;<\/span><\/li>\n<li style=\"font-weight: 400\"><span style=\"font-weight: 400\">Analista de Processos &#8211; Vit\u00f3ria, ES;<\/span><\/li>\n<li style=\"font-weight: 400\"><span style=\"font-weight: 400\">Analista de Seguran\u00e7a da Informa\u00e7\u00e3o &#8211; Rio de Janeiro, RJ;<\/span><\/li>\n<li style=\"font-weight: 400\"><span style=\"font-weight: 400\">Analista de Seguran\u00e7a da Informa\u00e7\u00e3o &#8211; Rio de Janeiro, RJ;<\/span><\/li>\n<li style=\"font-weight: 400\"><span style=\"font-weight: 400\">Analista de Seguran\u00e7a da Informa\u00e7\u00e3o (Endpoint Security) &#8211; S\u00e3o Paulo, SP;<\/span><\/li>\n<li style=\"font-weight: 400\"><span style=\"font-weight: 400\">Analista de Seguran\u00e7a da Informa\u00e7\u00e3o (Endpoint Security) &#8211; S\u00e3o Paulo, SP;<\/span><\/li>\n<li style=\"font-weight: 400\"><span style=\"font-weight: 400\">Analista de Seguran\u00e7a da Informa\u00e7\u00e3o (Network Security) &#8211; Belo Horizonte, MG;<\/span><\/li>\n<li style=\"font-weight: 400\"><span style=\"font-weight: 400\">Analista de Seguran\u00e7a &#8211; Tier 2 (Resposta a Incidentes) &#8211; Rio de Janeiro, RJ e Remoto.<\/span><\/li>\n<li>\n<p><figure id=\"attachment_42797\" aria-describedby=\"caption-attachment-42797\" style=\"width: 1200px\" class=\"wp-caption aligncenter\"><img decoding=\"async\" class=\"size-full wp-image-42797\" src=\"https:\/\/99empregos.com.br\/blog\/wp-content\/uploads\/2023\/08\/ish-vagas-2023.jpg\" alt=\"A ISH Tecnologia est\u00e1 com novas vagas de emprego, confira as oportunidades. Foto: Reprodu\u00e7\u00e3o\" width=\"1200\" height=\"675\" srcset=\"https:\/\/99empregos.com.br\/blog\/wp-content\/uploads\/2023\/08\/ish-vagas-2023.jpg 1200w, https:\/\/99empregos.com.br\/blog\/wp-content\/uploads\/2023\/08\/ish-vagas-2023-300x169.jpg 300w, https:\/\/99empregos.com.br\/blog\/wp-content\/uploads\/2023\/08\/ish-vagas-2023-1024x576.jpg 1024w, https:\/\/99empregos.com.br\/blog\/wp-content\/uploads\/2023\/08\/ish-vagas-2023-768x432.jpg 768w\" sizes=\"(max-width: 1200px) 100vw, 1200px\" \/><figcaption id=\"caption-attachment-42797\" class=\"wp-caption-text\">A ISH Tecnologia est\u00e1 com novas vagas de emprego, confira as oportunidades. Foto: Reprodu\u00e7\u00e3o<\/figcaption><\/figure><\/li>\n<\/ul>\n<h3>Mais informa\u00e7\u00f5es sobre a ISH Tecnologia<\/h3>\n<p>A ISH Tecnologia est\u00e1 no mercado de desde 1996, oferecendo solu\u00e7\u00f5es integradas e inovadoras de seguran\u00e7a e infraestrutura cibern\u00e9ticas. Atendemos clientes em todo o Brasil e Am\u00e9rica Latina. No \u00faltimo ranking da MSSP Alert, fomos classificados como a 34\u00aa melhor companhia de seguran\u00e7a da informa\u00e7\u00e3o do mundo, a \u00fanica 100% brasileira no top 50.<\/p>\n<h3>Como se candidatar?<\/h3>\n<p>Os interessados nas vagas abertas podem se candidatar <strong><span style=\"text-decoration: underline\"><a href=\"https:\/\/99empregos.com.br\/vaga\/ish-tecnologia-abre-novas-vagas-de-emprego-confira-aqui\/\">CLICANDO NESTE LINK<\/a><\/span><\/strong> e enviando o seu curr\u00edculo agora mesmo. Esta \u00e9 uma chance \u00fanica de contribuir para projetos empolgantes e desenvolver habilidades especiais em uma empresa refer\u00eancia, n\u00e3o perca a oportunidade. A equipe do 123 Empregos te deseja uma boa sorte!<\/p>\n<\/div>\n<\/div>\n<\/div>\n<\/div>\n<\/div>\n<\/div>\n","protected":false},"excerpt":{"rendered":"<p>A ISH Tecnologia, empresa l\u00edder no ramo de solu\u00e7\u00f5es tecnol\u00f3gicas e inova\u00e7\u00e3o, tem o prazer de anunciar a abertura de novas vagas de emprego em sua companhia. Com uma variedade de vagas dispon\u00edveis, esta \u00e9 a oportunidade perfeita para aqueles que desejam fazer parte de uma empresa que impulsiona a transforma\u00e7\u00e3o digital em diversos setores. [&hellip;]<\/p>\n","protected":false},"author":8,"featured_media":42798,"comment_status":"open","ping_status":"closed","sticky":false,"template":"","format":"standard","meta":{"footnotes":""},"categories":[7],"tags":[1544,734,3251,37],"class_list":["post-42795","post","type-post","status-publish","format-standard","has-post-thumbnail","hentry","category-noticias","tag-1544","tag-novas-vagas","tag-salarios","tag-vagas"],"_links":{"self":[{"href":"https:\/\/99empregos.com.br\/blog\/wp-json\/wp\/v2\/posts\/42795","targetHints":{"allow":["GET"]}}],"collection":[{"href":"https:\/\/99empregos.com.br\/blog\/wp-json\/wp\/v2\/posts"}],"about":[{"href":"https:\/\/99empregos.com.br\/blog\/wp-json\/wp\/v2\/types\/post"}],"author":[{"embeddable":true,"href":"https:\/\/99empregos.com.br\/blog\/wp-json\/wp\/v2\/users\/8"}],"replies":[{"embeddable":true,"href":"https:\/\/99empregos.com.br\/blog\/wp-json\/wp\/v2\/comments?post=42795"}],"version-history":[{"count":0,"href":"https:\/\/99empregos.com.br\/blog\/wp-json\/wp\/v2\/posts\/42795\/revisions"}],"wp:featuredmedia":[{"embeddable":true,"href":"https:\/\/99empregos.com.br\/blog\/wp-json\/wp\/v2\/media\/42798"}],"wp:attachment":[{"href":"https:\/\/99empregos.com.br\/blog\/wp-json\/wp\/v2\/media?parent=42795"}],"wp:term":[{"taxonomy":"category","embeddable":true,"href":"https:\/\/99empregos.com.br\/blog\/wp-json\/wp\/v2\/categories?post=42795"},{"taxonomy":"post_tag","embeddable":true,"href":"https:\/\/99empregos.com.br\/blog\/wp-json\/wp\/v2\/tags?post=42795"}],"curies":[{"name":"wp","href":"https:\/\/api.w.org\/{rel}","templated":true}]}}