{"id":428,"date":"2022-02-01T12:27:35","date_gmt":"2022-02-01T12:27:35","guid":{"rendered":"https:\/\/123empregos.com.br\/?p=428"},"modified":"2025-04-23T08:52:38","modified_gmt":"2025-04-23T11:52:38","slug":"curriculo-dicas-para-a-elaboracao-estruturada-e-assertiva-do-documento-profissional","status":"publish","type":"post","link":"https:\/\/99empregos.com.br\/blog\/curriculo-dicas-para-a-elaboracao-estruturada-e-assertiva-do-documento-profissional\/","title":{"rendered":"Curr\u00edculo: dicas para a elabora\u00e7\u00e3o estruturada e assertiva do documento profissional"},"content":{"rendered":"<p>O curr\u00edculo \u00e9 um documento que precisa ser constru\u00eddo com esse conceito para que o candidato alcance uma vaga que seja correlata ao seu interesse profissional.<\/p>\n<h3><b>Curr\u00edculo: dicas para a elabora\u00e7\u00e3o estruturada e assertiva do documento profissional<\/b><\/h3>\n<p>O mercado de trabalho atual \u00e9 bastante competitivo e o destaque do curr\u00edculo ocorre pela sua assertividade, bem como pelo equil\u00edbrio nas suas informa\u00e7\u00f5es. \u00c9 muito importante que o profissional consiga se colocar para o mercado de forma positiva, considerando seus pontos fortes de maneira org\u00e2nica.<\/p>\n<h4><b>Visualiza\u00e7\u00e3o e informa\u00e7\u00f5es sucintas\u00a0<\/b><\/h4>\n<p>Para isso, o curr\u00edculo deve ser elaborado de maneira estruturada para que a visualiza\u00e7\u00e3o do documento esteja organizada e as informa\u00e7\u00f5es sucintas.<\/p>\n<h4><b>Destaque suas informa\u00e7\u00f5es pessoais de forma direcionada<\/b><\/h4>\n<p>Sendo assim, destaque suas informa\u00e7\u00f5es pessoais considerando que estejam atualizadas; bem como, evite excessos. Por exemplo, n\u00e3o coloque n\u00fameros referentes aos seus documentos pessoais.<\/p>\n<h4><b>Tenha clareza sobre o seu objetivo<\/b><\/h4>\n<p>O seu objetivo pode ser inserido considerando o seu cargo dentro da sua \u00e1rea de atua\u00e7\u00e3o, atrav\u00e9s do seu n\u00edvel hier\u00e1rquico. Por exemplo: gerente de e-commerce; assistente de log\u00edstica; analista de contas a pagar; auxiliar de atendimento ao cliente etc.<\/p>\n<h4><b>Experi\u00eancia profissional\u00a0<\/b><\/h4>\n<p>Por conseguinte, \u00e9 relevante que voc\u00ea considere que a sua experi\u00eancia profissional \u00e9 um dos pontos principais do seu curr\u00edculo. Por isso, voc\u00ea deve realizar apontamentos relevantes para que voc\u00ea alcance o objetivo de destacar suas experi\u00eancias profissionais de modo assertivo. Sendo assim, n\u00e3o inclua narrativas muito longas e respeite a ordem cronol\u00f3gica inversa dos acontecimentos. Visto que ao priorizar as informa\u00e7\u00f5es atualizadas, o seu curr\u00edculo se torna mais atrativo.<\/p>\n<h4><b>As informa\u00e7\u00f5es sobre a sua escolaridade\u00a0<\/b><\/h4>\n<p>No que tange \u00e0 sua forma\u00e7\u00e3o escolar, \u00e9 importante que voc\u00ea coloque informa\u00e7\u00f5es sobre cursos conclu\u00eddos e cursos em andamento. Al\u00e9m disso, cursos complementares sobre a sua \u00e1rea tamb\u00e9m s\u00e3o informa\u00e7\u00f5es pertinentes \u00e0 essa elabora\u00e7\u00e3o.<\/p>\n<h5><b>O resumo do curr\u00edculo e suas habilidades sociocomportamentais<\/b><\/h5>\n<p>Caso voc\u00ea queira resumir o seu curr\u00edculo, crie uma certa rela\u00e7\u00e3o entre suas <a href=\"https:\/\/noticiasconcursos.com.br\/soft-skills-habilidade-sociocomportamental-como-valor-empresarial\/\" target=\"_blank\" rel=\"noopener\"><b>habilidades sociocomportamentais <\/b><\/a>e as suas experi\u00eancias, ainda que essa rela\u00e7\u00e3o ocorra de maneira indireta. Visto que essa rela\u00e7\u00e3o deve ser inserida, j\u00e1 que esse \u00e9 um ponto importante para a avalia\u00e7\u00e3o do profissional de <a href=\"https:\/\/noticiasconcursos.com.br\/gestao-de-recrutamento-e-selecao-para-todos-os-portes-empresariais\/\" target=\"_blank\" rel=\"noopener\"><b>recrutamento e sele\u00e7\u00e3o<\/b><\/a>. Portanto, ressaltamos que a visualiza\u00e7\u00e3o do curr\u00edculo \u00e9 pertinente, por isso, certifique-se de que as informa\u00e7\u00f5es sejam visivelmente organizadas e tamb\u00e9m fa\u00e7a uma an\u00e1lise ortogr\u00e1fica.<\/p>\n<h5><b>Alcance seus objetivos profissionais<\/b><\/h5>\n<p>Certamente, um curr\u00edculo bem elaborado eleva as suas chances de alcan\u00e7ar uma <strong>entrevista de emprego<\/strong> que seja relacionada aos seus reais interesses profissionais.<\/p>\n","protected":false},"excerpt":{"rendered":"<p>O curr\u00edculo \u00e9 um documento que precisa ser constru\u00eddo com esse conceito para que o candidato alcance uma vaga que seja correlata ao seu interesse profissional. Curr\u00edculo: dicas para a elabora\u00e7\u00e3o estruturada e assertiva do documento profissional O mercado de trabalho atual \u00e9 bastante competitivo e o destaque do curr\u00edculo ocorre pela sua assertividade, bem [&hellip;]<\/p>\n","protected":false},"author":1,"featured_media":58,"comment_status":"open","ping_status":"closed","sticky":false,"template":"","format":"standard","meta":{"footnotes":""},"categories":[9],"tags":[8],"class_list":["post-428","post","type-post","status-publish","format-standard","has-post-thumbnail","hentry","category-dicas","tag-curriculo"],"_links":{"self":[{"href":"https:\/\/99empregos.com.br\/blog\/wp-json\/wp\/v2\/posts\/428","targetHints":{"allow":["GET"]}}],"collection":[{"href":"https:\/\/99empregos.com.br\/blog\/wp-json\/wp\/v2\/posts"}],"about":[{"href":"https:\/\/99empregos.com.br\/blog\/wp-json\/wp\/v2\/types\/post"}],"author":[{"embeddable":true,"href":"https:\/\/99empregos.com.br\/blog\/wp-json\/wp\/v2\/users\/1"}],"replies":[{"embeddable":true,"href":"https:\/\/99empregos.com.br\/blog\/wp-json\/wp\/v2\/comments?post=428"}],"version-history":[{"count":0,"href":"https:\/\/99empregos.com.br\/blog\/wp-json\/wp\/v2\/posts\/428\/revisions"}],"wp:featuredmedia":[{"embeddable":true,"href":"https:\/\/99empregos.com.br\/blog\/wp-json\/"}],"wp:attachment":[{"href":"https:\/\/99empregos.com.br\/blog\/wp-json\/wp\/v2\/media?parent=428"}],"wp:term":[{"taxonomy":"category","embeddable":true,"href":"https:\/\/99empregos.com.br\/blog\/wp-json\/wp\/v2\/categories?post=428"},{"taxonomy":"post_tag","embeddable":true,"href":"https:\/\/99empregos.com.br\/blog\/wp-json\/wp\/v2\/tags?post=428"}],"curies":[{"name":"wp","href":"https:\/\/api.w.org\/{rel}","templated":true}]}}