{"id":42810,"date":"2023-08-08T13:50:55","date_gmt":"2023-08-08T16:50:55","guid":{"rendered":"https:\/\/123empregos.com.br\/?p=42810"},"modified":"2023-08-08T13:50:55","modified_gmt":"2023-08-08T16:50:55","slug":"novas-vagas-abertas-grupo-passarelli-abre-lista-de-oportunidades-candidate-se-e-veja-os-salarios","status":"publish","type":"post","link":"https:\/\/99empregos.com.br\/blog\/novas-vagas-abertas-grupo-passarelli-abre-lista-de-oportunidades-candidate-se-e-veja-os-salarios\/","title":{"rendered":"NOVAS VAGAS ABERTAS: Grupo Passarelli abre lista de oportunidades, candidate-se e veja os sal\u00e1rios!"},"content":{"rendered":"<div class=\"group w-full text-token-text-primary border-b border-black\/10 dark:border-gray-900\/50 bg-gray-50 dark:bg-[#444654]\">\n<div class=\"flex p-4 gap-4 text-base md:gap-6 md:max-w-2xl lg:max-w-[38rem] xl:max-w-3xl md:py-6 lg:px-0 m-auto\">\n<div class=\"relative flex w-[calc(100%-50px)] flex-col gap-1 md:gap-3 lg:w-[calc(100%-115px)]\">\n<div class=\"flex flex-grow flex-col gap-3\">\n<div class=\"min-h-[20px] flex flex-col items-start gap-3 overflow-x-auto whitespace-pre-wrap break-words\">\n<div class=\"markdown prose w-full break-words dark:prose-invert light\">\n<p>O Grupo Passarelli acabou de anunciar a empolgante abertura de <span style=\"text-decoration: underline\"><a href=\"https:\/\/99empregos.com.br\/quer-trabalhar-em-agosto-confira-essas-novas-vagas-de-emprego-no-gruposc\/\">novas vagas de emprego<\/a><\/span> em sua companhia. Conhecido como uma das principais empresas atuantes no ramo de engenharia e constru\u00e7\u00e3o, a companhia \u00e9 refer\u00eancia em projetos de infraestrutura, obras de grande porte e solu\u00e7\u00f5es inovadoras. Caso tenha interesse nas oportunidades, n\u00e3o deixe de conferir a lista completa de vagas abertas abaixo:<\/p>\n<ul>\n<li style=\"font-weight: 400\"><span style=\"font-weight: 400\">Advogado Contratual, S\u00e3o Paulo &#8211; SP;<\/span><\/li>\n<li style=\"font-weight: 400\"><span style=\"font-weight: 400\">Analista de Administra\u00e7\u00e3o Contratual SR, Macei\u00f3 &#8211; AL;<\/span><\/li>\n<li style=\"font-weight: 400\"><span style=\"font-weight: 400\">Assistente de Suprimentos &#8211; Manaus, Manaus &#8211; AM;<\/span><\/li>\n<li style=\"font-weight: 400\"><span style=\"font-weight: 400\">Assistente Engenharia _ Cruzeiro do Sul, Cruzeiro do Sul &#8211; AC;<\/span><\/li>\n<li style=\"font-weight: 400\"><span style=\"font-weight: 400\">Assistente Engenharia _ Rio Branco, Rio Branco &#8211; AC;<\/span><\/li>\n<li style=\"font-weight: 400\"><span style=\"font-weight: 400\">Assistente Engenharia _ Tabatinga, Amazonas;<\/span><\/li>\n<li style=\"font-weight: 400\"><span style=\"font-weight: 400\">Assistente Engenharia _ Tef\u00e9, Tef\u00e9 &#8211; AM;<\/span><\/li>\n<li style=\"font-weight: 400\"><span style=\"font-weight: 400\">Assistente T\u00e9cnico &#8211; Caucaia &#8211; CE, Fortaleza &#8211; CE;<\/span><\/li>\n<li style=\"font-weight: 400\"><span style=\"font-weight: 400\">Assistente T\u00e9cnico PCD, Recife &#8211; PE;<\/span><\/li>\n<li style=\"font-weight: 400\"><span style=\"font-weight: 400\">Assistente T\u00e9cnico (Planejamento) -, Cruzeiro do Sul &#8211; AC.<\/span><\/li>\n<\/ul>\n<figure id=\"attachment_42812\" aria-describedby=\"caption-attachment-42812\" style=\"width: 1200px\" class=\"wp-caption aligncenter\"><img decoding=\"async\" class=\"size-full wp-image-42812\" src=\"https:\/\/99empregos.com.br\/blog\/wp-content\/uploads\/2023\/08\/passarelli-vagas-2023.jpg\" alt=\"O Grupo Passarelli est\u00e1 com NOVAS VAGAS DE EMPREGO, confira aqui as oportunidades. Foto: Reprodu\u00e7\u00e3o\" width=\"1200\" height=\"675\" srcset=\"https:\/\/99empregos.com.br\/blog\/wp-content\/uploads\/2023\/08\/passarelli-vagas-2023.jpg 1200w, https:\/\/99empregos.com.br\/blog\/wp-content\/uploads\/2023\/08\/passarelli-vagas-2023-300x169.jpg 300w, https:\/\/99empregos.com.br\/blog\/wp-content\/uploads\/2023\/08\/passarelli-vagas-2023-1024x576.jpg 1024w, https:\/\/99empregos.com.br\/blog\/wp-content\/uploads\/2023\/08\/passarelli-vagas-2023-768x432.jpg 768w\" sizes=\"(max-width: 1200px) 100vw, 1200px\" \/><figcaption id=\"caption-attachment-42812\" class=\"wp-caption-text\">O Grupo Passarelli est\u00e1 com NOVAS VAGAS DE EMPREGO, confira aqui as oportunidades. Foto: Reprodu\u00e7\u00e3o<\/figcaption><\/figure>\n<h3>Mais informa\u00e7\u00f5es sobre o Grupo Passarelli<\/h3>\n<p>Somos uma empresa de gente que ama o que faz e \u00e9 feliz fazendo bem feito! H\u00e1 90 anos colocamos em pr\u00e1tica nosso prop\u00f3sito de melhorar a vida das pessoas por meio da Engenharia, tratando esgoto para que n\u00e3o sejam polu\u00eddos nossos rios, levando \u00e1gua a quem precisa, tornando realidade o sonho da casa pr\u00f3pria para mais de 7 mil fam\u00edlias brasileiras, construindo pontes e aeroportos para encurtar caminhos e aproximar quem estava longe.<\/p>\n<h3>Como se candidatar \u00e0s vagas de emprego?<\/h3>\n<p>Os interessados nas vagas abertas podem se candidatar <strong><span style=\"text-decoration: underline\"><a href=\"https:\/\/99empregos.com.br\/vaga\/grupo-passarelli-abre-novas-vagas-confira-aqui\/\">CLICANDO NESTE LINK<\/a><\/span><\/strong> e enviando o seu curr\u00edculo agora mesmo. Esta \u00e9 uma chance \u00fanica de contribuir para projetos empolgantes e desenvolver habilidades especiais em uma empresa refer\u00eancia, n\u00e3o perca a oportunidade. A equipe do 123 Empregos te deseja uma boa sorte!<\/p>\n<\/div>\n<\/div>\n<\/div>\n<\/div>\n<\/div>\n<\/div>\n","protected":false},"excerpt":{"rendered":"<p>O Grupo Passarelli acabou de anunciar a empolgante abertura de novas vagas de emprego em sua companhia. Conhecido como uma das principais empresas atuantes no ramo de engenharia e constru\u00e7\u00e3o, a companhia \u00e9 refer\u00eancia em projetos de infraestrutura, obras de grande porte e solu\u00e7\u00f5es inovadoras. Caso tenha interesse nas oportunidades, n\u00e3o deixe de conferir a [&hellip;]<\/p>\n","protected":false},"author":8,"featured_media":42813,"comment_status":"open","ping_status":"closed","sticky":false,"template":"","format":"standard","meta":{"footnotes":""},"categories":[7],"tags":[1544,5,37],"class_list":["post-42810","post","type-post","status-publish","format-standard","has-post-thumbnail","hentry","category-noticias","tag-1544","tag-empregos","tag-vagas"],"_links":{"self":[{"href":"https:\/\/99empregos.com.br\/blog\/wp-json\/wp\/v2\/posts\/42810","targetHints":{"allow":["GET"]}}],"collection":[{"href":"https:\/\/99empregos.com.br\/blog\/wp-json\/wp\/v2\/posts"}],"about":[{"href":"https:\/\/99empregos.com.br\/blog\/wp-json\/wp\/v2\/types\/post"}],"author":[{"embeddable":true,"href":"https:\/\/99empregos.com.br\/blog\/wp-json\/wp\/v2\/users\/8"}],"replies":[{"embeddable":true,"href":"https:\/\/99empregos.com.br\/blog\/wp-json\/wp\/v2\/comments?post=42810"}],"version-history":[{"count":0,"href":"https:\/\/99empregos.com.br\/blog\/wp-json\/wp\/v2\/posts\/42810\/revisions"}],"wp:featuredmedia":[{"embeddable":true,"href":"https:\/\/99empregos.com.br\/blog\/wp-json\/wp\/v2\/media\/42813"}],"wp:attachment":[{"href":"https:\/\/99empregos.com.br\/blog\/wp-json\/wp\/v2\/media?parent=42810"}],"wp:term":[{"taxonomy":"category","embeddable":true,"href":"https:\/\/99empregos.com.br\/blog\/wp-json\/wp\/v2\/categories?post=42810"},{"taxonomy":"post_tag","embeddable":true,"href":"https:\/\/99empregos.com.br\/blog\/wp-json\/wp\/v2\/tags?post=42810"}],"curies":[{"name":"wp","href":"https:\/\/api.w.org\/{rel}","templated":true}]}}