{"id":42815,"date":"2023-08-08T13:56:46","date_gmt":"2023-08-08T16:56:46","guid":{"rendered":"https:\/\/123empregos.com.br\/?p=42815"},"modified":"2023-08-08T13:56:46","modified_gmt":"2023-08-08T16:56:46","slug":"nova-lista-de-vagas-espacolaser-contrata-hoje-08-08-veja-as-oportunidades","status":"publish","type":"post","link":"https:\/\/99empregos.com.br\/blog\/nova-lista-de-vagas-espacolaser-contrata-hoje-08-08-veja-as-oportunidades\/","title":{"rendered":"NOVA LISTA DE VAGAS: Espa\u00e7olaser contrata HOJE (08\/08), veja as oportunidades!"},"content":{"rendered":"<div class=\"group w-full text-token-text-primary border-b border-black\/10 dark:border-gray-900\/50 bg-gray-50 dark:bg-[#444654]\">\n<div class=\"flex p-4 gap-4 text-base md:gap-6 md:max-w-2xl lg:max-w-[38rem] xl:max-w-3xl md:py-6 lg:px-0 m-auto\">\n<div class=\"relative flex w-[calc(100%-50px)] flex-col gap-1 md:gap-3 lg:w-[calc(100%-115px)]\">\n<div class=\"flex flex-grow flex-col gap-3\">\n<div class=\"min-h-[20px] flex flex-col items-start gap-3 overflow-x-auto whitespace-pre-wrap break-words\">\n<div class=\"markdown prose w-full break-words dark:prose-invert light\">\n<p>A Espa\u00e7olaser, empresa l\u00edder no ramo de est\u00e9tica e depila\u00e7\u00e3o a laser, acabou de anunciar a <span style=\"text-decoration: underline\"><a href=\"https:\/\/99empregos.com.br\/vaga\/gruposc-abre-novas-vagas-de-emprego-confira-aqui-2\/\">abertura de novas vagas de emprego<\/a><\/span> em sua companhia. Conhecida como refer\u00eancia em tecnologia avan\u00e7ada e servi\u00e7os de beleza, a companhia est\u00e1 em busca de profissionais qualificados e apaixonados para integrarem sua equipe dedicada. Existe uma variedade de oportunidades dispon\u00edveis, confira abaixo a lista completa:<\/p>\n<ul>\n<li>Analista de CRM J\u00fanior, S\u00e3o Paulo &#8211; SP;<\/li>\n<li>Analista de Manuten\u00e7\u00e3o T\u00e9cnica J\u00fanior, S\u00e3o Paulo &#8211; SP;<\/li>\n<li>Assistente de RH &#8211; Departamento Pessoal, S\u00e3o Paulo &#8211; SP;<\/li>\n<li>Assistente de RH &#8211; Recrutamento e Sele\u00e7\u00e3o, S\u00e3o Paulo &#8211; SP;<\/li>\n<li>Auxiliar de Atendimento, S\u00e3o Paulo &#8211; SP;<\/li>\n<li>Biom\u00e9dica &#8211; Especialista do Laser, Ca\u00e7apava;<\/li>\n<li>Biom\u00e9dica &#8211; Especialista do Laser, Sert\u00e3ozinho;<\/li>\n<li>Biom\u00e9dica &#8211; Especialista do Laser, Piracicaba;<\/li>\n<li>Biom\u00e9dica &#8211; Especialista do Laser, Araras;<\/li>\n<li>Biom\u00e9dica &#8211; Especialista do Laser, Piracicaba.<\/li>\n<\/ul>\n<figure id=\"attachment_31115\" aria-describedby=\"caption-attachment-31115\" style=\"width: 1200px\" class=\"wp-caption aligncenter\"><img decoding=\"async\" class=\"size-full wp-image-31115\" src=\"https:\/\/99empregos.com.br\/blog\/wp-content\/uploads\/2023\/04\/espaco-laser-vagas-2023.jpg\" alt=\"A Espa\u00e7olaser est\u00e1 com novas vagas de emprego, confira quais s\u00e3o as oportunidades e saiba como se candidatar. Foto: Divulga\u00e7\u00e3o\" width=\"1200\" height=\"650\" srcset=\"https:\/\/99empregos.com.br\/blog\/wp-content\/uploads\/2023\/04\/espaco-laser-vagas-2023.jpg 1200w, https:\/\/99empregos.com.br\/blog\/wp-content\/uploads\/2023\/04\/espaco-laser-vagas-2023-300x163.jpg 300w, https:\/\/99empregos.com.br\/blog\/wp-content\/uploads\/2023\/04\/espaco-laser-vagas-2023-1024x555.jpg 1024w, https:\/\/99empregos.com.br\/blog\/wp-content\/uploads\/2023\/04\/espaco-laser-vagas-2023-768x416.jpg 768w\" sizes=\"(max-width: 1200px) 100vw, 1200px\" \/><figcaption id=\"caption-attachment-31115\" class=\"wp-caption-text\">A Espa\u00e7olaser est\u00e1 com novas vagas de emprego, confira quais s\u00e3o as oportunidades e saiba como se candidatar. Foto: Divulga\u00e7\u00e3o<\/figcaption><\/figure>\n<h3>Mais informa\u00e7\u00f5es sobre a Espa\u00e7olaser<\/h3>\n<p>Uma empresa feita por milhares de pessoas com o cora\u00e7\u00e3o azul e um s\u00f3 prop\u00f3sito: proporcionar bem-estar para nossos colaboradores e todas as pessoas que querem viver sem pelos indesejados. Fundada em 2004, somos a maior empresa de depila\u00e7\u00e3o a laser do Brasil, com mais de 700 unidades presentes em todos os estados, e tamb\u00e9m opera\u00e7\u00f5es na Am\u00e9rica Latina: Definit na Argentina, Espa\u00e7olaser tamb\u00e9m na Col\u00f4mbia e Paraguai e Cela no Chile. Al\u00e9m das marcas do grupo Espa\u00e7olaser, comandamos tamb\u00e9m a Estudioface, rede de cl\u00ednicas focada em rejuvenescimento e est\u00e9tica facial, com tratamentos que previnem o envelhecimento cut\u00e2neo.<\/p>\n<h3>Como se candidatar?<\/h3>\n<p>Os interessados nas vagas abertas podem se candidatar <strong><span style=\"text-decoration: underline\"><a href=\"https:\/\/99empregos.com.br\/vaga\/espacolaser-abre-novas-vagas-confira-2\/\">CLICANDO NESTE LINK<\/a> <\/span><\/strong>e enviando o seu curr\u00edculo agora mesmo. Esta \u00e9 uma chance \u00fanica de contribuir para projetos empolgantes e desenvolver habilidades especiais em uma empresa refer\u00eancia, n\u00e3o perca a oportunidade. A equipe do 123 Empregos te deseja uma boa sorte!<\/p>\n<\/div>\n<\/div>\n<\/div>\n<\/div>\n<\/div>\n<\/div>\n","protected":false},"excerpt":{"rendered":"<p>A Espa\u00e7olaser, empresa l\u00edder no ramo de est\u00e9tica e depila\u00e7\u00e3o a laser, acabou de anunciar a abertura de novas vagas de emprego em sua companhia. Conhecida como refer\u00eancia em tecnologia avan\u00e7ada e servi\u00e7os de beleza, a companhia est\u00e1 em busca de profissionais qualificados e apaixonados para integrarem sua equipe dedicada. Existe uma variedade de oportunidades [&hellip;]<\/p>\n","protected":false},"author":8,"featured_media":41924,"comment_status":"open","ping_status":"closed","sticky":false,"template":"","format":"standard","meta":{"footnotes":""},"categories":[7],"tags":[1544,5,1017,734,781,37],"class_list":["post-42815","post","type-post","status-publish","format-standard","has-post-thumbnail","hentry","category-noticias","tag-1544","tag-empregos","tag-espacolaser","tag-novas-vagas","tag-oportunidades","tag-vagas"],"_links":{"self":[{"href":"https:\/\/99empregos.com.br\/blog\/wp-json\/wp\/v2\/posts\/42815","targetHints":{"allow":["GET"]}}],"collection":[{"href":"https:\/\/99empregos.com.br\/blog\/wp-json\/wp\/v2\/posts"}],"about":[{"href":"https:\/\/99empregos.com.br\/blog\/wp-json\/wp\/v2\/types\/post"}],"author":[{"embeddable":true,"href":"https:\/\/99empregos.com.br\/blog\/wp-json\/wp\/v2\/users\/8"}],"replies":[{"embeddable":true,"href":"https:\/\/99empregos.com.br\/blog\/wp-json\/wp\/v2\/comments?post=42815"}],"version-history":[{"count":0,"href":"https:\/\/99empregos.com.br\/blog\/wp-json\/wp\/v2\/posts\/42815\/revisions"}],"wp:featuredmedia":[{"embeddable":true,"href":"https:\/\/99empregos.com.br\/blog\/wp-json\/wp\/v2\/media\/41924"}],"wp:attachment":[{"href":"https:\/\/99empregos.com.br\/blog\/wp-json\/wp\/v2\/media?parent=42815"}],"wp:term":[{"taxonomy":"category","embeddable":true,"href":"https:\/\/99empregos.com.br\/blog\/wp-json\/wp\/v2\/categories?post=42815"},{"taxonomy":"post_tag","embeddable":true,"href":"https:\/\/99empregos.com.br\/blog\/wp-json\/wp\/v2\/tags?post=42815"}],"curies":[{"name":"wp","href":"https:\/\/api.w.org\/{rel}","templated":true}]}}