{"id":42904,"date":"2023-08-09T14:26:12","date_gmt":"2023-08-09T17:26:12","guid":{"rendered":"https:\/\/123empregos.com.br\/?p=42904"},"modified":"2023-08-09T14:26:12","modified_gmt":"2023-08-09T17:26:12","slug":"salarios-divulgados-serede-abre-novo-processo-seletivo-veja-as-vagas-e-candidate-se","status":"publish","type":"post","link":"https:\/\/99empregos.com.br\/blog\/salarios-divulgados-serede-abre-novo-processo-seletivo-veja-as-vagas-e-candidate-se\/","title":{"rendered":"SAL\u00c1RIOS DIVULGADOS: Serede abre novo processo seletivo, veja as vagas e candidate-se!"},"content":{"rendered":"<div class=\"group w-full text-token-text-primary border-b border-black\/10 dark:border-gray-900\/50 bg-gray-50 dark:bg-[#444654]\">\n<div class=\"flex p-4 gap-4 text-base md:gap-6 md:max-w-2xl lg:max-w-[38rem] xl:max-w-3xl md:py-6 lg:px-0 m-auto\">\n<div class=\"relative flex w-[calc(100%-50px)] flex-col gap-1 md:gap-3 lg:w-[calc(100%-115px)]\">\n<div class=\"flex flex-grow flex-col gap-3\">\n<div class=\"min-h-[20px] flex flex-col items-start gap-3 overflow-x-auto whitespace-pre-wrap break-words\">\n<div class=\"result-streaming markdown prose w-full break-words dark:prose-invert light\">\n<p>A Serede, uma empresa de destaque no segmento de servi\u00e7os de telecomunica\u00e7\u00f5es, anuncia a abertura de <span style=\"text-decoration: underline\"><a href=\"https:\/\/99empregos.com.br\/vaga\/grupo-petropolis-abre-novas-vagas-de-emprego-confira\/\">diversas vagas de emprego<\/a><\/span>. As oportunidades contemplam diferentes \u00e1reas e t\u00eam como objetivo a incorpora\u00e7\u00e3o de novos profissionais \u00e0 equipe. A empresa busca indiv\u00edduos comprometidos e din\u00e2micos, dispostos a contribuir para a excel\u00eancia dos servi\u00e7os prestados. Com um hist\u00f3rico s\u00f3lido de atua\u00e7\u00e3o e inova\u00e7\u00e3o no mercado, a Serede oferece um ambiente prop\u00edcio ao crescimento profissional e desenvolvimento de habilidades. Confira abaixo a lista completa de vagas:<\/p>\n<ul>\n<li style=\"font-weight: 400\"><span style=\"font-weight: 400\">Atendente de Controle 6H (PcD) &#8211; Salvador\/BA,<\/span><\/li>\n<li style=\"font-weight: 400\"><span style=\"font-weight: 400\">Auxiliar de Produ\u00e7\u00e3o &#8211; Aracaju\/SE,<\/span><\/li>\n<li style=\"font-weight: 400\"><span style=\"font-weight: 400\">Auxiliar de Produ\u00e7\u00e3o &#8211; Feira de Santana\/BA,<\/span><\/li>\n<li style=\"font-weight: 400\"><span style=\"font-weight: 400\">Auxiliar de Produ\u00e7\u00e3o &#8211; Itabuna\/BA,<\/span><\/li>\n<li style=\"font-weight: 400\"><span style=\"font-weight: 400\">Auxiliar de Produ\u00e7\u00e3o &#8211; Macei\u00f3\/AL,<\/span><\/li>\n<li style=\"font-weight: 400\"><span style=\"font-weight: 400\">Auxiliar de Produ\u00e7\u00e3o &#8211; Salvador\/BA,<\/span><\/li>\n<li style=\"font-weight: 400\"><span style=\"font-weight: 400\">Auxiliar de Produ\u00e7\u00e3o &#8211; Vit\u00f3ria da Conquista\/BA,<\/span><\/li>\n<li style=\"font-weight: 400\"><span style=\"font-weight: 400\">Banco de Talentos &#8211; Operador Painel Solar &#8211; Brasil &#8211; Rio de Janeiro\/RJ,<\/span><\/li>\n<li style=\"font-weight: 400\"><span style=\"font-weight: 400\">Banco PcD &#8211; Brasil,<\/span><\/li>\n<li style=\"font-weight: 400\"><span style=\"font-weight: 400\"><span style=\"font-weight: 400\">Gerente Opera\u00e7\u00f5es Servi\u00e7o ao Cliente &#8211; Recife\/PE.<\/span><\/span>\n<p><figure id=\"attachment_19128\" aria-describedby=\"caption-attachment-19128\" style=\"width: 1200px\" class=\"wp-caption aligncenter\"><img decoding=\"async\" class=\"size-full wp-image-19128\" src=\"https:\/\/99empregos.com.br\/blog\/wp-content\/uploads\/2023\/01\/serede-vagas-2023-1.jpg\" alt=\"Serede abre novas vagas de emprego, confira as oportunidades. Foto: Divulga\u00e7\u00e3o\" width=\"1200\" height=\"700\" srcset=\"https:\/\/99empregos.com.br\/blog\/wp-content\/uploads\/2023\/01\/serede-vagas-2023-1.jpg 1200w, https:\/\/99empregos.com.br\/blog\/wp-content\/uploads\/2023\/01\/serede-vagas-2023-1-300x175.jpg 300w, https:\/\/99empregos.com.br\/blog\/wp-content\/uploads\/2023\/01\/serede-vagas-2023-1-1024x597.jpg 1024w, https:\/\/99empregos.com.br\/blog\/wp-content\/uploads\/2023\/01\/serede-vagas-2023-1-768x448.jpg 768w\" sizes=\"(max-width: 1200px) 100vw, 1200px\" \/><figcaption id=\"caption-attachment-19128\" class=\"wp-caption-text\">Serede abre novas vagas de emprego, confira as oportunidades. Foto: Divulga\u00e7\u00e3o<\/figcaption><\/figure><\/li>\n<\/ul>\n<h3>Mais informa\u00e7\u00f5es sobre a Serede<\/h3>\n<p>Fomos reunidos por nossas capacidades. Juntos, aprendemos e nos aperfei\u00e7oamos. Nos tornamos um time unido e coeso, que vem construindo um jeito pr\u00f3prio de realizar. Acreditamos na meritocracia, valorizamos o crescimento pessoal e o aprimoramento profissional. Somos guiados por resultados, e especialistas em servir com excel\u00eancia e seguran\u00e7a. Porque temos consci\u00eancia de nossa responsabilidade em impactar positivamente a vida de nossos clientes.<\/p>\n<h3>Como se candidatar?<\/h3>\n<p>Se voc\u00ea encontrou uma vaga de emprego que se encaixa no seu perfil profissional, \u00e9 s\u00f3 <strong><span style=\"text-decoration: underline\"><a href=\"https:\/\/99empregos.com.br\/vaga\/serede-abre-novas-vagas-candidate-se-aqui\/\">CLICAR NESTE LINK AQUI<\/a> <\/span><\/strong>para se candidatar agora mesmo e enviar o seu curr\u00edculo. Antes de confirmar a sua inscri\u00e7\u00e3o, confira se os seus dados est\u00e3o completamente atualizados. A equipe do 123 Empregos te deseja uma boa sorte!<\/p>\n<\/div>\n<\/div>\n<\/div>\n<\/div>\n<\/div>\n<\/div>\n","protected":false},"excerpt":{"rendered":"<p>A Serede, uma empresa de destaque no segmento de servi\u00e7os de telecomunica\u00e7\u00f5es, anuncia a abertura de diversas vagas de emprego. As oportunidades contemplam diferentes \u00e1reas e t\u00eam como objetivo a incorpora\u00e7\u00e3o de novos profissionais \u00e0 equipe. A empresa busca indiv\u00edduos comprometidos e din\u00e2micos, dispostos a contribuir para a excel\u00eancia dos servi\u00e7os prestados. Com um hist\u00f3rico [&hellip;]<\/p>\n","protected":false},"author":8,"featured_media":19129,"comment_status":"open","ping_status":"closed","sticky":false,"template":"","format":"standard","meta":{"footnotes":""},"categories":[7],"tags":[1544,5,3251,2030,37],"class_list":["post-42904","post","type-post","status-publish","format-standard","has-post-thumbnail","hentry","category-noticias","tag-1544","tag-empregos","tag-salarios","tag-serede","tag-vagas"],"_links":{"self":[{"href":"https:\/\/99empregos.com.br\/blog\/wp-json\/wp\/v2\/posts\/42904","targetHints":{"allow":["GET"]}}],"collection":[{"href":"https:\/\/99empregos.com.br\/blog\/wp-json\/wp\/v2\/posts"}],"about":[{"href":"https:\/\/99empregos.com.br\/blog\/wp-json\/wp\/v2\/types\/post"}],"author":[{"embeddable":true,"href":"https:\/\/99empregos.com.br\/blog\/wp-json\/wp\/v2\/users\/8"}],"replies":[{"embeddable":true,"href":"https:\/\/99empregos.com.br\/blog\/wp-json\/wp\/v2\/comments?post=42904"}],"version-history":[{"count":0,"href":"https:\/\/99empregos.com.br\/blog\/wp-json\/wp\/v2\/posts\/42904\/revisions"}],"wp:featuredmedia":[{"embeddable":true,"href":"https:\/\/99empregos.com.br\/blog\/wp-json\/wp\/v2\/media\/19129"}],"wp:attachment":[{"href":"https:\/\/99empregos.com.br\/blog\/wp-json\/wp\/v2\/media?parent=42904"}],"wp:term":[{"taxonomy":"category","embeddable":true,"href":"https:\/\/99empregos.com.br\/blog\/wp-json\/wp\/v2\/categories?post=42904"},{"taxonomy":"post_tag","embeddable":true,"href":"https:\/\/99empregos.com.br\/blog\/wp-json\/wp\/v2\/tags?post=42904"}],"curies":[{"name":"wp","href":"https:\/\/api.w.org\/{rel}","templated":true}]}}