{"id":42915,"date":"2023-08-09T14:38:27","date_gmt":"2023-08-09T17:38:27","guid":{"rendered":"https:\/\/123empregos.com.br\/?p=42915"},"modified":"2025-04-30T16:09:30","modified_gmt":"2025-04-30T19:09:30","slug":"vagas-em-todo-brasil-grendene-anuncia-nova-lista-com-oportunidades-confira","status":"publish","type":"post","link":"https:\/\/99empregos.com.br\/blog\/vagas-em-todo-brasil-grendene-anuncia-nova-lista-com-oportunidades-confira\/","title":{"rendered":"VAGAS EM TODO BRASIL: Grendene anuncia nova lista com oportunidades, confira"},"content":{"rendered":"<div class=\"group w-full text-token-text-primary border-b border-black\/10 dark:border-gray-900\/50 bg-gray-50 dark:bg-[#444654]\">\n<div class=\"flex p-4 gap-4 text-base md:gap-6 md:max-w-2xl lg:max-w-[38rem] xl:max-w-3xl md:py-6 lg:px-0 m-auto\">\n<div class=\"relative flex w-[calc(100%-50px)] flex-col gap-1 md:gap-3 lg:w-[calc(100%-115px)]\">\n<div class=\"flex flex-grow flex-col gap-3\">\n<div class=\"min-h-[20px] flex flex-col items-start gap-3 overflow-x-auto whitespace-pre-wrap break-words\">\n<div class=\"markdown prose w-full break-words dark:prose-invert light\">\n<p>A <a href=\"https:\/\/grendene.com.br\/\" target=\"_blank\" rel=\"noopener\">Grendene<\/a>, empresa reconhecida no setor cal\u00e7adista, anunciou h\u00e1 pouco a aberutra de <span style=\"text-decoration: underline\"><a href=\"https:\/\/99empregos.com.br\/vaga\/copastur-abre-novas-vagas-de-emprego-confira-2\/\">novas vagas de emprego<\/a> <\/span>em diferentes \u00e1reas da sua companhia. As oportunidades proporcionam um ambiente prop\u00edcio para o crescimento profissional e o aprimoramento de habilidades. A Grendene valoriza a diversidade e est\u00e1 \u00e0 procura de indiv\u00edduos comprometidos e alinhados com sua cultura corporativa. Os interessados podem conferir abaixo a lista completa de vagas:<\/p>\n<ul>\n<li style=\"font-weight: 400\"><span style=\"font-weight: 400\">Analista de Comunica\u00e7\u00e3o Interna | Recursos Humanos, Farroupilha &#8211; RS;<\/span><\/li>\n<li style=\"font-weight: 400\"><span style=\"font-weight: 400\">Analista de Inova\u00e7\u00e3o de TI, Farroupilha &#8211; RS;<\/span><\/li>\n<li style=\"font-weight: 400\"><span style=\"font-weight: 400\">Analista de Marca e Comunica\u00e7\u00e3o Ipanema &#8211; Mercado Externo, Farroupilha &#8211; RS e H\u00edbrido;<\/span><\/li>\n<li style=\"font-weight: 400\"><span style=\"font-weight: 400\">Analista de Planejamento e Performance Comercial &#8211; Franquias Melissa, Trabalho Remoto;<\/span><\/li>\n<li style=\"font-weight: 400\"><span style=\"font-weight: 400\">Analista de Remunera\u00e7\u00e3o e Performance | Recursos Humanos, Farroupilha &#8211; RS;<\/span><\/li>\n<li style=\"font-weight: 400\"><span style=\"font-weight: 400\">Assistente de Compras, Farroupilha &#8211; RS;<\/span><\/li>\n<li style=\"font-weight: 400\"><span style=\"font-weight: 400\">Banco de Talentos Geral- Todas Unidades, Banco de talentos;<\/span><\/li>\n<li style=\"font-weight: 400\"><span style=\"font-weight: 400\">Banco de Talentos Grendene (\u00c1rea Produtiva)- Unidade Crato, Crato &#8211; CE;<\/span><\/li>\n<li style=\"font-weight: 400\"><span style=\"font-weight: 400\">Consultor(a) de Neg\u00f3cios de Franquia &#8211; Macei\u00f3\/ Alagoas, Macei\u00f3 &#8211; AL.<\/span><\/li>\n<\/ul>\n<figure id=\"attachment_39260\" aria-describedby=\"caption-attachment-39260\" style=\"width: 1200px\" class=\"wp-caption aligncenter\"><img decoding=\"async\" class=\"size-full wp-image-39260\" src=\"https:\/\/99empregos.com.br\/blog\/wp-content\/uploads\/2023\/07\/grendene-vagas-2023.jpg\" alt=\"NOVAS VAGAS: Grendene est\u00e1 contratando, confira as oportunidades e candidate-se. Foto: Reprodu\u00e7\u00e3o\" width=\"1200\" height=\"675\" srcset=\"https:\/\/99empregos.com.br\/blog\/wp-content\/uploads\/2023\/07\/grendene-vagas-2023.jpg 1200w, https:\/\/99empregos.com.br\/blog\/wp-content\/uploads\/2023\/07\/grendene-vagas-2023-300x169.jpg 300w, https:\/\/99empregos.com.br\/blog\/wp-content\/uploads\/2023\/07\/grendene-vagas-2023-1024x576.jpg 1024w, https:\/\/99empregos.com.br\/blog\/wp-content\/uploads\/2023\/07\/grendene-vagas-2023-768x432.jpg 768w\" sizes=\"(max-width: 1200px) 100vw, 1200px\" \/><figcaption id=\"caption-attachment-39260\" class=\"wp-caption-text\">NOVAS VAGAS: Grendene est\u00e1 contratando, confira as oportunidades e candidate-se. Foto: Reprodu\u00e7\u00e3o<\/figcaption><\/figure>\n<h3>Mais informa\u00e7\u00f5es sobre a Grendene<\/h3>\n<p>A nossa hist\u00f3ria \u00e9 constru\u00edda h\u00e1 mais de 50 anos por m\u00e3os que realizam e expressam seu amor em tudo o que fazem! Nosso principal recurso s\u00e3o as pessoas, \u00e9 atrav\u00e9s do engajamento e da dedica\u00e7\u00e3o delas que os nossos produtos chegam aos p\u00e9s dos nossos consumidores. Somos comprometidos com o futuro, por isso, buscamos constantemente por solu\u00e7\u00f5es que garantam a efici\u00eancia dos nossos processos, reduzam desperd\u00edcios e contribuam para o bem-estar dos nossos colaboradores e da comunidade.<\/p>\n<h3>Como enviar meu curr\u00edculo para a empresa?<\/h3>\n<p>Se voc\u00ea encontrou uma vaga de emprego que se encaixa no seu perfil profissional, \u00e9 s\u00f3 <strong><span style=\"text-decoration: underline\"><a href=\"https:\/\/99empregos.com.br\/vaga\/grendene-abre-novas-vagas-confira-aqui\/\">CLICAR NESTE LINK AQUI<\/a><\/span><\/strong> para se candidatar agora mesmo e enviar o seu curr\u00edculo. Antes de confirmar a sua inscri\u00e7\u00e3o, confira se os seus dados est\u00e3o completamente atualizados. A equipe do 123 Empregos te deseja uma boa sorte!<\/p>\n<\/div>\n<\/div>\n<\/div>\n<\/div>\n<\/div>\n<\/div>\n","protected":false},"excerpt":{"rendered":"<p>A Grendene, empresa reconhecida no setor cal\u00e7adista, anunciou h\u00e1 pouco a aberutra de novas vagas de emprego em diferentes \u00e1reas da sua companhia. As oportunidades proporcionam um ambiente prop\u00edcio para o crescimento profissional e o aprimoramento de habilidades. A Grendene valoriza a diversidade e est\u00e1 \u00e0 procura de indiv\u00edduos comprometidos e alinhados com sua cultura [&hellip;]<\/p>\n","protected":false},"author":8,"featured_media":39261,"comment_status":"open","ping_status":"closed","sticky":false,"template":"","format":"standard","meta":{"footnotes":""},"categories":[7],"tags":[2500,3312,734,3251,37],"class_list":["post-42915","post","type-post","status-publish","format-standard","has-post-thumbnail","hentry","category-noticias","tag-empregos-hoje","tag-grendene","tag-novas-vagas","tag-salarios","tag-vagas"],"_links":{"self":[{"href":"https:\/\/99empregos.com.br\/blog\/wp-json\/wp\/v2\/posts\/42915","targetHints":{"allow":["GET"]}}],"collection":[{"href":"https:\/\/99empregos.com.br\/blog\/wp-json\/wp\/v2\/posts"}],"about":[{"href":"https:\/\/99empregos.com.br\/blog\/wp-json\/wp\/v2\/types\/post"}],"author":[{"embeddable":true,"href":"https:\/\/99empregos.com.br\/blog\/wp-json\/wp\/v2\/users\/8"}],"replies":[{"embeddable":true,"href":"https:\/\/99empregos.com.br\/blog\/wp-json\/wp\/v2\/comments?post=42915"}],"version-history":[{"count":0,"href":"https:\/\/99empregos.com.br\/blog\/wp-json\/wp\/v2\/posts\/42915\/revisions"}],"wp:featuredmedia":[{"embeddable":true,"href":"https:\/\/99empregos.com.br\/blog\/wp-json\/wp\/v2\/media\/39261"}],"wp:attachment":[{"href":"https:\/\/99empregos.com.br\/blog\/wp-json\/wp\/v2\/media?parent=42915"}],"wp:term":[{"taxonomy":"category","embeddable":true,"href":"https:\/\/99empregos.com.br\/blog\/wp-json\/wp\/v2\/categories?post=42915"},{"taxonomy":"post_tag","embeddable":true,"href":"https:\/\/99empregos.com.br\/blog\/wp-json\/wp\/v2\/tags?post=42915"}],"curies":[{"name":"wp","href":"https:\/\/api.w.org\/{rel}","templated":true}]}}