{"id":43501,"date":"2023-08-18T13:42:32","date_gmt":"2023-08-18T16:42:32","guid":{"rendered":"https:\/\/123empregos.com.br\/?p=43501"},"modified":"2025-04-30T16:10:05","modified_gmt":"2025-04-30T19:10:05","slug":"empregos-disponiveis-em-obras-e-construcao-grupo-af-contrata-confira-os-salarios","status":"publish","type":"post","link":"https:\/\/99empregos.com.br\/blog\/empregos-disponiveis-em-obras-e-construcao-grupo-af-contrata-confira-os-salarios\/","title":{"rendered":"Empregos dispon\u00edveis em OBRAS e CONSTRU\u00c7\u00c3O: Grupo AF contrata, confira os sal\u00e1rios!"},"content":{"rendered":"<div class=\"group w-full text-token-text-primary border-b border-black\/10 dark:border-gray-900\/50 bg-gray-50 dark:bg-[#444654]\">\n<div class=\"flex p-4 gap-4 text-base md:gap-6 md:max-w-2xl lg:max-w-[38rem] xl:max-w-3xl md:py-6 lg:px-0 m-auto\">\n<div class=\"relative flex w-[calc(100%-50px)] flex-col gap-1 md:gap-3 lg:w-[calc(100%-115px)]\">\n<div class=\"flex flex-grow flex-col gap-3\">\n<div class=\"min-h-[20px] flex flex-col items-start gap-3 overflow-x-auto whitespace-pre-wrap break-words\">\n<div class=\"markdown prose w-full break-words dark:prose-invert light\">\n<p>O Grupo <a href=\"https:\/\/afonsofranca.com.br\/\" target=\"_blank\" rel=\"noopener\">Afonso Fran\u00e7a<\/a>, organiza\u00e7\u00e3o de destaque no setor de constru\u00e7\u00e3o e engenharia, est\u00e1 em<span style=\"text-decoration: underline\"><a href=\"https:\/\/99empregos.com.br\/vaga\/grupo-fertipar-abre-novas-vagas-de-emprego-confira-as-oportunidades\/\"> busca de novos profissionais<\/a><\/span> para integrarem as suas equipes em S\u00e3o Paulo (SP) e no Rio de Janeiro (RJ). Com uma ampla gama de vagas dispon\u00edveis, desde fun\u00e7\u00f5es em engenharia civil at\u00e9 cargos em gest\u00e3o de projetos e \u00e1reas administrativas, esta \u00e9 a chance perfeita para aqueles que desejam fazer parte de uma empresa que promove a excel\u00eancia na entrega de empreendimentos de alta qualidade. Antes de se candidatar, confira as vagas abertas por l\u00e1:<\/p>\n<ul>\n<li style=\"font-weight: 400\"><span style=\"font-weight: 400\">Administrativo de Obras &#8211; Rio de Janeiro, RJ;<\/span><\/li>\n<li style=\"font-weight: 400\"><span style=\"font-weight: 400\">Almoxarife &#8211; Rio de Janeiro, RJ;<\/span><\/li>\n<li style=\"font-weight: 400\"><span style=\"font-weight: 400\">Analista de Incorpora\u00e7\u00e3o &#8211; S\u00e3o Paulo, SP;<\/span><\/li>\n<li style=\"font-weight: 400\"><span style=\"font-weight: 400\">Analista KPIS Hortol\u00e2ndia &#8211; S\u00e3o Paulo, Hortol\u00e2ndia, SP;<\/span><\/li>\n<li style=\"font-weight: 400\"><span style=\"font-weight: 400\">Aprendiz T\u00e9cnico em Administra\u00e7\u00e3o &#8211; S\u00e3o Paulo, SP;<\/span><\/li>\n<li style=\"font-weight: 400\"><span style=\"font-weight: 400\">Arquiteto Itaim Bibi &#8211; S\u00e3o Paulo, SP;<\/span><\/li>\n<li style=\"font-weight: 400\"><span style=\"font-weight: 400\">Arquiteto Santana de Parna\u00edba &#8211; Santana de Parna\u00edba, SP;<\/span><\/li>\n<li style=\"font-weight: 400\"><span style=\"font-weight: 400\">Arquiteto S\u00e3o Paulo &#8211; S\u00e3o Paulo, SP;<\/span><\/li>\n<li style=\"font-weight: 400\"><span style=\"font-weight: 400\">Assistente Administrativo &#8211; Franco da Rocha, SP;<\/span><\/li>\n<li style=\"font-weight: 400\"><span style=\"font-weight: 400\">Assistente Cont\u00e1bil PCD &#8211; S\u00e3o Paulo, SP.<\/span><\/li>\n<\/ul>\n<figure id=\"attachment_39497\" aria-describedby=\"caption-attachment-39497\" style=\"width: 1200px\" class=\"wp-caption aligncenter\"><img decoding=\"async\" class=\"size-full wp-image-39497\" src=\"https:\/\/99empregos.com.br\/blog\/wp-content\/uploads\/2023\/07\/afonso-franca-vagas-2023.jpg\" alt=\"O Grupo Afonso Fran\u00e7a est\u00e1 com NOVAS VAGAS DE EMPREGO abertas, confira as oportunidades abaixo. Foto: Reprodu\u00e7\u00e3o\" width=\"1200\" height=\"650\" srcset=\"https:\/\/99empregos.com.br\/blog\/wp-content\/uploads\/2023\/07\/afonso-franca-vagas-2023.jpg 1200w, https:\/\/99empregos.com.br\/blog\/wp-content\/uploads\/2023\/07\/afonso-franca-vagas-2023-300x163.jpg 300w, https:\/\/99empregos.com.br\/blog\/wp-content\/uploads\/2023\/07\/afonso-franca-vagas-2023-1024x555.jpg 1024w, https:\/\/99empregos.com.br\/blog\/wp-content\/uploads\/2023\/07\/afonso-franca-vagas-2023-768x416.jpg 768w\" sizes=\"(max-width: 1200px) 100vw, 1200px\" \/><figcaption id=\"caption-attachment-39497\" class=\"wp-caption-text\">O Grupo Afonso Fran\u00e7a est\u00e1 com NOVAS VAGAS DE EMPREGO abertas, confira as oportunidades abaixo. Foto: Reprodu\u00e7\u00e3o<\/figcaption><\/figure>\n<h3>Mais informa\u00e7\u00f5es sobre o Grupo Afonso Fran\u00e7a<\/h3>\n<p>O Grupo Afonso Fran\u00e7a surgiu a partir da necessidade do mercado em contar com empresas especializadas em diferentes \u00e1reas de atua\u00e7\u00e3o. Neste sentido, as empresas que comp\u00f5em o grupo possuem equipes preparadas para entregar com qualidade e seguran\u00e7a solu\u00e7\u00f5es inteligentes aos nossos clientes.<\/p>\n<h3>Como se candidatar?<\/h3>\n<p>Encontrou aquela vaga que tanto queria? Para se candidatar, <strong><span style=\"text-decoration: underline\"><a href=\"https:\/\/99empregos.com.br\/vaga\/grupo-af-abre-novas-vagas-veja-aqui\/\">CLIQUE NESTE LINK AQUI<\/a><\/span><\/strong> e envie o seu curr\u00edculo para a companhia agora mesmo. Caso seja notificado sobre o interesse da companhia, n\u00e3o esque\u00e7a de mencionar o 123 Empregos. Boa sorte com o seu processo de candidatura!<\/p>\n<\/div>\n<\/div>\n<\/div>\n<\/div>\n<\/div>\n<\/div>\n","protected":false},"excerpt":{"rendered":"<p>O Grupo Afonso Fran\u00e7a, organiza\u00e7\u00e3o de destaque no setor de constru\u00e7\u00e3o e engenharia, est\u00e1 em busca de novos profissionais para integrarem as suas equipes em S\u00e3o Paulo (SP) e no Rio de Janeiro (RJ). Com uma ampla gama de vagas dispon\u00edveis, desde fun\u00e7\u00f5es em engenharia civil at\u00e9 cargos em gest\u00e3o de projetos e \u00e1reas administrativas, [&hellip;]<\/p>\n","protected":false},"author":8,"featured_media":22687,"comment_status":"open","ping_status":"closed","sticky":false,"template":"","format":"standard","meta":{"footnotes":""},"categories":[7],"tags":[1544,2529,5,3251,37],"class_list":["post-43501","post","type-post","status-publish","format-standard","has-post-thumbnail","hentry","category-noticias","tag-1544","tag-afonso-franca","tag-empregos","tag-salarios","tag-vagas"],"_links":{"self":[{"href":"https:\/\/99empregos.com.br\/blog\/wp-json\/wp\/v2\/posts\/43501","targetHints":{"allow":["GET"]}}],"collection":[{"href":"https:\/\/99empregos.com.br\/blog\/wp-json\/wp\/v2\/posts"}],"about":[{"href":"https:\/\/99empregos.com.br\/blog\/wp-json\/wp\/v2\/types\/post"}],"author":[{"embeddable":true,"href":"https:\/\/99empregos.com.br\/blog\/wp-json\/wp\/v2\/users\/8"}],"replies":[{"embeddable":true,"href":"https:\/\/99empregos.com.br\/blog\/wp-json\/wp\/v2\/comments?post=43501"}],"version-history":[{"count":0,"href":"https:\/\/99empregos.com.br\/blog\/wp-json\/wp\/v2\/posts\/43501\/revisions"}],"wp:featuredmedia":[{"embeddable":true,"href":"https:\/\/99empregos.com.br\/blog\/wp-json\/wp\/v2\/media\/22687"}],"wp:attachment":[{"href":"https:\/\/99empregos.com.br\/blog\/wp-json\/wp\/v2\/media?parent=43501"}],"wp:term":[{"taxonomy":"category","embeddable":true,"href":"https:\/\/99empregos.com.br\/blog\/wp-json\/wp\/v2\/categories?post=43501"},{"taxonomy":"post_tag","embeddable":true,"href":"https:\/\/99empregos.com.br\/blog\/wp-json\/wp\/v2\/tags?post=43501"}],"curies":[{"name":"wp","href":"https:\/\/api.w.org\/{rel}","templated":true}]}}