{"id":43685,"date":"2023-08-22T05:31:41","date_gmt":"2023-08-22T08:31:41","guid":{"rendered":"https:\/\/123empregos.com.br\/?p=43685"},"modified":"2023-08-22T05:31:41","modified_gmt":"2023-08-22T08:31:41","slug":"quer-trabalhar-em-setembro-confira-essas-novas-vagas-de-emprego-na-wyden-salarios-disponiveis","status":"publish","type":"post","link":"https:\/\/99empregos.com.br\/blog\/quer-trabalhar-em-setembro-confira-essas-novas-vagas-de-emprego-na-wyden-salarios-disponiveis\/","title":{"rendered":"Quer trabalhar em setembro? Confira essas novas vagas de emprego na Wyden, sal\u00e1rios dispon\u00edveis!"},"content":{"rendered":"<div class=\"group w-full text-token-text-primary border-b border-black\/10 dark:border-gray-900\/50 bg-gray-50 dark:bg-[#444654]\">\n<div class=\"flex p-4 gap-4 text-base md:gap-6 md:max-w-2xl lg:max-w-[38rem] xl:max-w-3xl md:py-6 lg:px-0 m-auto\">\n<div class=\"relative flex w-[calc(100%-50px)] flex-col gap-1 md:gap-3 lg:w-[calc(100%-115px)]\">\n<div class=\"flex flex-grow flex-col gap-3\">\n<div class=\"min-h-[20px] flex flex-col items-start gap-3 overflow-x-auto whitespace-pre-wrap break-words\">\n<div class=\"markdown prose w-full break-words dark:prose-invert light\">\n<p>A Wyden, uma institui\u00e7\u00e3o de ensino de renome no mercado brasileiro, acabou de anunciar a <span style=\"text-decoration: underline\"><a href=\"https:\/\/99empregos.com.br\/vaga\/indigo-abre-novas-vagas-de-emprego-confira-aqui\/\">abertura de novas vagas de emprego<\/a><\/span> em sua equipe, que segue crescendo. Comprometida em fornecer educa\u00e7\u00e3o superior de qualidade, a Wyden desempenha um papel crucial ao preparar estudantes para enfrentar os desafios do mundo profissional. Caso voc\u00ea tenha interesse por uma vaga de emprego no setor educacional, n\u00e3o deixe de conferir essa lista de vagas:<\/p>\n<ul>\n<li style=\"font-weight: 400\"><span style=\"font-weight: 400\">Assistente Administrativo 1 &#8211; Campinas, SP;<\/span><\/li>\n<li style=\"font-weight: 400\"><span style=\"font-weight: 400\">Assistente Administrativo III &#8211; UNIFAVIP &#8211; Caruaru, PE;<\/span><\/li>\n<li style=\"font-weight: 400\"><span style=\"font-weight: 400\">Auxiliar Administrativo-PCD &#8211; Campinas, SP;<\/span><\/li>\n<li style=\"font-weight: 400\"><span style=\"font-weight: 400\">Auxiliar Administrativo &#8211; Secretaria de Alunos &#8211; UNIFANOR &#8211; Fortaleza, CE;<\/span><\/li>\n<li style=\"font-weight: 400\"><span style=\"font-weight: 400\">Auxiliar Administrativo &#8211; UNIFAVIP &#8211; Caruaru, PE;<\/span><\/li>\n<li style=\"font-weight: 400\"><span style=\"font-weight: 400\">Auxiliar Servi\u00e7os Gerais &#8211; UNIFAVIP &#8211; Caruaru, PE;<\/span><\/li>\n<li style=\"font-weight: 400\"><span style=\"font-weight: 400\">Banco de Talentos &#8211; Professor Auxiliar I &#8211; Administra\u00e7\u00e3o &#8211; UNITOLEDO &#8211; Ara\u00e7atuba, SP;<\/span><\/li>\n<li style=\"font-weight: 400\"><span style=\"font-weight: 400\">Banco de Talentos &#8211; Professor Auxiliar I &#8211; Biomedicina &#8211; UNITOLEDO &#8211; Ara\u00e7atuba, SP;<\/span><\/li>\n<li style=\"font-weight: 400\"><span style=\"font-weight: 400\">Banco de Talentos &#8211; Professor Auxiliar I &#8211; Ci\u00eancias Cont\u00e1beis &#8211; UNITOLEDO &#8211; Ara\u00e7atuba, SP;<\/span><\/li>\n<li style=\"font-weight: 400\"><span style=\"font-weight: 400\">Banco de Talentos &#8211; Professor Auxiliar I &#8211; Direito &#8211; UNITOLEDO &#8211; Ara\u00e7atuba, SP;<\/span><\/li>\n<li style=\"font-weight: 400\"><span style=\"font-weight: 400\">Banco de Talentos &#8211; Professor Auxiliar I &#8211; Direito &#8211; UNITOLEDO &#8211; Ara\u00e7atuba, SP;<\/span><\/li>\n<li style=\"font-weight: 400\"><span style=\"font-weight: 400\">Banco de Talentos &#8211; Professor Auxiliar I &#8211; Direito &#8211; UNITOLEDO &#8211; Ara\u00e7atuba, SP;<\/span><\/li>\n<li style=\"font-weight: 400\"><span style=\"font-weight: 400\">Banco de Talentos &#8211; Professor Auxiliar I &#8211; Engenharia Agron\u00f4mica &#8211; UNITOLEDO &#8211; Ara\u00e7atuba, SP;<\/span><\/li>\n<li style=\"font-weight: 400\"><span style=\"font-weight: 400\">Banco de Talentos &#8211; Professor Auxiliar I &#8211; Engenharia Agron\u00f4mica &#8211; UNITOLEDO &#8211; Ara\u00e7atuba, SP.<\/span><\/li>\n<\/ul>\n<figure id=\"attachment_12058\" aria-describedby=\"caption-attachment-12058\" style=\"width: 1200px\" class=\"wp-caption aligncenter\"><img decoding=\"async\" class=\"size-full wp-image-12058\" src=\"https:\/\/99empregos.com.br\/wp-content\/uploads\/2022\/12\/wyden-vagas-2022.jpg\" alt=\"Wyden abre novas vagas, confira as oportunidades. Foto: Divulga\u00e7\u00e3o\" width=\"1200\" height=\"750\" srcset=\"https:\/\/99empregos.com.br\/blog\/wp-content\/uploads\/2022\/12\/wyden-vagas-2022.jpg 1200w, https:\/\/99empregos.com.br\/blog\/wp-content\/uploads\/2022\/12\/wyden-vagas-2022-300x188.jpg 300w, https:\/\/99empregos.com.br\/blog\/wp-content\/uploads\/2022\/12\/wyden-vagas-2022-1024x640.jpg 1024w, https:\/\/99empregos.com.br\/blog\/wp-content\/uploads\/2022\/12\/wyden-vagas-2022-768x480.jpg 768w\" sizes=\"(max-width: 1200px) 100vw, 1200px\" \/><figcaption id=\"caption-attachment-12058\" class=\"wp-caption-text\">Wyden abre novas vagas, confira as oportunidades. Foto: Divulga\u00e7\u00e3o<\/figcaption><\/figure>\n<h3>Mais informa\u00e7\u00f5es sobre a Wyden<\/h3>\n<p>Fazemos parte do grupo Yduqs e somos uma rede nacional com dez institui\u00e7\u00f5es de ensino superior. Com presen\u00e7a nas regi\u00f5es Norte, Nordeste e Sudeste do pa\u00eds, contamos com mais de 50 mil alunos e oferecemos cursos de gradua\u00e7\u00e3o e p\u00f3s-gradua\u00e7\u00e3o nas modalidades presencial, semipresencial e a dist\u00e2ncia. Qualidade de ensino e boa infraestrutura s\u00e3o dois pilares importantes para todas as nossas institui\u00e7\u00f5es. Somos refer\u00eancia de ensino nas regi\u00f5es onde atuamos, acompanhando as melhores pr\u00e1ticas da academia e do mercado.<\/p>\n<h3>Guia completo para se candidatar \u00e0s vagas de emprego na Wyden<\/h3>\n<p>Se voc\u00ea encontrou uma oportunidade de emprego que se encaixa com o seu perfil profissional, <strong><span style=\"text-decoration: underline\"><a href=\"https:\/\/99empregos.com.br\/vaga\/wyden-abre-novas-vagas-de-emprego-na-educacao-veja-a-lista-aqui\/\">CLIQUE NESTE LINK AQUI<\/a> <\/span><\/strong>para se candidatar agora mesmo. Antes de confirmar a sua inscri\u00e7\u00e3o, recomendamos que fa\u00e7a uma revis\u00e3o completa de todos os pr\u00e9-requisitos solicitados pela companhia. A equipe do 123 Empregos deseja a voc\u00ea uma boa sorte!<\/p>\n<\/div>\n<\/div>\n<\/div>\n<\/div>\n<\/div>\n<\/div>\n","protected":false},"excerpt":{"rendered":"<p>A Wyden, uma institui\u00e7\u00e3o de ensino de renome no mercado brasileiro, acabou de anunciar a abertura de novas vagas de emprego em sua equipe, que segue crescendo. Comprometida em fornecer educa\u00e7\u00e3o superior de qualidade, a Wyden desempenha um papel crucial ao preparar estudantes para enfrentar os desafios do mundo profissional. Caso voc\u00ea tenha interesse por [&hellip;]<\/p>\n","protected":false},"author":8,"featured_media":12059,"comment_status":"open","ping_status":"closed","sticky":false,"template":"","format":"standard","meta":{"footnotes":""},"categories":[7],"tags":[1544,2500,834,3251,37],"class_list":["post-43685","post","type-post","status-publish","format-standard","has-post-thumbnail","hentry","category-noticias","tag-1544","tag-empregos-hoje","tag-novas-vagas-de-emprego","tag-salarios","tag-vagas"],"_links":{"self":[{"href":"https:\/\/99empregos.com.br\/blog\/wp-json\/wp\/v2\/posts\/43685","targetHints":{"allow":["GET"]}}],"collection":[{"href":"https:\/\/99empregos.com.br\/blog\/wp-json\/wp\/v2\/posts"}],"about":[{"href":"https:\/\/99empregos.com.br\/blog\/wp-json\/wp\/v2\/types\/post"}],"author":[{"embeddable":true,"href":"https:\/\/99empregos.com.br\/blog\/wp-json\/wp\/v2\/users\/8"}],"replies":[{"embeddable":true,"href":"https:\/\/99empregos.com.br\/blog\/wp-json\/wp\/v2\/comments?post=43685"}],"version-history":[{"count":0,"href":"https:\/\/99empregos.com.br\/blog\/wp-json\/wp\/v2\/posts\/43685\/revisions"}],"wp:featuredmedia":[{"embeddable":true,"href":"https:\/\/99empregos.com.br\/blog\/wp-json\/wp\/v2\/media\/12059"}],"wp:attachment":[{"href":"https:\/\/99empregos.com.br\/blog\/wp-json\/wp\/v2\/media?parent=43685"}],"wp:term":[{"taxonomy":"category","embeddable":true,"href":"https:\/\/99empregos.com.br\/blog\/wp-json\/wp\/v2\/categories?post=43685"},{"taxonomy":"post_tag","embeddable":true,"href":"https:\/\/99empregos.com.br\/blog\/wp-json\/wp\/v2\/tags?post=43685"}],"curies":[{"name":"wp","href":"https:\/\/api.w.org\/{rel}","templated":true}]}}