{"id":44263,"date":"2023-08-29T14:06:58","date_gmt":"2023-08-29T17:06:58","guid":{"rendered":"https:\/\/123empregos.com.br\/?p=44263"},"modified":"2023-08-29T14:06:58","modified_gmt":"2023-08-29T17:06:58","slug":"colegio-sigma-abre-novas-vagas-de-emprego-confira-aqui-as-oportunidades","status":"publish","type":"post","link":"https:\/\/99empregos.com.br\/blog\/colegio-sigma-abre-novas-vagas-de-emprego-confira-aqui-as-oportunidades\/","title":{"rendered":"Col\u00e9gio Sigma abre NOVAS VAGAS DE EMPREGO, confira aqui as oportunidades!"},"content":{"rendered":"<p>O Col\u00e9gio Sigma est\u00e1 com novidades e acaba de anunciar a abertura de <span style=\"text-decoration: underline\"><a href=\"https:\/\/99empregos.com.br\/vaga\/casa-do-fitness-abre-novas-vagas-de-emprego-confira-aqui\/\">novas vagas de emprego<\/a><\/span> em sua companhia. Especializada em ensino fundamental e m\u00e9dio, a institui\u00e7\u00e3o destaca-se por sua abrangente \u00e1rea de atua\u00e7\u00e3o, oferecendo uma educa\u00e7\u00e3o de alta qualidade que abrange desde os primeiros anos escolares at\u00e9 a prepara\u00e7\u00e3o para o ingresso nas melhores universidades. Quer saber como trabalhar por l\u00e1? Confira, antes de mais nada, as vagas abertas:<\/p>\n<ul>\n<li style=\"font-weight: 400\"><span style=\"font-weight: 400\">Agente de Matr\u00edculas | Col\u00e9gio &#8211; Bras\u00edlia, DF;<\/span><\/li>\n<li style=\"font-weight: 400\"><span style=\"font-weight: 400\">Auxiliar de Servi\u00e7os Gerais &#8211; Col\u00e9gio &#8211; Bras\u00edlia, DF;<\/span><\/li>\n<li style=\"font-weight: 400\"><span style=\"font-weight: 400\">Coordena\u00e7\u00e3o Educacional | Col\u00e9gio &#8211; Bras\u00edlia, DF;<\/span><\/li>\n<li style=\"font-weight: 400\"><span style=\"font-weight: 400\">Est\u00e1gio em Ingl\u00eas &#8211; Programa Bil\u00edngue | Col\u00e9gio &#8211; Bras\u00edlia, DF &#8211; Banco de talentos;<\/span><\/li>\n<li style=\"font-weight: 400\"><span style=\"font-weight: 400\">Est\u00e1gio em Licenciaturas | Col\u00e9gio Sigma &#8211; Bras\u00edlia, DF &#8211; Banco de talentos;<\/span><\/li>\n<li style=\"font-weight: 400\"><span style=\"font-weight: 400\">Est\u00e1gio em Pedagogia | Col\u00e9gio &#8211; Bras\u00edlia, DF &#8211; Banco de talentos;<\/span><\/li>\n<li style=\"font-weight: 400\"><span style=\"font-weight: 400\">Inspetor Escolar | Col\u00e9gio Sigma &#8211; Bras\u00edlia, DF;<\/span><\/li>\n<li style=\"font-weight: 400\"><span style=\"font-weight: 400\">Porteiro | Col\u00e9gio Sigma &#8211; Bras\u00edlia, DF;<\/span><\/li>\n<li style=\"font-weight: 400\"><span style=\"font-weight: 400\">Professor &#8211; Anos Finais e Ensino M\u00e9dio | Col\u00e9gio &#8211; Bras\u00edlia, DF &#8211; Banco de talentos;<\/span><\/li>\n<li style=\"font-weight: 400\"><span style=\"font-weight: 400\">Professor de Ingl\u00eas &#8211; Programa Bil\u00edngue | Col\u00e9gio &#8211; Bras\u00edlia, DF &#8211; Banco de talentos.<\/span><\/li>\n<\/ul>\n<figure id=\"attachment_44266\" aria-describedby=\"caption-attachment-44266\" style=\"width: 1200px\" class=\"wp-caption aligncenter\"><img decoding=\"async\" class=\"size-full wp-image-44266\" src=\"https:\/\/99empregos.com.br\/blog\/wp-content\/uploads\/2023\/08\/sigma.jpg\" alt=\"O Col\u00e9gio Sigma est\u00e1 com novas vagas de emprego, confira as oportunidades por aqui. Foto: Reprodu\u00e7\u00e3o\" width=\"1200\" height=\"650\" srcset=\"https:\/\/99empregos.com.br\/blog\/wp-content\/uploads\/2023\/08\/sigma.jpg 1200w, https:\/\/99empregos.com.br\/blog\/wp-content\/uploads\/2023\/08\/sigma-300x163.jpg 300w, https:\/\/99empregos.com.br\/blog\/wp-content\/uploads\/2023\/08\/sigma-1024x555.jpg 1024w, https:\/\/99empregos.com.br\/blog\/wp-content\/uploads\/2023\/08\/sigma-768x416.jpg 768w\" sizes=\"(max-width: 1200px) 100vw, 1200px\" \/><figcaption id=\"caption-attachment-44266\" class=\"wp-caption-text\">O Col\u00e9gio Sigma est\u00e1 com novas vagas de emprego, confira as oportunidades por aqui. Foto: Reprodu\u00e7\u00e3o<\/figcaption><\/figure>\n<h3>Mais informa\u00e7\u00f5es sobre o Col\u00e9gio Sigma<\/h3>\n<p>H\u00e1 39 anos em Bras\u00edlia, somos uma escola que acredita na pot\u00eancia infinita de cada um. Por isso, estimulamos o protagonismo, o olhar cr\u00edtico e a capacidade de realiza\u00e7\u00e3o de cada estudante. Unindo excel\u00eancia acad\u00eamica \u00e0 forma\u00e7\u00e3o socioemocional e cidad\u00e3 dos alunos, o Sigma est\u00e1 sempre atento \u00e0s demandas das fam\u00edlias e do mundo. Com 4 unidades em Bras\u00edlia participamos de toda a vida escolar dos nossos estudantes, da Educa\u00e7\u00e3o Infantil ao Ensino M\u00e9dio.<\/p>\n<h3>Como se candidatar \u00e0s vagas do Col\u00e9gio Sigma?<\/h3>\n<p>Encontrar uma oportunidade de emprego \u00e9 sempre uma chance de recome\u00e7ar no mundo profissional. Caso tenha achado uma chance que se encaixa com o seu perfil aqui nessa empresa, <strong><span style=\"text-decoration: underline\"><a href=\"https:\/\/99empregos.com.br\/vaga\/colegio-sigma-abre-novas-vagas-veja-a-lista-completa-aqui\/\">CLIQUE NESTE LINK<\/a> <\/span><\/strong>para enviar o seu curr\u00edculo agora mesmo para l\u00e1. A equipe do 123 Empregos deseja uma boa sorte nessa processo seletivo!<\/p>\n","protected":false},"excerpt":{"rendered":"<p>O Col\u00e9gio Sigma est\u00e1 com novidades e acaba de anunciar a abertura de novas vagas de emprego em sua companhia. Especializada em ensino fundamental e m\u00e9dio, a institui\u00e7\u00e3o destaca-se por sua abrangente \u00e1rea de atua\u00e7\u00e3o, oferecendo uma educa\u00e7\u00e3o de alta qualidade que abrange desde os primeiros anos escolares at\u00e9 a prepara\u00e7\u00e3o para o ingresso nas [&hellip;]<\/p>\n","protected":false},"author":8,"featured_media":44266,"comment_status":"open","ping_status":"closed","sticky":false,"template":"","format":"standard","meta":{"footnotes":""},"categories":[7],"tags":[1544,560,5,2500,37],"class_list":["post-44263","post","type-post","status-publish","format-standard","has-post-thumbnail","hentry","category-noticias","tag-1544","tag-educacao","tag-empregos","tag-empregos-hoje","tag-vagas"],"_links":{"self":[{"href":"https:\/\/99empregos.com.br\/blog\/wp-json\/wp\/v2\/posts\/44263","targetHints":{"allow":["GET"]}}],"collection":[{"href":"https:\/\/99empregos.com.br\/blog\/wp-json\/wp\/v2\/posts"}],"about":[{"href":"https:\/\/99empregos.com.br\/blog\/wp-json\/wp\/v2\/types\/post"}],"author":[{"embeddable":true,"href":"https:\/\/99empregos.com.br\/blog\/wp-json\/wp\/v2\/users\/8"}],"replies":[{"embeddable":true,"href":"https:\/\/99empregos.com.br\/blog\/wp-json\/wp\/v2\/comments?post=44263"}],"version-history":[{"count":0,"href":"https:\/\/99empregos.com.br\/blog\/wp-json\/wp\/v2\/posts\/44263\/revisions"}],"wp:featuredmedia":[{"embeddable":true,"href":"https:\/\/99empregos.com.br\/blog\/wp-json\/wp\/v2\/media\/44266"}],"wp:attachment":[{"href":"https:\/\/99empregos.com.br\/blog\/wp-json\/wp\/v2\/media?parent=44263"}],"wp:term":[{"taxonomy":"category","embeddable":true,"href":"https:\/\/99empregos.com.br\/blog\/wp-json\/wp\/v2\/categories?post=44263"},{"taxonomy":"post_tag","embeddable":true,"href":"https:\/\/99empregos.com.br\/blog\/wp-json\/wp\/v2\/tags?post=44263"}],"curies":[{"name":"wp","href":"https:\/\/api.w.org\/{rel}","templated":true}]}}