{"id":44547,"date":"2023-08-31T17:10:45","date_gmt":"2023-08-31T20:10:45","guid":{"rendered":"https:\/\/123empregos.com.br\/?p=44547"},"modified":"2023-08-31T17:10:45","modified_gmt":"2023-08-31T20:10:45","slug":"vitta-residencial-abre-novas-vagas-de-emprego-confira-as-oportunidades-aqui","status":"publish","type":"post","link":"https:\/\/99empregos.com.br\/blog\/vitta-residencial-abre-novas-vagas-de-emprego-confira-as-oportunidades-aqui\/","title":{"rendered":"Vitta Residencial abre NOVAS VAGAS DE EMPREGO, confira as oportunidades aqui!"},"content":{"rendered":"<p>A Vitta Residencial acabou de anunciar a <span style=\"text-decoration: underline\"><a href=\"https:\/\/99empregos.com.br\/vaga\/grupo-tracan-abre-novas-vagas-de-emprego-confira-aqui-as-chances\/\">abertura de novas vagas de emprego<\/a><\/span>, oferecendo a profissionais talentosos a oportunidade de se juntarem a uma empresa l\u00edder no setor de constru\u00e7\u00e3o e incorpora\u00e7\u00e3o de empreendimentos habitacionais. Especializada em projetos residenciais de m\u00e9dio e alto padr\u00e3o, a empresa consolidou-se como refer\u00eancia de qualidade e inova\u00e7\u00e3o no mercado imobili\u00e1rio. Quer saber como trabalhar nessa companhia? Confira, antes de mais nada, as vagas dispon\u00edveis:<\/p>\n<ul>\n<li style=\"font-weight: 400\"><span style=\"font-weight: 400\">Consultor de Vendas &#8211; Piracicaba, SP (Pessoa jur\u00eddica);<\/span><\/li>\n<li style=\"font-weight: 400\"><span style=\"font-weight: 400\">Consultor de Vendas &#8211; S\u00e3o Jos\u00e9 do Rio Preto, SP (Pessoa jur\u00eddica);<\/span><\/li>\n<li style=\"font-weight: 400\"><span style=\"font-weight: 400\">Consultor de Vendas &#8211; Araraquara, SP (Pessoa jur\u00eddica);<\/span><\/li>\n<li style=\"font-weight: 400\"><span style=\"font-weight: 400\">Consultor de Vendas &#8211; Mat\u00e3o, SP (Banco de Talentos) (Pessoa jur\u00eddica);<\/span><\/li>\n<li style=\"font-weight: 400\"><span style=\"font-weight: 400\">Consultor de Vendas Plus &#8211; Bauru, SP (Pessoa jur\u00eddica);<\/span><\/li>\n<li style=\"font-weight: 400\"><span style=\"font-weight: 400\">Coordenador de IMOB &#8211; Ribeir\u00e3o Preto, SP (Aut\u00f4nomo);<\/span><\/li>\n<li style=\"font-weight: 400\"><span style=\"font-weight: 400\">Coordenador de Parcerias &#8211; Jaboticabal, SP (Pessoa jur\u00eddica);<\/span><\/li>\n<li style=\"font-weight: 400\"><span style=\"font-weight: 400\">Coordenador de Produ\u00e7\u00e3o &#8211; Vitta Londrina &#8211; Londrina, PR (Efetivo);<\/span><\/li>\n<li style=\"font-weight: 400\"><span style=\"font-weight: 400\">Coordenador Produ\u00e7\u00e3o &#8211; Araraquara, SP (Efetivo).<\/span><\/li>\n<\/ul>\n<figure id=\"attachment_17921\" aria-describedby=\"caption-attachment-17921\" style=\"width: 1200px\" class=\"wp-caption aligncenter\"><img decoding=\"async\" class=\"size-full wp-image-17921\" src=\"https:\/\/99empregos.com.br\/blog\/wp-content\/uploads\/2023\/01\/vitta-vagas-2023.jpg\" alt=\"Vitta Residencial abre novas vagas de emprego, confira. Foto: Divulga\u00e7\u00e3o\" width=\"1200\" height=\"700\" srcset=\"https:\/\/99empregos.com.br\/blog\/wp-content\/uploads\/2023\/01\/vitta-vagas-2023.jpg 1200w, https:\/\/99empregos.com.br\/blog\/wp-content\/uploads\/2023\/01\/vitta-vagas-2023-300x175.jpg 300w, https:\/\/99empregos.com.br\/blog\/wp-content\/uploads\/2023\/01\/vitta-vagas-2023-1024x597.jpg 1024w, https:\/\/99empregos.com.br\/blog\/wp-content\/uploads\/2023\/01\/vitta-vagas-2023-768x448.jpg 768w\" sizes=\"(max-width: 1200px) 100vw, 1200px\" \/><figcaption id=\"caption-attachment-17921\" class=\"wp-caption-text\">Vitta Residencial abre novas vagas de emprego, confira. Foto: Divulga\u00e7\u00e3o<\/figcaption><\/figure>\n<h3>Mais informa\u00e7\u00f5es sobre a Vitta Residencial<\/h3>\n<p>Aqui na Vitta, temos um objetivo: realizar sonhos e transformar a vida das pessoas. E em 10 anos, passamos a fazer parte da hist\u00f3ria de muita gente, sejam de clientes que puderam alcan\u00e7ar o im\u00f3vel pr\u00f3prio ou de colaboradores que t\u00eam a mesma vontade de inovar que a gente. Como somos movidos por esse prop\u00f3sito de criar e construir empreendimentos que promovam melhorias na qualidade de vida, com conforto e seguran\u00e7a, n\u00e3o havia como ser diferente: hoje, com 10 anos de hist\u00f3ria, j\u00e1 ajudamos mais de 13 mil fam\u00edlias na realiza\u00e7\u00e3o de um sonho, um im\u00f3vel para chamar de seu!<\/p>\n<h3>Como se candidatar \u00e0s vagas de emprego?<\/h3>\n<p>Para se candidatar a uma das oportundiades de emprego dispon\u00edveis por l\u00e1,<strong><span style=\"text-decoration: underline\"><a href=\"https:\/\/99empregos.com.br\/vaga\/vitta-residencial-abre-novas-vagas-confira-aqui-as-oportunidades\/\"> \u00c9 S\u00d3 CLICAR NESTE LINK AQUI<\/a> <\/span><\/strong>e enviar o seu curr\u00edculo em menos de cinco minutos. Antes de confirmar a sua inscri\u00e7\u00e3o, recomendamos que fa\u00e7a uma revis\u00e3o completa e detalhada de todos os pr\u00e9-requisitos solicitados pela companhia. A equipe do 123 Empregos deseja a voc\u00ea uma boa sorte!<\/p>\n","protected":false},"excerpt":{"rendered":"<p>A Vitta Residencial acabou de anunciar a abertura de novas vagas de emprego, oferecendo a profissionais talentosos a oportunidade de se juntarem a uma empresa l\u00edder no setor de constru\u00e7\u00e3o e incorpora\u00e7\u00e3o de empreendimentos habitacionais. Especializada em projetos residenciais de m\u00e9dio e alto padr\u00e3o, a empresa consolidou-se como refer\u00eancia de qualidade e inova\u00e7\u00e3o no mercado [&hellip;]<\/p>\n","protected":false},"author":8,"featured_media":6534,"comment_status":"open","ping_status":"closed","sticky":false,"template":"","format":"standard","meta":{"footnotes":""},"categories":[7],"tags":[1544,5,2500,734,37,2150],"class_list":["post-44547","post","type-post","status-publish","format-standard","has-post-thumbnail","hentry","category-noticias","tag-1544","tag-empregos","tag-empregos-hoje","tag-novas-vagas","tag-vagas","tag-vitta-residencial"],"_links":{"self":[{"href":"https:\/\/99empregos.com.br\/blog\/wp-json\/wp\/v2\/posts\/44547","targetHints":{"allow":["GET"]}}],"collection":[{"href":"https:\/\/99empregos.com.br\/blog\/wp-json\/wp\/v2\/posts"}],"about":[{"href":"https:\/\/99empregos.com.br\/blog\/wp-json\/wp\/v2\/types\/post"}],"author":[{"embeddable":true,"href":"https:\/\/99empregos.com.br\/blog\/wp-json\/wp\/v2\/users\/8"}],"replies":[{"embeddable":true,"href":"https:\/\/99empregos.com.br\/blog\/wp-json\/wp\/v2\/comments?post=44547"}],"version-history":[{"count":0,"href":"https:\/\/99empregos.com.br\/blog\/wp-json\/wp\/v2\/posts\/44547\/revisions"}],"wp:featuredmedia":[{"embeddable":true,"href":"https:\/\/99empregos.com.br\/blog\/wp-json\/wp\/v2\/media\/6534"}],"wp:attachment":[{"href":"https:\/\/99empregos.com.br\/blog\/wp-json\/wp\/v2\/media?parent=44547"}],"wp:term":[{"taxonomy":"category","embeddable":true,"href":"https:\/\/99empregos.com.br\/blog\/wp-json\/wp\/v2\/categories?post=44547"},{"taxonomy":"post_tag","embeddable":true,"href":"https:\/\/99empregos.com.br\/blog\/wp-json\/wp\/v2\/tags?post=44547"}],"curies":[{"name":"wp","href":"https:\/\/api.w.org\/{rel}","templated":true}]}}