{"id":44557,"date":"2023-08-31T17:19:20","date_gmt":"2023-08-31T20:19:20","guid":{"rendered":"https:\/\/123empregos.com.br\/?p=44557"},"modified":"2023-08-31T17:19:20","modified_gmt":"2023-08-31T20:19:20","slug":"vagas-para-analista-de-negocios-desenvolvedor-e-muito-mais-amcom-abre-novas-vagas-confira-aqui","status":"publish","type":"post","link":"https:\/\/99empregos.com.br\/blog\/vagas-para-analista-de-negocios-desenvolvedor-e-muito-mais-amcom-abre-novas-vagas-confira-aqui\/","title":{"rendered":"Vagas para analista de neg\u00f3cios, desenvolvedor e MUITO MAIS: AMcom abre novas vagas, confira aqui!"},"content":{"rendered":"<p>A <a href=\"https:\/\/amcom.com.br\/\" target=\"_blank\" rel=\"noopener\">AMCom<\/a> acabou de <span style=\"text-decoration: underline\"><a href=\"https:\/\/99empregos.com.br\/vaga\/construtora-tenda-abre-novas-vagas-de-emprego-confira-as-oportunidades\/\">anunciar a abertura de novas vagas de emprego<\/a><\/span>, proporcionando a profissionais talentosos a oportunidade de se juntarem a uma empresa l\u00edder no setor de tecnologia da informa\u00e7\u00e3o e consultoria. Especializada em oferecer solu\u00e7\u00f5es de TI e servi\u00e7os de consultoria para empresas, a AMCom consolidou-se como refer\u00eancia de excel\u00eancia e inova\u00e7\u00e3o no mercado. Quer saber como se candidatar? Confira, antes de mais nada, quais s\u00e3o as vagas abertas:<\/p>\n<ul>\n<li style=\"font-weight: 400\"><span style=\"font-weight: 400\">Analista de Neg\u00f3cios &#8211; Atua\u00e7\u00e3o H\u00edbrida em S\u00e3o Paulo\/SP &#8211; S\u00e3o Paulo, SP;<\/span><\/li>\n<li style=\"font-weight: 400\"><span style=\"font-weight: 400\">Analista Desenvolvedora Java Full Stack Pleno &#8211; Blumenau e Remoto &#8211; Blumenau, SC;<\/span><\/li>\n<li style=\"font-weight: 400\"><span style=\"font-weight: 400\">Analista de Sistemas C# S\u00eanior &#8211; Blumenau e Remoto &#8211; Blumenau, SC;<\/span><\/li>\n<li style=\"font-weight: 400\"><span style=\"font-weight: 400\">Analista de Sistemas Mulesoft S\u00eanior &#8211; Blumenau e Remoto;<\/span><\/li>\n<li style=\"font-weight: 400\"><span style=\"font-weight: 400\">Analista de Testes S\u00eanior &#8211; Blumenau e Remoto;<\/span><\/li>\n<li style=\"font-weight: 400\"><span style=\"font-weight: 400\">Arquiteta de Solu\u00e7\u00f5es Cloud &#8211; Blumenau e Remoto;<\/span><\/li>\n<li style=\"font-weight: 400\"><span style=\"font-weight: 400\">Arquiteta de Solu\u00e7\u00f5es com Ingl\u00eas Fluente &#8211; Blumenau e Remoto;<\/span><\/li>\n<li style=\"font-weight: 400\"><span style=\"font-weight: 400\">Desenvolvedora .Net Core S\u00eanior &#8211; Blumenau e Remoto;<\/span><\/li>\n<li style=\"font-weight: 400\"><span style=\"font-weight: 400\">Desenvolvedora .NET S\u00eanior &#8211; Blumenau e Remoto;<\/span><\/li>\n<li style=\"font-weight: 400\"><span style=\"font-weight: 400\">Desenvolvedora PL\/SQL S\u00eanior &#8211; Blumenau e Remoto;<\/span><\/li>\n<li style=\"font-weight: 400\"><span style=\"font-weight: 400\">Engenheira de Integra\u00e7\u00e3o S\u00eanior &#8211; Blumenau e Remoto.<\/span><\/li>\n<\/ul>\n<figure id=\"attachment_37499\" aria-describedby=\"caption-attachment-37499\" style=\"width: 1200px\" class=\"wp-caption aligncenter\"><img decoding=\"async\" class=\"size-full wp-image-37499\" src=\"https:\/\/99empregos.com.br\/blog\/wp-content\/uploads\/2023\/06\/amcom-vagas-2023.jpg\" alt=\"NOVAS VAGAS ABERTAS: AMcom est\u00e1 em busca de mais profissionais, confira as oportunidades. Foto: Reprodu\u00e7\u00e3o\/ Twitter\" width=\"1200\" height=\"650\" srcset=\"https:\/\/99empregos.com.br\/blog\/wp-content\/uploads\/2023\/06\/amcom-vagas-2023.jpg 1200w, https:\/\/99empregos.com.br\/blog\/wp-content\/uploads\/2023\/06\/amcom-vagas-2023-300x163.jpg 300w, https:\/\/99empregos.com.br\/blog\/wp-content\/uploads\/2023\/06\/amcom-vagas-2023-1024x555.jpg 1024w, https:\/\/99empregos.com.br\/blog\/wp-content\/uploads\/2023\/06\/amcom-vagas-2023-768x416.jpg 768w\" sizes=\"(max-width: 1200px) 100vw, 1200px\" \/><figcaption id=\"caption-attachment-37499\" class=\"wp-caption-text\">NOVAS VAGAS ABERTAS: AMcom est\u00e1 em busca de mais profissionais, confira as oportunidades. Foto: Reprodu\u00e7\u00e3o\/ Twitter<\/figcaption><\/figure>\n<h3>Mais informa\u00e7\u00f5es sobre a AMCom<\/h3>\n<p>H\u00e1 26 anos, nosso prop\u00f3sito \u00e9 o de conectar pessoas \u00e0 tecnologia para transformar vidas! Na mesma medida em que somos apaixonados por tecnologia, somos apaixonados por gente. Tudo o que fazemos \u00e9 pensado nas nossas pessoas, e consequentemente, nos nossos clientes e nos clientes dos nossos clientes. A cultura organizacional forte e din\u00e2mica rege todas as nossas pr\u00e1ticas, e visa proporcionar uma experi\u00eancia singular e diferenciada para cada um dos nossos makers.<\/p>\n<h3>Como se candidatar \u00e0s vagas da AMCom?<\/h3>\n<p>Para se candidatar a uma das oportunidades de emprego dispon\u00edveis por l\u00e1, \u00c9<strong><span style=\"text-decoration: underline\"><a href=\"https:\/\/99empregos.com.br\/vaga\/amcom-abre-novas-vagas-confira-as-oportunidades-antes-de-se-candidatar\/\"> S\u00d3 CLICAR NESTE LINK AQUI<\/a> <\/span><\/strong>e enviar o seu curr\u00edculo em menos de cinco minutos. Antes de confirmar a sua inscri\u00e7\u00e3o, recomendamos que fa\u00e7a uma revis\u00e3o completa e detalhada de todos os pr\u00e9-requisitos solicitados pela companhia. A equipe do 123 Empregos deseja a voc\u00ea uma boa sorte!<\/p>\n","protected":false},"excerpt":{"rendered":"<p>A AMCom acabou de anunciar a abertura de novas vagas de emprego, proporcionando a profissionais talentosos a oportunidade de se juntarem a uma empresa l\u00edder no setor de tecnologia da informa\u00e7\u00e3o e consultoria. Especializada em oferecer solu\u00e7\u00f5es de TI e servi\u00e7os de consultoria para empresas, a AMCom consolidou-se como refer\u00eancia de excel\u00eancia e inova\u00e7\u00e3o no [&hellip;]<\/p>\n","protected":false},"author":8,"featured_media":7144,"comment_status":"open","ping_status":"closed","sticky":false,"template":"","format":"standard","meta":{"footnotes":""},"categories":[7],"tags":[1544,944,5,37],"class_list":["post-44557","post","type-post","status-publish","format-standard","has-post-thumbnail","hentry","category-noticias","tag-1544","tag-amcom","tag-empregos","tag-vagas"],"_links":{"self":[{"href":"https:\/\/99empregos.com.br\/blog\/wp-json\/wp\/v2\/posts\/44557","targetHints":{"allow":["GET"]}}],"collection":[{"href":"https:\/\/99empregos.com.br\/blog\/wp-json\/wp\/v2\/posts"}],"about":[{"href":"https:\/\/99empregos.com.br\/blog\/wp-json\/wp\/v2\/types\/post"}],"author":[{"embeddable":true,"href":"https:\/\/99empregos.com.br\/blog\/wp-json\/wp\/v2\/users\/8"}],"replies":[{"embeddable":true,"href":"https:\/\/99empregos.com.br\/blog\/wp-json\/wp\/v2\/comments?post=44557"}],"version-history":[{"count":0,"href":"https:\/\/99empregos.com.br\/blog\/wp-json\/wp\/v2\/posts\/44557\/revisions"}],"wp:featuredmedia":[{"embeddable":true,"href":"https:\/\/99empregos.com.br\/blog\/wp-json\/wp\/v2\/media\/7144"}],"wp:attachment":[{"href":"https:\/\/99empregos.com.br\/blog\/wp-json\/wp\/v2\/media?parent=44557"}],"wp:term":[{"taxonomy":"category","embeddable":true,"href":"https:\/\/99empregos.com.br\/blog\/wp-json\/wp\/v2\/categories?post=44557"},{"taxonomy":"post_tag","embeddable":true,"href":"https:\/\/99empregos.com.br\/blog\/wp-json\/wp\/v2\/tags?post=44557"}],"curies":[{"name":"wp","href":"https:\/\/api.w.org\/{rel}","templated":true}]}}