{"id":448,"date":"2022-05-19T19:53:27","date_gmt":"2022-05-19T19:53:27","guid":{"rendered":"https:\/\/123empregos.com.br\/?p=448"},"modified":"2022-05-19T19:53:27","modified_gmt":"2022-05-19T19:53:27","slug":"curriculo-dicas-para-a-elaboracao-objetiva-do-seu-documento-profissional","status":"publish","type":"post","link":"https:\/\/99empregos.com.br\/blog\/curriculo-dicas-para-a-elaboracao-objetiva-do-seu-documento-profissional\/","title":{"rendered":"Curr\u00edculo: dicas para a elabora\u00e7\u00e3o objetiva do seu documento profissional"},"content":{"rendered":"<p>A elabora\u00e7\u00e3o do seu curr\u00edculo deve ser feita de maneira organizada e objetiva. Por isso, \u00e9 fundamental que &#8211; enquanto candidato &#8211; voc\u00ea direcione o seu documento profissional para que voc\u00ea alcance o seu objetivo no <a href=\"https:\/\/noticiasconcursos.com.br\/entrevista-de-emprego-alcance-o-seu-potencial-no-mercado-de-trabalho-atual\/\" target=\"_blank\" rel=\"noopener\"><strong>mercado<\/strong><\/a>.<\/p>\n<h3><b>Curr\u00edculo: dicas para a elabora\u00e7\u00e3o objetiva do seu documento profissional<\/b><\/h3>\n<p>Destaque o seu curr\u00edculo pela objetividade na constru\u00e7\u00e3o das informa\u00e7\u00f5es. Sendo assim, \u00e9 relevante que voc\u00ea analise a visualiza\u00e7\u00e3o do documento; j\u00e1 que esse \u00e9 um ponto de extrema import\u00e2ncia para que o seu curr\u00edculo seja avaliado integralmente.<\/p>\n<p>Evite informa\u00e7\u00f5es excessivas e desnecess\u00e1rias. Sendo assim, n\u00e3o informe muitos n\u00fameros de telefones para contato e n\u00e3o insira n\u00fameros referentes a sua documenta\u00e7\u00e3o pessoal, por exemplo.<\/p>\n<h4><b>Dados pessoais<\/b><\/h4>\n<p>Os seus dados pessoais devem ser objetivos, sendo assim, \u00e9 relevante que voc\u00ea n\u00e3o informe um endere\u00e7o de e-mail que contenha palavras pejorativas ou diminutivas.<\/p>\n<h4><b>Objetivo<\/b><\/h4>\n<p>O seu objetivo deve ser claro e direto. Voc\u00ea pode informar o seu cargo, dentro do seu n\u00edvel hier\u00e1rquico e \u00e1rea de atua\u00e7\u00e3o. Por exemplo: auxiliar de estoque; analista de relacionamento com o cliente; assistente de faturamento; gerente de contratos etc.<\/p>\n<h4><b>Experi\u00eancia profissional<\/b><\/h4>\n<p>O destaque de sua trajet\u00f3ria profissional deve ocorrer de maneira organizada. Por isso, \u00e9 importante que voc\u00ea preze pela ordem cronol\u00f3gica inversa do documento, considerando os dados mais atuais. Informe o nome das organiza\u00e7\u00f5es pelas quais voc\u00ea passou e o per\u00edodo trabalhado.<\/p>\n<p>De forma sucinta, fa\u00e7a apontamentos sobre as atividades exercidas em cada um dos seus empregos anteriores. Lembre-se de que o curr\u00edculo \u00e9 um documento que ser\u00e1 explorado futuramente. Por isso, n\u00e3o \u00e9 vi\u00e1vel que voc\u00ea insira uma narrativa concreta.<\/p>\n<h4><b>Carreira acad\u00eamica\/escolaridade<\/b><\/h4>\n<p>A sua escolaridade deve ser direcionada e objetiva. Assim sendo, destaque cursos em andamento e fale sobre cursos dos quais possa comprovar atrav\u00e9s de certificados.<\/p>\n<h4><b>Atualize o seu perfil no Linkedin e eleve suas chances de sucesso profissional<\/b><\/h4>\n<p>\u00c9 importante tamb\u00e9m para o candidato que atualize o seu perfil no <a href=\"https:\/\/noticiasconcursos.com.br\/linkedin-dicas-para-utilizar-a-rede-social-das-conexoes-profissionais\/\" target=\"_blank\" rel=\"noopener\"><b>Linkedin<\/b><\/a>. Haja vista que a ferramenta \u00e9 amplamente utilizada para o <a href=\"https:\/\/noticiasconcursos.com.br\/recrutamento-e-selecao-fluxo-organico-eficiente-e-adaptavel\/\" target=\"_blank\" rel=\"noopener\"><strong>recrutamento e sele\u00e7\u00e3o<\/strong><\/a> de diversas empresas no mercado atual. Portanto, o <b><a href=\"https:\/\/noticiasconcursos.com.br\/busque-emprego-atraves-do-linkedin-veja-nossas-dicas\/\" target=\"_blank\" rel=\"noopener\">Linkedin<\/a> <\/b>\u00e9 uma ferramenta que deve ser considerada por quem busca uma recoloca\u00e7\u00e3o no mercado de trabalho.<\/p>\n<h5><b>Evite destaques negativos<\/b><\/h5>\n<p>N\u00e3o menos importante, caso insira uma foto no perfil do seu curr\u00edculo &#8211; online ou f\u00edsico &#8211; opte por uma imagem que n\u00e3o destaque negativamente a sua personalidade atrav\u00e9s de situa\u00e7\u00f5es muito pessoais. Sendo assim, \u00e9 importante que a imagem esteja s\u00f3bria e sem destaques de fundo, portanto, evite fotos em viagens ou festas, por exemplo.<\/p>\n","protected":false},"excerpt":{"rendered":"<p>A elabora\u00e7\u00e3o do seu curr\u00edculo deve ser feita de maneira organizada e objetiva. Por isso, \u00e9 fundamental que &#8211; enquanto candidato &#8211; voc\u00ea direcione o seu documento profissional para que voc\u00ea alcance o seu objetivo no mercado. Curr\u00edculo: dicas para a elabora\u00e7\u00e3o objetiva do seu documento profissional Destaque o seu curr\u00edculo pela objetividade na constru\u00e7\u00e3o [&hellip;]<\/p>\n","protected":false},"author":1,"featured_media":38,"comment_status":"open","ping_status":"closed","sticky":false,"template":"","format":"standard","meta":{"footnotes":""},"categories":[9],"tags":[8,2,3],"class_list":["post-448","post","type-post","status-publish","format-standard","has-post-thumbnail","hentry","category-dicas","tag-curriculo","tag-dica","tag-dicas"],"_links":{"self":[{"href":"https:\/\/99empregos.com.br\/blog\/wp-json\/wp\/v2\/posts\/448","targetHints":{"allow":["GET"]}}],"collection":[{"href":"https:\/\/99empregos.com.br\/blog\/wp-json\/wp\/v2\/posts"}],"about":[{"href":"https:\/\/99empregos.com.br\/blog\/wp-json\/wp\/v2\/types\/post"}],"author":[{"embeddable":true,"href":"https:\/\/99empregos.com.br\/blog\/wp-json\/wp\/v2\/users\/1"}],"replies":[{"embeddable":true,"href":"https:\/\/99empregos.com.br\/blog\/wp-json\/wp\/v2\/comments?post=448"}],"version-history":[{"count":0,"href":"https:\/\/99empregos.com.br\/blog\/wp-json\/wp\/v2\/posts\/448\/revisions"}],"wp:featuredmedia":[{"embeddable":true,"href":"https:\/\/99empregos.com.br\/blog\/wp-json\/"}],"wp:attachment":[{"href":"https:\/\/99empregos.com.br\/blog\/wp-json\/wp\/v2\/media?parent=448"}],"wp:term":[{"taxonomy":"category","embeddable":true,"href":"https:\/\/99empregos.com.br\/blog\/wp-json\/wp\/v2\/categories?post=448"},{"taxonomy":"post_tag","embeddable":true,"href":"https:\/\/99empregos.com.br\/blog\/wp-json\/wp\/v2\/tags?post=448"}],"curies":[{"name":"wp","href":"https:\/\/api.w.org\/{rel}","templated":true}]}}