{"id":46556,"date":"2023-10-14T15:00:06","date_gmt":"2023-10-14T18:00:06","guid":{"rendered":"https:\/\/123empregos.com.br\/blog\/?p=46556"},"modified":"2025-04-30T16:10:45","modified_gmt":"2025-04-30T19:10:45","slug":"vagas-na-ambev-lider-no-setor-de-bebidas-esta-com-quase-500-vagas-abertas","status":"publish","type":"post","link":"https:\/\/99empregos.com.br\/blog\/vagas-na-ambev-lider-no-setor-de-bebidas-esta-com-quase-500-vagas-abertas\/","title":{"rendered":"Vagas na Ambev: l\u00edder no setor de bebidas est\u00e1 com quase 500 vagas abertas"},"content":{"rendered":"<p>A Ambev \u00e9 uma das empresas l\u00edderes mundialmente do setor de bebidas. A sua presen\u00e7a no Brasil sempre foi forte, o que faz com que sempre exista uma alta demanda por m\u00e3o de obra.<\/p>\n<p>Al\u00e9m das vagas que s\u00e3o abertas constatemente, a empresa tamb\u00e9m possui um programa de sele\u00e7\u00e3o de talentos para o seu projeto de carreiras. Sendo assim, sempre h\u00e1 a oportunidade de se tornar um trainee ou conseguir um \u00f3timo est\u00e1gio na Ambev.<\/p>\n<h2>Como fazer para se candidatar a uma das vagas na Ambev?<\/h2>\n<p>Para se candidatar e conferir todos os detalhes das vagas na Ambev, basta acessar o site de empregos <a href=\"https:\/\/ambev.gupy.io\/\" target=\"_blank\" rel=\"noopener\">Gupy<\/a>.<\/p>\n<p>Este \u00e9 o site parceiro de contrata\u00e7\u00e3o da empresa.<\/p>\n<p>Al\u00e9m disso, as vagas s\u00e3o para diversos lugares do Brasil. Assim, n\u00e3o deixe de conferir e se candidatar para a vaga que for mais pr\u00f3xima a voc\u00ea e que melhor se encaixe no que voc\u00eas est\u00e1 procurando.<\/p>\n<p>As oportunidades s\u00e3o para:<\/p>\n<ul data-sourcepos=\"3:1-7:0\">\n<li data-sourcepos=\"3:1-3:66\"><strong>Produ\u00e7\u00e3o:<\/strong>\u00a0operador de m\u00e1quinas, t\u00e9cnico de laborat\u00f3rio, etc.<\/li>\n<li data-sourcepos=\"4:1-4:44\"><strong>Log\u00edstica:<\/strong>\u00a0conferente, motorista, etc.<\/li>\n<li data-sourcepos=\"5:1-5:63\"><strong>Vendas:<\/strong>\u00a0representante de vendas, promotor de vendas, etc.<\/li>\n<li data-sourcepos=\"6:1-7:0\"><strong>Gest\u00e3o:<\/strong>\u00a0analista, gerente, etc.<\/li>\n<\/ul>\n<p>J\u00e1 para as pessoas que querem seguir algum dos projetos de carreira da empresa, podem <a href=\"https:\/\/www.ambev.com.br\/carreiras\" target=\"_blank\" rel=\"noopener\">acessar por aqui<\/a>.<\/p>\n<p>Existem diversos programas de contrata\u00e7\u00e3o na Ambev e eles acontecem em determinado per\u00edodos do ano. Sendo assim, o melhor \u00e9 sempre conferir o site e verificar qual a vaga que mais se adequa ao seu perfil profissional.<\/p>\n<p>Basicamente, existem tr\u00eas programas de carreira na empresa. Sendo eles:<\/p>\n<ul>\n<li>Trainee &#8211; para rec\u00e9m-formados na faculdade<\/li>\n<li>Estagi\u00e1rio &#8211; para quem est\u00e1 fazendo faculdade.<\/li>\n<li>Estagi\u00e1rio representatividade &#8211; destinados a inclus\u00e3o de pessoas negras e que est\u00e3o fazendo faculdade.<\/li>\n<\/ul>\n<p>Essas s\u00e3o vagas \u00f3timas para quem quer come\u00e7ar a sua carreira profissional em uma das maiores empresas de bebidas do planeta. N\u00e3o perca essa chance e concorra a uma dessas vagas.<\/p>\n<p>Sendo assim, n\u00e3o perca mais tempo, <a href=\"https:\/\/99empregos.com.br\/blog\/resumo-no-curriculo\/\">atualize seu curr\u00edculo<\/a> e alcance o sonho de trabalhar na Ambev.<\/p>\n<h2>A import\u00e2ncia da Ambev para a economia brasileira<\/h2>\n<p>A Ambev \u00e9 uma das maiores e mais influentes empresas do setor de bebidas do Brasil e do mundo. Fundada em 1999, como resultado da fus\u00e3o entre a Companhia de Bebidas das Am\u00e9ricas (Antarctica) e a Companhia Cervejaria Brahma, a Ambev tem uma hist\u00f3ria rica e um papel significativo na economia, tanto do Brasil quanto globalmente.<\/p>\n<p>A Ambev \u00e9 uma das maiores empregadoras do Brasil, proporcionando trabalho direto e indireto a milhares de pessoas em diversas regi\u00f5es do pa\u00eds. Al\u00e9m disso, a empresa investe em programas de treinamento e capacita\u00e7\u00e3o de seus funcion\u00e1rios.<\/p>\n<p>Uma das caracter\u00edsticas importantes da empresa \u00e9 que ela\u00a0tem adotado iniciativas de responsabilidade social e sustentabilidade, incluindo a\u00e7\u00f5es voltadas para o meio ambiente, comunidades locais e programas de consumo respons\u00e1vel.<\/p>\n<div class=\"group final-completion w-full text-token-text-primary border-b border-black\/10 gizmo:border-0 dark:border-gray-900\/50 gizmo:dark:border-0 bg-gray-50 gizmo:bg-transparent dark:bg-[#444654] gizmo:dark:bg-transparent\" data-testid=\"conversation-turn-5\">\n<div class=\"p-4 justify-center text-base md:gap-6 md:py-6 m-auto\">\n<div class=\"flex flex-1 gap-4 text-base mx-auto md:gap-6 gizmo:gap-3 gizmo:md:px-5 gizmo:lg:px-1 gizmo:xl:px-5 md:max-w-2xl lg:max-w-[38rem] gizmo:md:max-w-3xl gizmo:lg:max-w-[40rem] gizmo:xl:max-w-[48rem] xl:max-w-3xl }\">\n<div class=\"relative flex w-[calc(100%-50px)] flex-col gizmo:w-full lg:w-[calc(100%-115px)] agent-turn\">\n<div class=\"flex-col gap-1 md:gap-3\">\n<div class=\"flex flex-grow flex-col gap-3 max-w-full\">\n<div class=\"min-h-[20px] flex flex-col items-start gap-3 whitespace-pre-wrap break-words overflow-x-auto\">\n<div class=\"markdown prose w-full break-words dark:prose-invert dark\">\n<p>Em resumo, a Ambev desempenha um papel fundamental na economia brasileira, sendo uma das maiores empresas do setor de bebidas e contribuindo de v\u00e1rias maneiras para o desenvolvimento do pa\u00eds. Al\u00e9m disso, sua presen\u00e7a global como parte do grupo AB InBev a coloca como uma influente empresa no cen\u00e1rio mundial da ind\u00fastria de bebidas.<\/p>\n<\/div>\n<\/div>\n<\/div>\n<\/div>\n<\/div>\n<\/div>\n<\/div>\n<\/div>\n","protected":false},"excerpt":{"rendered":"<p>A Ambev \u00e9 uma das empresas l\u00edderes mundialmente do setor de bebidas. A sua presen\u00e7a no Brasil sempre foi forte, o que faz com que sempre exista uma alta demanda por m\u00e3o de obra. Al\u00e9m das vagas que s\u00e3o abertas constatemente, a empresa tamb\u00e9m possui um programa de sele\u00e7\u00e3o de talentos para o seu projeto [&hellip;]<\/p>\n","protected":false},"author":15,"featured_media":46557,"comment_status":"open","ping_status":"closed","sticky":false,"template":"","format":"standard","meta":{"footnotes":""},"categories":[15],"tags":[3590],"class_list":["post-46556","post","type-post","status-publish","format-standard","has-post-thumbnail","hentry","category-vagas","tag-ensino-medio-vagas"],"_links":{"self":[{"href":"https:\/\/99empregos.com.br\/blog\/wp-json\/wp\/v2\/posts\/46556","targetHints":{"allow":["GET"]}}],"collection":[{"href":"https:\/\/99empregos.com.br\/blog\/wp-json\/wp\/v2\/posts"}],"about":[{"href":"https:\/\/99empregos.com.br\/blog\/wp-json\/wp\/v2\/types\/post"}],"author":[{"embeddable":true,"href":"https:\/\/99empregos.com.br\/blog\/wp-json\/wp\/v2\/users\/15"}],"replies":[{"embeddable":true,"href":"https:\/\/99empregos.com.br\/blog\/wp-json\/wp\/v2\/comments?post=46556"}],"version-history":[{"count":0,"href":"https:\/\/99empregos.com.br\/blog\/wp-json\/wp\/v2\/posts\/46556\/revisions"}],"wp:featuredmedia":[{"embeddable":true,"href":"https:\/\/99empregos.com.br\/blog\/wp-json\/wp\/v2\/media\/46557"}],"wp:attachment":[{"href":"https:\/\/99empregos.com.br\/blog\/wp-json\/wp\/v2\/media?parent=46556"}],"wp:term":[{"taxonomy":"category","embeddable":true,"href":"https:\/\/99empregos.com.br\/blog\/wp-json\/wp\/v2\/categories?post=46556"},{"taxonomy":"post_tag","embeddable":true,"href":"https:\/\/99empregos.com.br\/blog\/wp-json\/wp\/v2\/tags?post=46556"}],"curies":[{"name":"wp","href":"https:\/\/api.w.org\/{rel}","templated":true}]}}