{"id":47717,"date":"2023-11-25T15:18:39","date_gmt":"2023-11-25T18:18:39","guid":{"rendered":"https:\/\/123empregos.com.br\/blog\/?p=47717"},"modified":"2025-04-30T15:27:06","modified_gmt":"2025-04-30T18:27:06","slug":"e-possivel-conciliar-dois-empregos-o-que-diz-a-clt","status":"publish","type":"post","link":"https:\/\/99empregos.com.br\/blog\/e-possivel-conciliar-dois-empregos-o-que-diz-a-clt\/","title":{"rendered":"\u00c9 poss\u00edvel conciliar dois empregos? O que diz a CLT?"},"content":{"rendered":"<p>Em um mundo cada vez mais din\u00e2mico, muitas pessoas optam por conciliar dois empregos para atender \u00e0s demandas financeiras ou buscar diversifica\u00e7\u00e3o profissional.<\/p>\n<p>Embora essa jornada possa ser desafiadora, com a devida organiza\u00e7\u00e3o e foco, \u00e9 poss\u00edvel alcan\u00e7ar um equil\u00edbrio saud\u00e1vel entre as responsabilidades profissionais.<\/p>\n<p>Te apresentamos aqui algumas dicas para conciliar dois empregos.<\/p>\n<h2>Como conciliar conciliar dois empregos<\/h2>\n<h3>O Gerenciamento Eficiente do Tempo \u00e9 fundamental para conciliar dois empregos<\/h3>\n<p>Um dos aspectos mais cr\u00edticos ao conciliar dois empregos \u00e9 o gerenciamento eficiente do tempo. Crie um cronograma detalhado que inclua os hor\u00e1rios de trabalho de ambos os empregos, bem como per\u00edodos designados para descanso, alimenta\u00e7\u00e3o e atividades pessoais.<\/p>\n<p>Assim, utilize ferramentas de planejamento, como aplicativos de calend\u00e1rio, para garantir que todas as obriga\u00e7\u00f5es sejam cumpridas.<\/p>\n<h3>Comunica\u00e7\u00e3o Transparente:<\/h3>\n<p>Mantenha uma comunica\u00e7\u00e3o aberta e transparente com ambos os empregadores.<\/p>\n<p>Assim, informe-os sobre sua situa\u00e7\u00e3o e garanta que ambos estejam cientes de seus compromissos. Al\u00e9m disso, isso cria um ambiente de confian\u00e7a e pode at\u00e9 mesmo resultar em solu\u00e7\u00f5es flex\u00edveis, como hor\u00e1rios de trabalho ajustados.<\/p>\n<h3>Estabele\u00e7a Limites Claros<\/h3>\n<p>Ao conciliar dois empregos, \u00e9 crucial estabelecer limites claros para evitar exaust\u00e3o. Defina um n\u00famero m\u00e1ximo de horas de trabalho por semana e respeite esses limites. Priorize o autocuidado e reconhe\u00e7a quando \u00e9 necess\u00e1rio recusar horas extras para preservar sua sa\u00fade f\u00edsica e mental.<\/p>\n<h3>Desenvolva Habilidades de Organiza\u00e7\u00e3o para conciliar dois empregos<\/h3>\n<p>A organiza\u00e7\u00e3o \u00e9 a chave para o sucesso ao conciliar dois empregos. Mantenha um espa\u00e7o de trabalho limpo e organizado, utilize listas de tarefas para acompanhar suas responsabilidades e esteja sempre um passo \u00e0 frente ao planejar suas atividades di\u00e1rias.<\/p>\n<p>Conciliar dois empregos pode ser um desafio, mas com uma abordagem estruturada e proativa, \u00e9 poss\u00edvel alcan\u00e7ar um equil\u00edbrio saud\u00e1vel.<\/p>\n<p>Dessa maneira, mantenha o foco no gerenciamento eficiente do tempo, na comunica\u00e7\u00e3o transparente e no autocuidado, e voc\u00ea estar\u00e1 no caminho certo para uma jornada profissional bem-sucedida e equilibrada.<\/p>\n<div class=\"w-full text-token-text-primary border-b border-black\/10 gizmo:border-0 dark:border-gray-900\/50 gizmo:dark:border-0 gizmo:bg-transparent dark:bg-gray-800 gizmo:dark:bg-transparent\" data-testid=\"conversation-turn-14\">\n<div class=\"p-4 gizmo:py-2 justify-center text-base md:gap-6 md:py-6 m-auto\">\n<div class=\"flex flex-1 gap-4 text-base mx-auto md:gap-6 gizmo:gap-3 gizmo:md:px-5 gizmo:lg:px-1 gizmo:xl:px-5 md:max-w-2xl lg:max-w-[38rem] gizmo:md:max-w-3xl gizmo:lg:max-w-[40rem] gizmo:xl:max-w-[48rem] xl:max-w-3xl } group\">\n<div class=\"relative flex w-[calc(100%-50px)] flex-col gizmo:w-full lg:w-[calc(100%-115px)]\">\n<div class=\"flex-col gap-1 md:gap-3\">\n<div class=\"flex flex-grow flex-col max-w-full gap-3 gizmo:gap-0\">\n<div class=\"min-h-[20px] text-message flex flex-col items-start gap-3 whitespace-pre-wrap break-words [.text-message+&amp;]:mt-5 overflow-x-auto\" data-message-author-role=\"user\" data-message-id=\"aaa2ab9e-239b-4f4a-9f0b-7ec8c01443c6\">\n<h2>O que a CLT diz sobre conciliar dois empregos<\/h2>\n<\/div>\n<\/div>\n<\/div>\n<\/div>\n<\/div>\n<\/div>\n<\/div>\n<div class=\"w-full text-token-text-primary border-b border-black\/10 gizmo:border-0 dark:border-gray-900\/50 gizmo:dark:border-0 bg-gray-50 gizmo:bg-transparent dark:bg-[#444654] gizmo:dark:bg-transparent\" data-testid=\"conversation-turn-15\">\n<div class=\"p-4 gizmo:py-2 justify-center text-base md:gap-6 md:py-6 m-auto\">\n<div class=\"flex flex-1 gap-4 text-base mx-auto md:gap-6 gizmo:gap-3 gizmo:md:px-5 gizmo:lg:px-1 gizmo:xl:px-5 md:max-w-2xl lg:max-w-[38rem] gizmo:md:max-w-3xl gizmo:lg:max-w-[40rem] gizmo:xl:max-w-[48rem] xl:max-w-3xl } group final-completion\">\n<div class=\"flex-shrink-0 flex flex-col relative items-end\">\n<div class=\"pt-0.5\">\n<div class=\"gizmo-shadow-stroke flex h-6 w-6 items-center justify-center overflow-hidden rounded-full\">\n<div class=\"relative p-1 rounded-sm h-9 w-9 text-white flex items-center justify-center\">\n<div class=\"flex-1 overflow-hidden\">\n<div class=\"react-scroll-to-bottom--css-swkom-79elbk h-full\">\n<div class=\"react-scroll-to-bottom--css-swkom-1n7m0yu\">\n<div class=\"flex flex-col text-sm gizmo:pb-9 dark:bg-gray-800 gizmo:dark:bg-transparent\">\n<div class=\"w-full text-token-text-primary border-b border-black\/10 gizmo:border-0 dark:border-gray-900\/50 gizmo:dark:border-0 bg-gray-50 gizmo:bg-transparent dark:bg-[#444654] gizmo:dark:bg-transparent\" data-testid=\"conversation-turn-17\">\n<div class=\"p-4 gizmo:py-2 justify-center text-base md:gap-6 md:py-6 m-auto\">\n<div class=\"flex flex-1 gap-4 text-base mx-auto md:gap-6 gizmo:gap-3 gizmo:md:px-5 gizmo:lg:px-1 gizmo:xl:px-5 md:max-w-2xl lg:max-w-[38rem] gizmo:md:max-w-3xl gizmo:lg:max-w-[40rem] gizmo:xl:max-w-[48rem] xl:max-w-3xl } group final-completion\">\n<div class=\"relative flex w-[calc(100%-50px)] flex-col gizmo:w-full lg:w-[calc(100%-115px)] agent-turn\">\n<div class=\"flex-col gap-1 md:gap-3\">\n<div class=\"flex flex-grow flex-col max-w-full gap-3 gizmo:gap-0\">\n<div class=\"min-h-[20px] text-message flex flex-col items-start gap-3 whitespace-pre-wrap break-words [.text-message+&amp;]:mt-5 overflow-x-auto\" data-message-author-role=\"assistant\" data-message-id=\"acefbb38-e1c4-42a7-9bfa-7246236524bb\">\n<div class=\"markdown prose w-full break-words dark:prose-invert light\">\n<p>Conciliar dois empregos, uma pr\u00e1tica cada vez mais comum em meio \u00e0 din\u00e2mica do mercado de trabalho contempor\u00e2neo, suscita reflex\u00f5es sobre as implica\u00e7\u00f5es legais dessa escolha \u00e0 luz da Consolida\u00e7\u00e3o das Leis do Trabalho (CLT) no Brasil.<\/p>\n<p>A CLT n\u00e3o veta explicitamente a possibilidade de um trabalhador manter dois empregos simultaneamente. No entanto, \u00e9 crucial observar que a legisla\u00e7\u00e3o trabalhista estabelece par\u00e2metros importantes relacionados ao tempo de trabalho e ao descanso, visando salvaguardar a sa\u00fade e a seguran\u00e7a do colaborador.<\/p>\n<p>A jornada de trabalho padr\u00e3o, segundo a CLT, \u00e9 de 8 horas di\u00e1rias e 44 horas semanais, pass\u00edveis de extens\u00e3o mediante acordo ou conven\u00e7\u00e3o coletiva. Horas extras, aquelas que ultrapassam esse limite, s\u00e3o regulamentadas e sujeitas a compensa\u00e7\u00e3o financeira adicional.<\/p>\n<p>Ademais, a CLT estipula um intervalo m\u00ednimo de 11 horas consecutivas entre duas jornadas de trabalho, al\u00e9m do direito a um Descanso Semanal Remunerado (DSR) de 24 horas consecutivas, preferencialmente aos domingos.<\/p>\n<p>\u00c9 importante destacar que a acumula\u00e7\u00e3o de cargos p\u00fablicos possui regulamenta\u00e7\u00f5es espec\u00edficas, sendo vedada em situa\u00e7\u00f5es expressamente proibidas pela Constitui\u00e7\u00e3o Federal.<\/p>\n<p>A flexibilidade em acordos individuais ou coletivos para jornadas diferenciadas \u00e9 admitida em alguns casos, desde que respeitados os limites estabelecidos pela legisla\u00e7\u00e3o. Contudo, \u00e9 recomend\u00e1vel uma an\u00e1lise cuidadosa, considerando a individualidade das circunst\u00e2ncias e a consulta a profissionais especializados.<\/p>\n<p>Portanto, enquanto a CLT n\u00e3o impede a concilia\u00e7\u00e3o de dois empregos, \u00e9 imperativo que os trabalhadores estejam cientes das normas que regem o tempo de trabalho, intervalos e compensa\u00e7\u00f5es, garantindo uma busca por equil\u00edbrio que preserve n\u00e3o apenas a estabilidade financeira, mas tamb\u00e9m a sa\u00fade f\u00edsica e mental do profissional que decide trilhar esse caminho.<\/p>\n<\/div>\n<\/div>\n<\/div>\n<div class=\"flex justify-between empty:hidden gizmo:mt-1 gizmo:justify-start gizmo:gap-3 lg:block gizmo:lg:flex\">\n<div class=\"text-gray-400 flex self-end lg:self-center justify-center gizmo:lg:justify-start mt-2 gizmo:mt-0 visible gap-1\"><\/div>\n<\/div>\n<\/div>\n<\/div>\n<\/div>\n<\/div>\n<\/div>\n<p><button class=\"cursor-pointer absolute z-10 rounded-full gizmo:bg-clip-padding border text-gray-600 dark:border-white\/10 dark:bg-white\/10 dark:text-gray-200 right-1\/2 border-black\/10 bg-token-surface-primary bottom-5\"><\/button><\/div>\n<\/div>\n<\/div>\n<\/div>\n<\/div>\n<\/div>\n<\/div>\n<\/div>\n<\/div>\n<\/div>\n<\/div>\n","protected":false},"excerpt":{"rendered":"<p>Em um mundo cada vez mais din\u00e2mico, muitas pessoas optam por conciliar dois empregos para atender \u00e0s demandas financeiras ou buscar diversifica\u00e7\u00e3o profissional. Embora essa jornada possa ser desafiadora, com a devida organiza\u00e7\u00e3o e foco, \u00e9 poss\u00edvel alcan\u00e7ar um equil\u00edbrio saud\u00e1vel entre as responsabilidades profissionais. Te apresentamos aqui algumas dicas para conciliar dois empregos. Como [&hellip;]<\/p>\n","protected":false},"author":15,"featured_media":47718,"comment_status":"open","ping_status":"closed","sticky":false,"template":"","format":"standard","meta":{"footnotes":""},"categories":[9],"tags":[1237,2720,11],"class_list":["post-47717","post","type-post","status-publish","format-standard","has-post-thumbnail","hentry","category-dicas","tag-ensino-medio","tag-ensino-superior","tag-home-office"],"_links":{"self":[{"href":"https:\/\/99empregos.com.br\/blog\/wp-json\/wp\/v2\/posts\/47717","targetHints":{"allow":["GET"]}}],"collection":[{"href":"https:\/\/99empregos.com.br\/blog\/wp-json\/wp\/v2\/posts"}],"about":[{"href":"https:\/\/99empregos.com.br\/blog\/wp-json\/wp\/v2\/types\/post"}],"author":[{"embeddable":true,"href":"https:\/\/99empregos.com.br\/blog\/wp-json\/wp\/v2\/users\/15"}],"replies":[{"embeddable":true,"href":"https:\/\/99empregos.com.br\/blog\/wp-json\/wp\/v2\/comments?post=47717"}],"version-history":[{"count":0,"href":"https:\/\/99empregos.com.br\/blog\/wp-json\/wp\/v2\/posts\/47717\/revisions"}],"wp:featuredmedia":[{"embeddable":true,"href":"https:\/\/99empregos.com.br\/blog\/wp-json\/wp\/v2\/media\/47718"}],"wp:attachment":[{"href":"https:\/\/99empregos.com.br\/blog\/wp-json\/wp\/v2\/media?parent=47717"}],"wp:term":[{"taxonomy":"category","embeddable":true,"href":"https:\/\/99empregos.com.br\/blog\/wp-json\/wp\/v2\/categories?post=47717"},{"taxonomy":"post_tag","embeddable":true,"href":"https:\/\/99empregos.com.br\/blog\/wp-json\/wp\/v2\/tags?post=47717"}],"curies":[{"name":"wp","href":"https:\/\/api.w.org\/{rel}","templated":true}]}}