{"id":48511,"date":"2023-12-18T16:36:15","date_gmt":"2023-12-18T19:36:15","guid":{"rendered":"https:\/\/123empregos.com.br\/blog\/?p=48511"},"modified":"2025-04-30T15:27:09","modified_gmt":"2025-04-30T18:27:09","slug":"trabalhar-no-natal-e-no-ano-novo-saiba-seus-direitos","status":"publish","type":"post","link":"https:\/\/99empregos.com.br\/blog\/trabalhar-no-natal-e-no-ano-novo-saiba-seus-direitos\/","title":{"rendered":"TRABALHAR NO NATAL e no ANO NOVO: saiba seus direitos"},"content":{"rendered":"<p>Trabalhar no Natal e no Ano Novo pode evocar uma s\u00e9rie de sentimentos e reflex\u00f5es sobre como essas datas t\u00e3o especiais s\u00e3o vivenciadas quando dedicamos parte do nosso tempo ao trabalho.<\/p>\n<p>Para alguns, essa experi\u00eancia pode ser vista como uma necessidade, enquanto para outros pode ser uma escolha consciente. Independentemente da perspectiva, h\u00e1 diversas consequ\u00eancias a serem consideradas.<\/p>\n<h2>Trabalhar nos feriados: uma escolha pessoal e profissional<\/h2>\n<p>Em primeiro lugar, \u00e9 importante destacar que trabalhar durante essas festividades pode gerar um impacto emocional. Assim, a sensa\u00e7\u00e3o de estar longe da fam\u00edlia e dos amigos, especialmente em momentos t\u00e3o simb\u00f3licos, pode ser desafiadora.<\/p>\n<p>Aqueles que optam por trabalhar nesses dias muitas vezes enfrentam a necessidade de equilibrar as demandas profissionais com o desejo de celebrar em meio aos entes queridos.<\/p>\n<p>Al\u00e9m disso, h\u00e1 aspectos positivos relacionados ao trabalho durante o Natal e o Ano Novo. Em algumas profiss\u00f5es, como servi\u00e7os de sa\u00fade, seguran\u00e7a e atendimento ao cliente, a presen\u00e7a constante \u00e9 essencial para garantir o bem-estar e a seguran\u00e7a da comunidade. Nessas situa\u00e7\u00f5es, os profissionais que dedicam seu tempo durante as festividades desempenham um papel crucial na manuten\u00e7\u00e3o da ordem e no atendimento \u00e0s necessidades urgentes.<\/p>\n<h2>Trabalhar no Natal e no Ano Novo: escolhas profissionais<\/h2>\n<p>Do ponto de vista profissional, trabalhar no Natal e no Ano Novo pode proporcionar reconhecimento e oportunidades. Muitas empresas valorizam a dedica\u00e7\u00e3o e o comprometimento de seus funcion\u00e1rios, especialmente quando est\u00e3o dispostos a contribuir em momentos que exigem um esfor\u00e7o adicional. Esse engajamento pode refletir positivamente em avalia\u00e7\u00f5es de desempenho e abrir portas para avan\u00e7os na carreira.<\/p>\n<p>No entanto, \u00e9 importante equilibrar o trabalho e a vida pessoal para evitar o esgotamento.<\/p>\n<p>Assim, aqueles que escolhem ou precisam trabalhar nas festividades devem procurar maneiras de compensar esses compromissos, seja planejando celebra\u00e7\u00f5es antecipadas, organizando encontros com amigos e familiares em outros momentos ou reservando um tempo para autocuidado ap\u00f3s o per\u00edodo de trabalho intenso.<\/p>\n<p>Em \u00faltima an\u00e1lise, trabalhar no Natal e no Ano Novo \u00e9 uma escolha pessoal, muitas vezes determinada pelas circunst\u00e2ncias espec\u00edficas da vida e da carreira. Independentemente da decis\u00e3o tomada, \u00e9 fundamental encontrar um equil\u00edbrio que permita n\u00e3o apenas atender \u00e0s demandas profissionais, mas tamb\u00e9m desfrutar dos momentos especiais que essas festividades oferecem.<\/p>\n<h2>Trabalhar no Natal e no Ano Novo: o que diz a CLT<\/h2>\n<p data-sourcepos=\"1:1-1:201\">A Consolida\u00e7\u00e3o das Leis do Trabalho (CLT) n\u00e3o pro\u00edbe o trabalho nos dias de Natal e Ano Novo. No entanto, estabelece que os empregados que trabalharem nesses dias t\u00eam direito a uma remunera\u00e7\u00e3o dobrada.<\/p>\n<p data-sourcepos=\"3:1-3:305\">O artigo 70 da CLT determina que o trabalho em feriado nacional deve ser pago em dobro, sem preju\u00edzo da remunera\u00e7\u00e3o relativa ao feriado. Al\u00e9m disso, o artigo 8\u00ba da CLT estabelece que os empregados t\u00eam direito a descanso semanal remunerado, que deve coincidir, pelo menos uma vez por semana, com o domingo.<\/p>\n<p data-sourcepos=\"5:1-5:169\">Portanto, se um empregado trabalhar no Natal ou no Ano Novo, ele ter\u00e1 direito a receber o valor do dia trabalhado em dobro, al\u00e9m do valor do descanso semanal remunerado.<\/p>\n<p data-sourcepos=\"7:1-7:228\">Al\u00e9m do pagamento em dobro, a CLT tamb\u00e9m prev\u00ea que os empregados que trabalharem em feriados nacionais t\u00eam direito a um repouso compensat\u00f3rio. Esse repouso deve ser concedido, preferencialmente, na semana subsequente ao feriado.<\/p>\n<p data-sourcepos=\"9:1-9:224\">No entanto, \u00e9 importante ressaltar que a CLT n\u00e3o \u00e9 a \u00fanica legisla\u00e7\u00e3o que se aplica ao trabalho nos feriados nacionais. As conven\u00e7\u00f5es coletivas de trabalho (CCTs) tamb\u00e9m podem estabelecer regras espec\u00edficas para esses casos.<\/p>\n<p data-sourcepos=\"11:1-11:181\">Assim, \u00e9 importante que os empregados verifiquem as CCTs aplic\u00e1veis \u00e0 sua categoria para saber quais s\u00e3o os seus direitos e obriga\u00e7\u00f5es em rela\u00e7\u00e3o ao trabalho nos feriados nacionais.<\/p>\n","protected":false},"excerpt":{"rendered":"<p>Trabalhar no Natal e no Ano Novo pode evocar uma s\u00e9rie de sentimentos e reflex\u00f5es sobre como essas datas t\u00e3o especiais s\u00e3o vivenciadas quando dedicamos parte do nosso tempo ao trabalho. Para alguns, essa experi\u00eancia pode ser vista como uma necessidade, enquanto para outros pode ser uma escolha consciente. Independentemente da perspectiva, h\u00e1 diversas consequ\u00eancias [&hellip;]<\/p>\n","protected":false},"author":15,"featured_media":48512,"comment_status":"open","ping_status":"closed","sticky":false,"template":"","format":"standard","meta":{"footnotes":""},"categories":[9],"tags":[1396],"class_list":["post-48511","post","type-post","status-publish","format-standard","has-post-thumbnail","hentry","category-dicas","tag-clt"],"_links":{"self":[{"href":"https:\/\/99empregos.com.br\/blog\/wp-json\/wp\/v2\/posts\/48511","targetHints":{"allow":["GET"]}}],"collection":[{"href":"https:\/\/99empregos.com.br\/blog\/wp-json\/wp\/v2\/posts"}],"about":[{"href":"https:\/\/99empregos.com.br\/blog\/wp-json\/wp\/v2\/types\/post"}],"author":[{"embeddable":true,"href":"https:\/\/99empregos.com.br\/blog\/wp-json\/wp\/v2\/users\/15"}],"replies":[{"embeddable":true,"href":"https:\/\/99empregos.com.br\/blog\/wp-json\/wp\/v2\/comments?post=48511"}],"version-history":[{"count":0,"href":"https:\/\/99empregos.com.br\/blog\/wp-json\/wp\/v2\/posts\/48511\/revisions"}],"wp:featuredmedia":[{"embeddable":true,"href":"https:\/\/99empregos.com.br\/blog\/wp-json\/wp\/v2\/media\/48512"}],"wp:attachment":[{"href":"https:\/\/99empregos.com.br\/blog\/wp-json\/wp\/v2\/media?parent=48511"}],"wp:term":[{"taxonomy":"category","embeddable":true,"href":"https:\/\/99empregos.com.br\/blog\/wp-json\/wp\/v2\/categories?post=48511"},{"taxonomy":"post_tag","embeddable":true,"href":"https:\/\/99empregos.com.br\/blog\/wp-json\/wp\/v2\/tags?post=48511"}],"curies":[{"name":"wp","href":"https:\/\/api.w.org\/{rel}","templated":true}]}}