{"id":48912,"date":"2023-12-26T22:57:14","date_gmt":"2023-12-27T01:57:14","guid":{"rendered":"https:\/\/123empregos.com.br\/blog\/?p=48912"},"modified":"2023-12-26T22:57:14","modified_gmt":"2023-12-27T01:57:14","slug":"arezzo-tem-vagas-para-varios-niveis-de-escolaridade-veja","status":"publish","type":"post","link":"https:\/\/99empregos.com.br\/blog\/arezzo-tem-vagas-para-varios-niveis-de-escolaridade-veja\/","title":{"rendered":"Arezzo tem vagas para V\u00c1RIOS n\u00edveis de escolaridade, veja"},"content":{"rendered":"<p>Reconhecida como a principal marca de varejo especializada em cal\u00e7ados femininos em toda a Am\u00e9rica Latina, a Arezzo \u00e9 uma refer\u00eancia global no setor, expandindo seu alcance de maneira significativa ano ap\u00f3s ano. O \u00eaxito da empresa \u00e9 atribu\u00eddo a uma administra\u00e7\u00e3o excepcional, combinada com produtos caracterizados por elevada qualidade, conceito e design contempor\u00e2neo.<\/p>\n<p>Presente no mercado desde 1972, o sucesso da Arezzo pode ser avaliado atrav\u00e9s de seu hist\u00f3rico diversificado de pr\u00eamios. Por exemplo, foi eleita sete vezes a Melhor Franquia do Brasil no segmento de Vestu\u00e1rio, Cal\u00e7ado e Acess\u00f3rios pela revista Pequenas Empresas &amp; Grandes Neg\u00f3cios, uma das principais do setor, e integra o ranking das Marcas Mais Valiosas do Brasil pela Isto \u00c9 Dinheiro.<\/p>\n<p>Todos os aspectos relacionados \u00e0 Arezzo s\u00e3o not\u00e1veis. Seus produtos atraem uma ampla clientela, especialmente das classes A e B, devido ao alto valor agregado, qualidade excepcional e \u00e0 incorpora\u00e7\u00e3o de refer\u00eancias da moda internacional, introduzindo as tend\u00eancias mais atuais no pa\u00eds e sendo pioneira em v\u00e1rios tipos de cal\u00e7ados e acess\u00f3rios.<\/p>\n<p>A presen\u00e7a da Arezzo abrange mais de 180 munic\u00edpios no pa\u00eds, com aproximadamente 360 lojas estrategicamente distribu\u00eddas para garantir atendimento a um n\u00famero maior de clientes.<\/p>\n<p>Confira as<a href=\"https:\/\/99empregos.com.br\/blog\/work-on-empresa-de-marketing-tem-otimas-vagas-confira\/\" target=\"_blank\" rel=\"noopener\"> oportunidades<\/a> para fazer parte da <a href=\"https:\/\/99empregos.com.br\/blog\/mercadocar-tem-mais-de-160-vagas-em-cargos-diferentes-confira\/\" target=\"_blank\" rel=\"noopener\">equipe<\/a> Arezzo:<\/p>\n<ul>\n<li>\n<div id=\"ctl00_phMasterPage_cGrid_rptGrid_ctl01_lblName\" class=\"advisor-vacancy-name\">Estoquista | Vans Outlet Catarina | S\u00e3o Roque &#8211; SP<\/div>\n<\/li>\n<li>\n<div id=\"ctl00_phMasterPage_cGrid_rptGrid_ctl01_lblName\" class=\"advisor-vacancy-name\">Estoquista &#8211; S\u00e3o Paulo\/SP<\/div>\n<\/li>\n<li>\n<div id=\"ctl00_phMasterPage_cGrid_rptGrid_ctl03_lblName\" class=\"advisor-vacancy-name\">Jovem Aprendiz &#8211; S\u00e3o Paulo\/SP<\/div>\n<\/li>\n<li>\n<div id=\"ctl00_phMasterPage_cGrid_rptGrid_ctl03_lblName\" class=\"advisor-vacancy-name\">Jovem Aprendiz &#8211; Bras\u00edlia\/DF<\/div>\n<\/li>\n<li>\n<div id=\"ctl00_phMasterPage_cGrid_rptGrid_ctl03_lblName\" class=\"advisor-vacancy-name\">Auxiliar De Loja (PCD) | Vans Outlet Premium | Itupeva- SP<\/div>\n<\/li>\n<li>\n<div id=\"ctl00_phMasterPage_cGrid_rptGrid_ctl05_lblName\" class=\"advisor-vacancy-name\">Vendedor | Vans Ribeir\u00e3o | Ribeir\u00e3o Preto- SP<\/div>\n<\/li>\n<li>\n<div id=\"ctl00_phMasterPage_cGrid_rptGrid_ctl08_lblName\" class=\"advisor-vacancy-name\">Vendedor | Vans Outlet Premium | Itupeva- SP<\/div>\n<\/li>\n<li>\n<div id=\"ctl00_phMasterPage_cGrid_rptGrid_ctl09_lblName\" class=\"advisor-vacancy-name\">Vendedor | Vans S\u00f3 Marcas | Contagem- BH<\/div>\n<\/li>\n<li>\n<div id=\"ctl00_phMasterPage_cGrid_rptGrid_ctl10_lblName\" class=\"advisor-vacancy-name\">Vendedor | Vans S\u00e3o Caetano | S\u00e3o Caetano Do Sul-SP<\/div>\n<\/li>\n<li>\n<div id=\"ctl00_phMasterPage_cGrid_rptGrid_ctl12_lblName\" class=\"advisor-vacancy-name\">Vendedor| Vans Ribeir\u00e3o Shopping &#8211; Ribeir\u00e3o Preto\/SP<\/div>\n<\/li>\n<li>\n<div id=\"ctl00_phMasterPage_cGrid_rptGrid_ctl15_lblName\" class=\"advisor-vacancy-name\">Estoquista I &#8211; S\u00e3o Roque\/SP<\/div>\n<\/li>\n<li>\n<div id=\"ctl00_phMasterPage_cGrid_rptGrid_ctl14_lblName\" class=\"advisor-vacancy-name\">Vendedor De Loja &#8211; S\u00e3o Roque\/SP<\/div>\n<\/li>\n<li>\n<div id=\"ctl00_phMasterPage_cGrid_rptGrid_ctl15_lblName\" class=\"advisor-vacancy-name\">Estoquista I &#8211; S\u00e3o Roque\/SP<\/div>\n<\/li>\n<li>\n<div id=\"ctl00_phMasterPage_cGrid_rptGrid_ctl13_lblName\" class=\"advisor-vacancy-name\">AUXILIAR DE LOJA (PCD) | VANS PATIO SAVASSI | BELO HORIZONTE-MG<\/div>\n<\/li>\n<\/ul>\n<h2><b>Sobre a Arezzo\u00a0<\/b><\/h2>\n<p>A empresa oferece um sal\u00e1rio compat\u00edvel com o mercado de trabalho e o colaborador pode contar com os seguintes benef\u00edcios: vale-transporte, vale-refei\u00e7\u00e3o, seguro de vida, assist\u00eancia m\u00e9dica e assist\u00eancia odontol\u00f3gica.<\/p>\n<h2><b>Saiba como concorrer as vagas dispon\u00edveis\u00a0<\/b><\/h2>\n<p>O processo para se candidatar as vagas da Arezzo \u00e9 simples, ao clicar nesse <a href=\"https:\/\/99empregos.com.br\/vaga\/arezzo-tem-vagas-para-varios-niveis-de-escolaridade-veja\/\" target=\"_blank\" rel=\"noopener\">link<\/a>,\u00a0voc\u00ea poder\u00e1 clicar em Candidatar que voc\u00ea ser\u00e1 redirecionado para a \u00e1rea Trabalhe Conosco da empresa. L\u00e1, voc\u00ea ter\u00e1 acesso as diversas vagas e, ao escolher a que se encaixa no seu perfil clique em: Ver descri\u00e7\u00e3o da vaga.<\/p>\n<p>Em seguida, certifique-se de preencher os pr\u00e9-requisitos. Depois \u00e9 s\u00f3 clicar em Inscreva-se e anexar o seu curr\u00edculo. Voc\u00ea pode ainda cadastrar o seu curr\u00edculo no banco de vagas caso n\u00e3o encontre uma vaga.<\/p>\n","protected":false},"excerpt":{"rendered":"<p>Reconhecida como a principal marca de varejo especializada em cal\u00e7ados femininos em toda a Am\u00e9rica Latina, a Arezzo \u00e9 uma refer\u00eancia global no setor, expandindo seu alcance de maneira significativa ano ap\u00f3s ano. O \u00eaxito da empresa \u00e9 atribu\u00eddo a uma administra\u00e7\u00e3o excepcional, combinada com produtos caracterizados por elevada qualidade, conceito e design contempor\u00e2neo. Presente [&hellip;]<\/p>\n","protected":false},"author":13,"featured_media":48913,"comment_status":"open","ping_status":"closed","sticky":false,"template":"","format":"standard","meta":{"footnotes":""},"categories":[1],"tags":[],"class_list":["post-48912","post","type-post","status-publish","format-standard","has-post-thumbnail","hentry","category-sem-categoria"],"_links":{"self":[{"href":"https:\/\/99empregos.com.br\/blog\/wp-json\/wp\/v2\/posts\/48912","targetHints":{"allow":["GET"]}}],"collection":[{"href":"https:\/\/99empregos.com.br\/blog\/wp-json\/wp\/v2\/posts"}],"about":[{"href":"https:\/\/99empregos.com.br\/blog\/wp-json\/wp\/v2\/types\/post"}],"author":[{"embeddable":true,"href":"https:\/\/99empregos.com.br\/blog\/wp-json\/wp\/v2\/users\/13"}],"replies":[{"embeddable":true,"href":"https:\/\/99empregos.com.br\/blog\/wp-json\/wp\/v2\/comments?post=48912"}],"version-history":[{"count":0,"href":"https:\/\/99empregos.com.br\/blog\/wp-json\/wp\/v2\/posts\/48912\/revisions"}],"wp:featuredmedia":[{"embeddable":true,"href":"https:\/\/99empregos.com.br\/blog\/wp-json\/wp\/v2\/media\/48913"}],"wp:attachment":[{"href":"https:\/\/99empregos.com.br\/blog\/wp-json\/wp\/v2\/media?parent=48912"}],"wp:term":[{"taxonomy":"category","embeddable":true,"href":"https:\/\/99empregos.com.br\/blog\/wp-json\/wp\/v2\/categories?post=48912"},{"taxonomy":"post_tag","embeddable":true,"href":"https:\/\/99empregos.com.br\/blog\/wp-json\/wp\/v2\/tags?post=48912"}],"curies":[{"name":"wp","href":"https:\/\/api.w.org\/{rel}","templated":true}]}}