{"id":48915,"date":"2023-12-26T23:11:29","date_gmt":"2023-12-27T02:11:29","guid":{"rendered":"https:\/\/123empregos.com.br\/blog\/?p=48915"},"modified":"2023-12-26T23:11:29","modified_gmt":"2023-12-27T02:11:29","slug":"algar-grupo-com-foco-em-empreendedorismo-tem-vagas","status":"publish","type":"post","link":"https:\/\/99empregos.com.br\/blog\/algar-grupo-com-foco-em-empreendedorismo-tem-vagas\/","title":{"rendered":"Algar: Grupo com foco em EMPREENDEDORISMO tem vagas"},"content":{"rendered":"<div class=\"flex-1 overflow-hidden\">\n<div class=\"react-scroll-to-bottom--css-cmljy-79elbk h-full\">\n<div class=\"react-scroll-to-bottom--css-cmljy-1n7m0yu\">\n<div class=\"flex flex-col pb-9 text-sm\">\n<div class=\"w-full text-token-text-primary\" data-testid=\"conversation-turn-7\">\n<div class=\"px-4 py-2 justify-center text-base md:gap-6 m-auto\">\n<div class=\"flex flex-1 text-base mx-auto gap-3 md:px-5 lg:px-1 xl:px-5 md:max-w-3xl lg:max-w-[40rem] xl:max-w-[48rem] group final-completion\">\n<div class=\"relative flex w-full flex-col lg:w-[calc(100%-115px)] agent-turn\">\n<div class=\"flex-col gap-1 md:gap-3\">\n<div class=\"flex flex-grow flex-col max-w-full\">\n<div class=\"min-h-[20px] text-message flex flex-col items-start gap-3 whitespace-pre-wrap break-words [.text-message+&amp;]:mt-5 overflow-x-auto\" data-message-author-role=\"assistant\" data-message-id=\"6371bf06-5641-4c33-943d-951796da5788\">\n<div class=\"markdown prose w-full break-words dark:prose-invert light\">\n<p>Grupo Algar \u00e9 uma organiza\u00e7\u00e3o empreendedora com uma trajet\u00f3ria de mais de 100 anos. Estabelecido em 1930, o grupo possui uma presen\u00e7a abrangente n\u00e3o apenas no Brasil, mas tamb\u00e9m internacionalmente, operando na Col\u00f4mbia, no M\u00e9xico e na Argentina. O \u00eaxito e a abrang\u00eancia do grupo s\u00e3o resultado de uma gest\u00e3o excepcional, profissionais altamente competentes e rela\u00e7\u00f5es s\u00f3lidas entre a empresa e o cliente, que foram fortalecidas ao longo dos anos e hoje representam lealdade.<\/p>\n<p>Com o objetivo de agregar valor tanto para os clientes quanto para a pr\u00f3pria empresa, a Algar concentra-se no desenvolvimento de relacionamentos e solu\u00e7\u00f5es baseadas em inova\u00e7\u00e3o, resultando em neg\u00f3cios altamente sustent\u00e1veis com valor percebido.<\/p>\n<p>Para alcan\u00e7ar esse objetivo, a equipe da Algar \u00e9 treinada e qualificada para resolver, simplificar e proteger seus associados, clientes e parceiros, proporcionando resultados ben\u00e9ficos para ambas as partes e fortalecendo essa intera\u00e7\u00e3o com maestria.<\/p>\n<p>A credibilidade do Grupo Algar \u00e9 inquestion\u00e1vel. Al\u00e9m disso, a empresa atua considerando uma combina\u00e7\u00e3o de valores, tais como confiabilidade, agilidade, perenidade e inova\u00e7\u00e3o, o que contribui para a aquisi\u00e7\u00e3o cont\u00ednua de clientes e um crescimento exponencial ano ap\u00f3s ano.<\/p>\n<p>Com o objetivo de garantir que todos os clientes sejam atendidos com excel\u00eancia, a empresa regularmente oferece <a href=\"https:\/\/99empregos.com.br\/blog\/mercadocar-tem-mais-de-160-vagas-em-cargos-diferentes-confira\/\" target=\"_blank\" rel=\"noopener\">oportunidades<\/a> de emprego. Confira as<a href=\"https:\/\/99empregos.com.br\/blog\/work-on-empresa-de-marketing-tem-otimas-vagas-confira\/\" target=\"_blank\" rel=\"noopener\"> vagas<\/a> dispon\u00edveis:<\/p>\n<ul>\n<li>T\u00e9cnico de Suporte J\u00fanior &#8211; Belo Horizonte\/MG<\/li>\n<li>Supervisor de Infraestrutura de TI &#8211; Belo Horizonte\/MG<\/li>\n<li>T\u00e9cnico de Suporte Pleno &#8211; S\u00e3o Paulo\/SP<\/li>\n<li>T\u00e9cnico de Suporte Jr &#8211; Confins\/MG<\/li>\n<li>Analista de Projetos &#8211; Sorriso\/MT<\/li>\n<li>T\u00e9cnico de Suporte Jr &#8211; Fortaleza\/CE<\/li>\n<li>Analista de Suporte &#8211; Belo Horizonte\/MG<\/li>\n<li>Assistente Administrativo &#8211; Belo Horizonte\/MG<\/li>\n<li>Analista Fiscal &#8211; S\u00e3o Jos\u00e9 dos Campos\/SP<\/li>\n<li>Analista de Suporte L\u00edder &#8211; S\u00e3o Paulo\/SP<\/li>\n<li>T\u00e9cnico de Suporte &#8211; S\u00e3o Paulo\/SP<\/li>\n<li>Analista de Suporte Operacional &#8211; Sorriso\/MT<\/li>\n<li>Analista de Suporte Tril\u00edngue &#8211; S\u00e3o Paulo\/SP<\/li>\n<\/ul>\n<\/div>\n<\/div>\n<\/div>\n<div class=\"mt-1 flex justify-start gap-3 empty:hidden\"><\/div>\n<\/div>\n<\/div>\n<\/div>\n<\/div>\n<\/div>\n<\/div>\n<\/div>\n<\/div>\n<\/div>\n<div class=\"w-full pt-2 md:pt-0 dark:border-white\/20 md:border-transparent md:dark:border-transparent md:w-[calc(100%-.5rem)]\">\n<h2><b>Sobre a Algar\u00a0<\/b><\/h2>\n<p>A empresa oferece um sal\u00e1rio compat\u00edvel com o mercado de trabalho e o colaborador pode contar com os seguintes benef\u00edcios: vale-transporte, vale-refei\u00e7\u00e3o, seguro de vida, assist\u00eancia m\u00e9dica e assist\u00eancia odontol\u00f3gica.<\/p>\n<h2><b>Saiba como concorrer as vagas dispon\u00edveis\u00a0<\/b><\/h2>\n<p>O processo para se candidatar as vagas da Algar \u00e9 simples, ao clicar nesse <a href=\"https:\/\/99empregos.com.br\/vaga\/algar-grupo-com-foco-em-empreendedorismo-tem-vagas\/\" target=\"_blank\" rel=\"noopener\">link<\/a>,\u00a0voc\u00ea poder\u00e1 clicar em Candidatar que voc\u00ea ser\u00e1 redirecionado para a \u00e1rea Trabalhe Conosco da empresa. L\u00e1, voc\u00ea ter\u00e1 acesso as diversas vagas e, ao escolher a que se encaixa no seu perfil clique em: Ver descri\u00e7\u00e3o da vaga.<\/p>\n<p>Em seguida, certifique-se de preencher os pr\u00e9-requisitos. Depois \u00e9 s\u00f3 clicar em Inscreva-se e anexar o seu curr\u00edculo. Voc\u00ea pode ainda cadastrar o seu curr\u00edculo no banco de vagas caso n\u00e3o encontre uma vaga.<\/p>\n<p>&nbsp;<\/p>\n<\/div>\n","protected":false},"excerpt":{"rendered":"<p>Grupo Algar \u00e9 uma organiza\u00e7\u00e3o empreendedora com uma trajet\u00f3ria de mais de 100 anos. Estabelecido em 1930, o grupo possui uma presen\u00e7a abrangente n\u00e3o apenas no Brasil, mas tamb\u00e9m internacionalmente, operando na Col\u00f4mbia, no M\u00e9xico e na Argentina. O \u00eaxito e a abrang\u00eancia do grupo s\u00e3o resultado de uma gest\u00e3o excepcional, profissionais altamente competentes e [&hellip;]<\/p>\n","protected":false},"author":13,"featured_media":48916,"comment_status":"open","ping_status":"closed","sticky":false,"template":"","format":"standard","meta":{"footnotes":""},"categories":[1],"tags":[1401,1402,2683],"class_list":["post-48915","post","type-post","status-publish","format-standard","has-post-thumbnail","hentry","category-sem-categoria","tag-nivel-medio","tag-nivel-superior","tag-nivel-tecnico"],"_links":{"self":[{"href":"https:\/\/99empregos.com.br\/blog\/wp-json\/wp\/v2\/posts\/48915","targetHints":{"allow":["GET"]}}],"collection":[{"href":"https:\/\/99empregos.com.br\/blog\/wp-json\/wp\/v2\/posts"}],"about":[{"href":"https:\/\/99empregos.com.br\/blog\/wp-json\/wp\/v2\/types\/post"}],"author":[{"embeddable":true,"href":"https:\/\/99empregos.com.br\/blog\/wp-json\/wp\/v2\/users\/13"}],"replies":[{"embeddable":true,"href":"https:\/\/99empregos.com.br\/blog\/wp-json\/wp\/v2\/comments?post=48915"}],"version-history":[{"count":0,"href":"https:\/\/99empregos.com.br\/blog\/wp-json\/wp\/v2\/posts\/48915\/revisions"}],"wp:featuredmedia":[{"embeddable":true,"href":"https:\/\/99empregos.com.br\/blog\/wp-json\/wp\/v2\/media\/48916"}],"wp:attachment":[{"href":"https:\/\/99empregos.com.br\/blog\/wp-json\/wp\/v2\/media?parent=48915"}],"wp:term":[{"taxonomy":"category","embeddable":true,"href":"https:\/\/99empregos.com.br\/blog\/wp-json\/wp\/v2\/categories?post=48915"},{"taxonomy":"post_tag","embeddable":true,"href":"https:\/\/99empregos.com.br\/blog\/wp-json\/wp\/v2\/tags?post=48915"}],"curies":[{"name":"wp","href":"https:\/\/api.w.org\/{rel}","templated":true}]}}