{"id":48968,"date":"2023-12-27T11:27:24","date_gmt":"2023-12-27T14:27:24","guid":{"rendered":"https:\/\/123empregos.com.br\/blog\/?p=48968"},"modified":"2023-12-27T11:27:24","modified_gmt":"2023-12-27T14:27:24","slug":"carrefour-tem-mais-de-mil-vagas-distribuidas-pelo-pais-confira","status":"publish","type":"post","link":"https:\/\/99empregos.com.br\/blog\/carrefour-tem-mais-de-mil-vagas-distribuidas-pelo-pais-confira\/","title":{"rendered":"Carrefour TEM mais de mil vagas distribu\u00eddas pelo pa\u00eds, confira"},"content":{"rendered":"<div class=\"flex-1 overflow-hidden\">\n<div class=\"react-scroll-to-bottom--css-dzexv-79elbk h-full\">\n<div class=\"react-scroll-to-bottom--css-dzexv-1n7m0yu\">\n<div class=\"flex flex-col pb-9 text-sm\">\n<div class=\"w-full text-token-text-primary\" data-testid=\"conversation-turn-17\">\n<div class=\"px-4 py-2 justify-center text-base md:gap-6 m-auto\">\n<div class=\"flex flex-1 text-base mx-auto gap-3 md:px-5 lg:px-1 xl:px-5 md:max-w-3xl lg:max-w-[40rem] xl:max-w-[48rem] group final-completion\">\n<div class=\"relative flex w-full flex-col lg:w-[calc(100%-115px)] agent-turn\">\n<div class=\"flex-col gap-1 md:gap-3\">\n<div class=\"flex flex-grow flex-col max-w-full\">\n<div class=\"min-h-[20px] text-message flex flex-col items-start gap-3 whitespace-pre-wrap break-words [.text-message+&amp;]:mt-5 overflow-x-auto\" data-message-author-role=\"assistant\" data-message-id=\"27da0266-4f77-439d-a0e0-f63364605d3a\">\n<div class=\"markdown prose w-full break-words dark:prose-invert light\">\n<p>Sendo a maior varejista de alimentos no Brasil, o grupo Carrefour tem recebido crescente reconhecimento por suas iniciativas empresariais efetivas e sustent\u00e1veis. Fundado em 1959, esse grupo de origem francesa est\u00e1 estabelecido no Brasil h\u00e1 d\u00e9cadas, liderando atualmente a transi\u00e7\u00e3o alimentar no pa\u00eds ao se comprometer com a promo\u00e7\u00e3o da alimenta\u00e7\u00e3o saud\u00e1vel, limpa e sustent\u00e1vel.<\/p>\n<p>O impacto do Carrefour \u00e9 verdadeiramente not\u00e1vel, contando com mais de 12 mil lojas distribu\u00eddas globalmente e estando presente em todos os estados brasileiros, al\u00e9m do Distrito Federal. Com aproximadamente 730 pontos de venda em diferentes formatos, os produtos Carrefour alcan\u00e7am mais de 95% das fam\u00edlias brasileiras.<\/p>\n<p>O sucesso do Carrefour resulta da combina\u00e7\u00e3o de pre\u00e7os competitivos, alimentos saud\u00e1veis e produtos de qualidade excepcional, o que impulsiona o crescimento exponencial da rede ano ap\u00f3s ano.<\/p>\n<p>Para garantir que toda a popula\u00e7\u00e3o brasileira tenha acesso a um atendimento excepcional, o Carrefour regularmente oferece oportunidades de <a href=\"https:\/\/99empregos.com.br\/blog\/new-space-grupo-de-prestacao-de-servicos-tem-vagas-veja\/\" target=\"_blank\" rel=\"noopener\">emprego<\/a> em diversos setores, localidades e \u00e1reas de atua\u00e7\u00e3o. Confira as <a href=\"https:\/\/99empregos.com.br\/blog\/konecta-gigante-do-telemarketing-tem-oportunidades-veja\/\" target=\"_blank\" rel=\"noopener\">vagas<\/a> atualmente dispon\u00edveis para integrar a equipe do Carrefour:<\/p>\n<ul>\n<li>T\u00e9cnico em Manuten\u00e7\u00e3o &#8211; Porto Alegre\/RS<\/li>\n<li>Empacotador &#8211; Salvador\/BA<\/li>\n<li>Auxiliar Administrativo Tesouraria &#8211; S\u00e3o Bernardo do Campo\/SP<\/li>\n<li>Operador Comercial Cart\u00f5es &#8211; Osasco\/SP<\/li>\n<li>Atendente Farm\u00e1cia &#8211; Campinas\/SP<\/li>\n<li>Repositor de Perec\u00edveis &#8211; Salvador\/BA<\/li>\n<li>L\u00edder de Setor &#8211; Rio de Janeiro\/RJ<\/li>\n<li>Repositor &#8211; Ilh\u00e9us\/BA<\/li>\n<li>T\u00e9cnico de Manuten\u00e7\u00e3o &#8211; Sapucaia do Sul\/RS<\/li>\n<li>Encarregado Se\u00e7\u00e3o &#8211; Joinville\/SC<\/li>\n<li>Caixa Posto &#8211; Vila Velha\/SC<\/li>\n<li>Operador de Cart\u00f5es &#8211; Lajeado\/RS<\/li>\n<li>Operador de Caixas &#8211; Lajeado\/RS<\/li>\n<li>Operador de Caixa &#8211; Rio Verde\/GO<\/li>\n<li>Auxiliar de Cozinha &#8211; V\u00e1rzea Grande\/ SP<\/li>\n<li>Auxiliar de Perec\u00edveis &#8211; Taguatinga\/DF<\/li>\n<li>Repositor &#8211; Bauru\/SP<\/li>\n<li>Operador de Caixa &#8211; Bauru\/SP<\/li>\n<li>Auxiliar de Cozinha &#8211; Porto Alegre\/RS<\/li>\n<li>L\u00edder de Setor &#8211; Jacare\u00ed\/SP<\/li>\n<li>Operador de Empilhadeira &#8211; Bauru\/SP<\/li>\n<li>Operador de Empilhadeira &#8211; Vit\u00f3ria\/ES<\/li>\n<li>Auxiliar de Manuten\u00e7\u00e3o &#8211; Porto Alegre\/RS<\/li>\n<li>Frentista &#8211; S\u00e3o Vicente\/SP<\/li>\n<li>Analista Fiscal J\u00fanior &#8211; Porto Alegre\/RS<\/li>\n<\/ul>\n<\/div>\n<\/div>\n<\/div>\n<\/div>\n<\/div>\n<\/div>\n<\/div>\n<\/div>\n<h2><b>Sobre o Carrefour<\/b><\/h2>\n<p>A empresa oferece um sal\u00e1rio compat\u00edvel com o mercado de trabalho e o colaborador pode contar com os seguintes benef\u00edcios: vale-transporte, vale-refei\u00e7\u00e3o, seguro de vida, assist\u00eancia m\u00e9dica e assist\u00eancia odontol\u00f3gica.<\/p>\n<h2><b>Saiba como concorrer as vagas dispon\u00edveis\u00a0<\/b><\/h2>\n<p>O processo para se candidatar as vagas do Carrefour \u00e9 simples, ao clicar nesse<a href=\"https:\/\/99empregos.com.br\/vaga\/carrefour-tem-mais-de-mil-vagas-distribuidas-pelo-pais-confira\/\" target=\"_blank\" rel=\"noopener\">\u00a0link<\/a>,\u00a0voc\u00ea poder\u00e1 clicar em Candidatar que voc\u00ea ser\u00e1 redirecionado para a \u00e1rea Trabalhe Conosco da empresa. L\u00e1, voc\u00ea ter\u00e1 acesso as diversas vagas e, ao escolher a que se encaixa no seu perfil clique em: Ver descri\u00e7\u00e3o da vaga.<\/p>\n<p>Em seguida, certifique-se de preencher os pr\u00e9-requisitos. Depois \u00e9 s\u00f3 clicar em Inscreva-se e anexar o seu curr\u00edculo. Voc\u00ea pode ainda cadastrar o seu curr\u00edculo no banco de vagas caso n\u00e3o encontre uma vaga.<\/p>\n<\/div>\n<\/div>\n<\/div>\n<\/div>\n","protected":false},"excerpt":{"rendered":"<p>Sendo a maior varejista de alimentos no Brasil, o grupo Carrefour tem recebido crescente reconhecimento por suas iniciativas empresariais efetivas e sustent\u00e1veis. Fundado em 1959, esse grupo de origem francesa est\u00e1 estabelecido no Brasil h\u00e1 d\u00e9cadas, liderando atualmente a transi\u00e7\u00e3o alimentar no pa\u00eds ao se comprometer com a promo\u00e7\u00e3o da alimenta\u00e7\u00e3o saud\u00e1vel, limpa e sustent\u00e1vel. [&hellip;]<\/p>\n","protected":false},"author":13,"featured_media":48970,"comment_status":"open","ping_status":"closed","sticky":false,"template":"","format":"standard","meta":{"footnotes":""},"categories":[1],"tags":[1401,1402,2683],"class_list":["post-48968","post","type-post","status-publish","format-standard","has-post-thumbnail","hentry","category-sem-categoria","tag-nivel-medio","tag-nivel-superior","tag-nivel-tecnico"],"_links":{"self":[{"href":"https:\/\/99empregos.com.br\/blog\/wp-json\/wp\/v2\/posts\/48968","targetHints":{"allow":["GET"]}}],"collection":[{"href":"https:\/\/99empregos.com.br\/blog\/wp-json\/wp\/v2\/posts"}],"about":[{"href":"https:\/\/99empregos.com.br\/blog\/wp-json\/wp\/v2\/types\/post"}],"author":[{"embeddable":true,"href":"https:\/\/99empregos.com.br\/blog\/wp-json\/wp\/v2\/users\/13"}],"replies":[{"embeddable":true,"href":"https:\/\/99empregos.com.br\/blog\/wp-json\/wp\/v2\/comments?post=48968"}],"version-history":[{"count":0,"href":"https:\/\/99empregos.com.br\/blog\/wp-json\/wp\/v2\/posts\/48968\/revisions"}],"wp:featuredmedia":[{"embeddable":true,"href":"https:\/\/99empregos.com.br\/blog\/wp-json\/wp\/v2\/media\/48970"}],"wp:attachment":[{"href":"https:\/\/99empregos.com.br\/blog\/wp-json\/wp\/v2\/media?parent=48968"}],"wp:term":[{"taxonomy":"category","embeddable":true,"href":"https:\/\/99empregos.com.br\/blog\/wp-json\/wp\/v2\/categories?post=48968"},{"taxonomy":"post_tag","embeddable":true,"href":"https:\/\/99empregos.com.br\/blog\/wp-json\/wp\/v2\/tags?post=48968"}],"curies":[{"name":"wp","href":"https:\/\/api.w.org\/{rel}","templated":true}]}}