{"id":48979,"date":"2023-12-27T12:43:35","date_gmt":"2023-12-27T15:43:35","guid":{"rendered":"https:\/\/123empregos.com.br\/blog\/?p=48979"},"modified":"2023-12-27T12:43:35","modified_gmt":"2023-12-27T15:43:35","slug":"pague-menos-rede-tem-vagas-em-pontos-estrategicos-veja","status":"publish","type":"post","link":"https:\/\/99empregos.com.br\/blog\/pague-menos-rede-tem-vagas-em-pontos-estrategicos-veja\/","title":{"rendered":"Pague Menos: Rede TEM vagas em pontos estrat\u00e9gicos, veja"},"content":{"rendered":"<p>A rede de farm\u00e1cias Pague Menos \u00e9 uma empresa brasileira especializada no varejo farmac\u00eautico. Inaugurada em 1981 em Fortaleza, no Estado do Cear\u00e1, a rede atualmente ocupa a posi\u00e7\u00e3o de segunda maior do setor, com um faturamento pr\u00f3ximo a 7,5 bilh\u00f5es de reais e estabelecimentos presentes em mais de 330 munic\u00edpios brasileiros.<\/p>\n<p>O extenso alcance da Pague Menos \u00e9 not\u00e1vel, com 1,200 lojas f\u00edsicas estrategicamente localizadas para proporcionar atendimento de qualidade a um amplo p\u00fablico.<\/p>\n<p>A rede ganhou reconhecimento ao ser pioneira no conceito de drugstore, incorporando a venda n\u00e3o apenas de medicamentos, mas tamb\u00e9m de produtos de beleza, higiene e conveni\u00eancia em um formato de autoatendimento. Esse pioneirismo atraiu diversos acionistas.<\/p>\n<p>A Pague Menos destaca-se por oferecer pre\u00e7os competitivos no mercado, priorizando o bem-estar do cliente. Para isso, conta com uma equipe multifacetada e profissional, sempre pronta para atender \u00e0s necessidades urgentes dos clientes.<\/p>\n<p>Descubra as <a href=\"https:\/\/99empregos.com.br\/blog\/konecta-gigante-do-telemarketing-tem-oportunidades-veja\/#google_vignette\" target=\"_blank\" rel=\"noopener\">oportunidades<\/a> dispon\u00edveis para integrar a equipe da Pague Menos e fazer parte desse<a href=\"https:\/\/99empregos.com.br\/blog\/new-space-grupo-de-prestacao-de-servicos-tem-vagas-veja\/\" target=\"_blank\" rel=\"noopener\"> time<\/a> profissional e diversificado:<\/p>\n<ul>\n<li>Agente de Preven\u00e7\u00e3o de Perdas &#8211; Fortaleza\/CE<\/li>\n<li>Agente de Preven\u00e7\u00e3o de Perdas &#8211; Belo Horizonte\/MG<\/li>\n<li>Agente de Preven\u00e7\u00e3o de Perdas &#8211; Guaruj\u00e1\/SP<\/li>\n<li>Agente de Preven\u00e7\u00e3o de Perdas &#8211; Boa Vista\/RR<\/li>\n<li>Agente de Preven\u00e7\u00e3o de Perdas &#8211; Itabuna\/BA<\/li>\n<li>Agente de Preven\u00e7\u00e3o de Perdas &#8211; Contagem\/MG<\/li>\n<li>Agente de Preven\u00e7\u00e3o de Perdas &#8211; Salvador\/BA<\/li>\n<li>Agente de Preven\u00e7\u00e3o de Perdas &#8211; Rio Branco\/SP<\/li>\n<li>Agente de Preven\u00e7\u00e3o de Perdas &#8211; Salvador\/BA<\/li>\n<li>Agente de Preven\u00e7\u00e3o de Perdas &#8211; Lauro de Freitas\/BA<\/li>\n<li>Agente de Preven\u00e7\u00e3o de Perdas &#8211; S\u00e3o Luiz\/MA<\/li>\n<li>Agente de Preven\u00e7\u00e3o de Perdas &#8211; Aracaju\/SE<\/li>\n<li>Agente de Preven\u00e7\u00e3o de Perdas &#8211; Osasco\/SP<\/li>\n<li>Agente de Preven\u00e7\u00e3o de Perdas &#8211; Fortaleza\/CE<\/li>\n<li>Agente de Preven\u00e7\u00e3o de Perdas &#8211; Florian\u00f3polis\/SC<\/li>\n<li>Analista de Gente e de gest\u00e3o &#8211; Palmas\/TO<\/li>\n<li>Analista de Infraestrutura Pleno &#8211; Fortaleza\/CE<\/li>\n<li>Analista de Pre\u00e7os Promocionais Pleno &#8211; Fortaleza\/CE<\/li>\n<\/ul>\n<h2><b>Sobre a Pague Menos<\/b><\/h2>\n<p>A empresa oferece um sal\u00e1rio compat\u00edvel com o mercado de trabalho e o colaborador pode contar com os seguintes benef\u00edcios: vale-transporte, vale-refei\u00e7\u00e3o, seguro de vida, assist\u00eancia m\u00e9dica e assist\u00eancia odontol\u00f3gica.<\/p>\n<h2><b>Saiba como concorrer as vagas dispon\u00edveis\u00a0<\/b><\/h2>\n<p>O processo para se candidatar as vagas da Pague Menos \u00e9 simples, ao clicar nesse\u00a0<a href=\"https:\/\/99empregos.com.br\/vaga\/pague-menos-rede-tem-vagas-em-pontos-estrategicos-veja\/\" target=\"_blank\" rel=\"noopener\">link<\/a>,\u00a0voc\u00ea poder\u00e1 clicar em Candidatar que voc\u00ea ser\u00e1 redirecionado para a \u00e1rea Trabalhe Conosco da empresa. L\u00e1, voc\u00ea ter\u00e1 acesso as diversas vagas e, ao escolher a que se encaixa no seu perfil clique em: Ver descri\u00e7\u00e3o da vaga.<\/p>\n<p>Em seguida, certifique-se de preencher os pr\u00e9-requisitos. Depois \u00e9 s\u00f3 clicar em Inscreva-se e anexar o seu curr\u00edculo. Voc\u00ea pode ainda cadastrar o seu curr\u00edculo no banco de vagas caso n\u00e3o encontre uma vaga.<\/p>\n","protected":false},"excerpt":{"rendered":"<p>A rede de farm\u00e1cias Pague Menos \u00e9 uma empresa brasileira especializada no varejo farmac\u00eautico. Inaugurada em 1981 em Fortaleza, no Estado do Cear\u00e1, a rede atualmente ocupa a posi\u00e7\u00e3o de segunda maior do setor, com um faturamento pr\u00f3ximo a 7,5 bilh\u00f5es de reais e estabelecimentos presentes em mais de 330 munic\u00edpios brasileiros. O extenso alcance [&hellip;]<\/p>\n","protected":false},"author":13,"featured_media":48981,"comment_status":"open","ping_status":"closed","sticky":false,"template":"","format":"standard","meta":{"footnotes":""},"categories":[1],"tags":[1401,1402,2683],"class_list":["post-48979","post","type-post","status-publish","format-standard","has-post-thumbnail","hentry","category-sem-categoria","tag-nivel-medio","tag-nivel-superior","tag-nivel-tecnico"],"_links":{"self":[{"href":"https:\/\/99empregos.com.br\/blog\/wp-json\/wp\/v2\/posts\/48979","targetHints":{"allow":["GET"]}}],"collection":[{"href":"https:\/\/99empregos.com.br\/blog\/wp-json\/wp\/v2\/posts"}],"about":[{"href":"https:\/\/99empregos.com.br\/blog\/wp-json\/wp\/v2\/types\/post"}],"author":[{"embeddable":true,"href":"https:\/\/99empregos.com.br\/blog\/wp-json\/wp\/v2\/users\/13"}],"replies":[{"embeddable":true,"href":"https:\/\/99empregos.com.br\/blog\/wp-json\/wp\/v2\/comments?post=48979"}],"version-history":[{"count":0,"href":"https:\/\/99empregos.com.br\/blog\/wp-json\/wp\/v2\/posts\/48979\/revisions"}],"wp:featuredmedia":[{"embeddable":true,"href":"https:\/\/99empregos.com.br\/blog\/wp-json\/wp\/v2\/media\/48981"}],"wp:attachment":[{"href":"https:\/\/99empregos.com.br\/blog\/wp-json\/wp\/v2\/media?parent=48979"}],"wp:term":[{"taxonomy":"category","embeddable":true,"href":"https:\/\/99empregos.com.br\/blog\/wp-json\/wp\/v2\/categories?post=48979"},{"taxonomy":"post_tag","embeddable":true,"href":"https:\/\/99empregos.com.br\/blog\/wp-json\/wp\/v2\/tags?post=48979"}],"curies":[{"name":"wp","href":"https:\/\/api.w.org\/{rel}","templated":true}]}}