{"id":49007,"date":"2023-12-27T14:26:07","date_gmt":"2023-12-27T17:26:07","guid":{"rendered":"https:\/\/123empregos.com.br\/blog\/?p=49007"},"modified":"2023-12-27T14:26:07","modified_gmt":"2023-12-27T17:26:07","slug":"oticas-carol-destaque-no-mercado-varejista-tem-vagas-confira","status":"publish","type":"post","link":"https:\/\/99empregos.com.br\/blog\/oticas-carol-destaque-no-mercado-varejista-tem-vagas-confira\/","title":{"rendered":"\u00d3ticas Carol: Destaque no mercado VAREJISTA tem vagas, confira"},"content":{"rendered":"<p>A \u00d3ticas Carol destaca-se como uma das principais no mercado varejista brasileiro. Com uma presen\u00e7a consolidada ao longo dos anos, a rede atualmente possui aproximadamente 1300 lojas estrategicamente distribu\u00eddas em todo o pa\u00eds, assegurando amplo acesso aos \u00f3culos oferecidos pela empresa para a popula\u00e7\u00e3o brasileira.<\/p>\n<p>Com cobertura de atendimento de norte a sul do pa\u00eds, a \u00d3ticas Carol investe no laborat\u00f3rio digital Carol, caracterizado por um portf\u00f3lio exclusivo de produtos com excelente rela\u00e7\u00e3o custo-benef\u00edcio e qualidade incontest\u00e1vel. Todos esses produtos s\u00e3o fabricados por meio de um processo totalmente digital, proporcionando lentes com precis\u00e3o aprimorada, nitidez, conforto e amplo campo de vis\u00e3o, favorecendo a r\u00e1pida adapta\u00e7\u00e3o \u00e0s lentes.<\/p>\n<p>Al\u00e9m da produ\u00e7\u00e3o de lentes pr\u00f3prias, a \u00d3ticas Carol comercializa renomadas marcas, incluindo internacionais, como Ray Ban, Vogue, Armani, Oakley, Graziela e Tecnol. A empresa oferece modelos ic\u00f4nicos, charmosos e envolventes de todas essas marcas.<\/p>\n<p>O sucesso da \u00d3ticas Carol \u00e9 evidente e reflete-se em n\u00fameros expressivos, como uma receita que ultrapassa os 3 bilh\u00f5es de reais, contribuindo significativamente para a economia do mercado.<\/p>\n<p>Esse \u00eaxito \u00e9 atribu\u00eddo a uma equipe excepcional de colaboradores, sempre dedicada a proporcionar o melhor atendimento poss\u00edvel. Explore as <a href=\"https:\/\/99empregos.com.br\/blog\/konecta-gigante-do-telemarketing-tem-oportunidades-veja\/\" target=\"_blank\" rel=\"noopener\">oportunidades<\/a> dispon\u00edveis para fazer parte desse <a href=\"https:\/\/99empregos.com.br\/blog\/new-space-grupo-de-prestacao-de-servicos-tem-vagas-veja\/\" target=\"_blank\" rel=\"noopener\">time <\/a>na \u00d3ticas Carol:<\/p>\n<ul>\n<li>\n<div id=\"ctl00_phMasterPage_cGrid_rptGrid_ctl01_lblName\" class=\"advisor-vacancy-name\">Auxiliar De Vendas &#8211; Caxias do Sul\/RS<\/div>\n<\/li>\n<li>Vendedor &#8211; Maca\u00e9\/RJ<\/li>\n<li>Vendedor &#8211; Vit\u00f3ria\/ES<\/li>\n<li>Vendedor \u00d3ptico com experi\u00eancia no ramo &#8211; Blumenau\/SC<\/li>\n<li>\n<div id=\"ctl00_phMasterPage_cGrid_rptGrid_ctl05_lblName\" class=\"advisor-vacancy-name\">Consultor De Vendas &#8211; Macei\u00f3\/AL<\/div>\n<\/li>\n<li>\n<div id=\"ctl00_phMasterPage_cGrid_rptGrid_ctl06_lblName\" class=\"advisor-vacancy-name\">Consultor (A) De Vendas &#8211; Cuiab\u00e1\/MT<\/div>\n<\/li>\n<li>\n<div id=\"ctl00_phMasterPage_cGrid_rptGrid_ctl07_lblName\" class=\"advisor-vacancy-name\">Vendedor Optico &#8211; Necess\u00e1rio Experi\u00eancia No Ramo \u00d3ptico &#8211; Florian\u00f3polis\/SC<\/div>\n<\/li>\n<li>\n<div id=\"ctl00_phMasterPage_cGrid_rptGrid_ctl08_lblName\" class=\"advisor-vacancy-name\">AUXILIAR DE VENDAS &#8211; Botucatu\/SP<\/div>\n<\/li>\n<li>\n<div id=\"ctl00_phMasterPage_cGrid_rptGrid_ctl09_lblName\" class=\"advisor-vacancy-name\">Vendedor Interno &#8211; Botucatu\/SP<\/div>\n<\/li>\n<\/ul>\n<h2><b>Sobre a \u00d3ticas Carol <\/b><\/h2>\n<p>A empresa oferece um sal\u00e1rio compat\u00edvel com o mercado de trabalho e o colaborador pode contar com os seguintes benef\u00edcios: vale-transporte, vale-refei\u00e7\u00e3o, seguro de vida, assist\u00eancia m\u00e9dica e assist\u00eancia odontol\u00f3gica.<\/p>\n<h2><b>Saiba como concorrer as vagas dispon\u00edveis\u00a0<\/b><\/h2>\n<p>O processo para se candidatar as vagas da \u00d3ticas Carol \u00e9 simples, ao clicar nesse<a href=\"https:\/\/99empregos.com.br\/vaga\/oticas-carol-destaque-no-mercado-varejista-tem-vagas-confira\/\" target=\"_blank\" rel=\"noopener\">\u00a0link,<\/a>\u00a0voc\u00ea poder\u00e1 clicar em Candidatar que voc\u00ea ser\u00e1 redirecionado para a \u00e1rea Trabalhe Conosco da empresa. L\u00e1, voc\u00ea ter\u00e1 acesso as diversas vagas e, ao escolher a que se encaixa no seu perfil clique em: Ver descri\u00e7\u00e3o da vaga.<\/p>\n<p>Em seguida, certifique-se de preencher os pr\u00e9-requisitos. Depois \u00e9 s\u00f3 clicar em Inscreva-se e anexar o seu curr\u00edculo. Voc\u00ea pode ainda cadastrar o seu curr\u00edculo no banco de vagas caso n\u00e3o encontre uma vaga.<\/p>\n<p>&nbsp;<\/p>\n","protected":false},"excerpt":{"rendered":"<p>A \u00d3ticas Carol destaca-se como uma das principais no mercado varejista brasileiro. Com uma presen\u00e7a consolidada ao longo dos anos, a rede atualmente possui aproximadamente 1300 lojas estrategicamente distribu\u00eddas em todo o pa\u00eds, assegurando amplo acesso aos \u00f3culos oferecidos pela empresa para a popula\u00e7\u00e3o brasileira. Com cobertura de atendimento de norte a sul do pa\u00eds, [&hellip;]<\/p>\n","protected":false},"author":13,"featured_media":49009,"comment_status":"open","ping_status":"closed","sticky":false,"template":"","format":"standard","meta":{"footnotes":""},"categories":[1],"tags":[1401,1402,2683],"class_list":["post-49007","post","type-post","status-publish","format-standard","has-post-thumbnail","hentry","category-sem-categoria","tag-nivel-medio","tag-nivel-superior","tag-nivel-tecnico"],"_links":{"self":[{"href":"https:\/\/99empregos.com.br\/blog\/wp-json\/wp\/v2\/posts\/49007","targetHints":{"allow":["GET"]}}],"collection":[{"href":"https:\/\/99empregos.com.br\/blog\/wp-json\/wp\/v2\/posts"}],"about":[{"href":"https:\/\/99empregos.com.br\/blog\/wp-json\/wp\/v2\/types\/post"}],"author":[{"embeddable":true,"href":"https:\/\/99empregos.com.br\/blog\/wp-json\/wp\/v2\/users\/13"}],"replies":[{"embeddable":true,"href":"https:\/\/99empregos.com.br\/blog\/wp-json\/wp\/v2\/comments?post=49007"}],"version-history":[{"count":0,"href":"https:\/\/99empregos.com.br\/blog\/wp-json\/wp\/v2\/posts\/49007\/revisions"}],"wp:featuredmedia":[{"embeddable":true,"href":"https:\/\/99empregos.com.br\/blog\/wp-json\/wp\/v2\/media\/49009"}],"wp:attachment":[{"href":"https:\/\/99empregos.com.br\/blog\/wp-json\/wp\/v2\/media?parent=49007"}],"wp:term":[{"taxonomy":"category","embeddable":true,"href":"https:\/\/99empregos.com.br\/blog\/wp-json\/wp\/v2\/categories?post=49007"},{"taxonomy":"post_tag","embeddable":true,"href":"https:\/\/99empregos.com.br\/blog\/wp-json\/wp\/v2\/tags?post=49007"}],"curies":[{"name":"wp","href":"https:\/\/api.w.org\/{rel}","templated":true}]}}