{"id":49123,"date":"2024-01-04T16:52:51","date_gmt":"2024-01-04T19:52:51","guid":{"rendered":"https:\/\/123empregos.com.br\/blog\/?p=49123"},"modified":"2024-01-04T16:52:51","modified_gmt":"2024-01-04T19:52:51","slug":"dia-rede-de-supermercados-tem-vagas-ao-redor-do-pais","status":"publish","type":"post","link":"https:\/\/99empregos.com.br\/blog\/dia-rede-de-supermercados-tem-vagas-ao-redor-do-pais\/","title":{"rendered":"Dia: Rede de SUPERMERCADOS tem vagas ao redor do pa\u00eds"},"content":{"rendered":"<div class=\"flex-1 overflow-hidden\">\n<div class=\"react-scroll-to-bottom--css-kduhl-79elbk h-full\">\n<div class=\"react-scroll-to-bottom--css-kduhl-1n7m0yu\">\n<div class=\"flex flex-col pb-9 text-sm\">\n<div class=\"w-full text-token-text-primary\" data-testid=\"conversation-turn-7\">\n<div class=\"px-4 py-2 justify-center text-base md:gap-6 m-auto\">\n<div class=\"flex flex-1 text-base mx-auto gap-3 md:px-5 lg:px-1 xl:px-5 md:max-w-3xl lg:max-w-[40rem] xl:max-w-[48rem] group final-completion\">\n<div class=\"relative flex w-full flex-col lg:w-[calc(100%-115px)] agent-turn\">\n<div class=\"flex-col gap-1 md:gap-3\">\n<div class=\"flex flex-grow flex-col max-w-full\">\n<div class=\"min-h-[20px] text-message flex flex-col items-start gap-3 whitespace-pre-wrap break-words [.text-message+&amp;]:mt-5 overflow-x-auto\" data-message-author-role=\"assistant\" data-message-id=\"685f6935-9998-47ec-9e8c-596432b2b953\">\n<div class=\"markdown prose w-full break-words dark:prose-invert light\">\n<p>Com uma presen\u00e7a que se estende por mais de 6500 lojas na Europa e Am\u00e9rica do Sul, e contando com uma equipe composta por mais de 39 mil colaboradores, o Grupo Dia, respons\u00e1vel pelo supermercado Dia, teve sua origem na Espanha em 1979. Desde o seu estabelecimento, a miss\u00e3o da Dia \u00e9 oferecer produtos com pre\u00e7os acess\u00edveis.<\/p>\n<p>A cria\u00e7\u00e3o da sua pr\u00f3pria marca em 1984, iniciando com um amaciante, levou o Dia a desenvolver uma variedade de produtos que agora ostentam a marca exclusiva do supermercado.<\/p>\n<p>Guiado por valores como Respeito, Iniciativa, Efici\u00eancia, Equipe e Cliente, o Dia opera diariamente com princ\u00edpios orientadores, tais como colocar o cliente no centro de todas as a\u00e7\u00f5es, adotar uma pol\u00edtica de toler\u00e2ncia zero para comportamentos anti\u00e9ticos, focar na redu\u00e7\u00e3o da complexidade, cultivar uma cultura de melhoria constante e gerenciar custos eficientemente.<\/p>\n<p>Em termos corporativos, o Dia se fundamenta em pilares como o pre\u00e7o, visando tornar os produtos acess\u00edveis a todos; a marca pr\u00f3pria, oferecendo produtos exclusivos e de alta qualidade; a frescura, especialmente em rela\u00e7\u00e3o aos produtos perec\u00edveis; e a proximidade, com lojas estrategicamente posicionadas em locais bem escolhidos.<\/p>\n<p>Explore as <a href=\"https:\/\/99empregos.com.br\/blog\/oticas-gassi-rede-tem-vagas-nos-grandes-estados-brasileiros\/#google_vignette\" target=\"_blank\" rel=\"noopener\">oportunidades<\/a> dispon\u00edveis para se juntar \u00e0<a href=\"https:\/\/99empregos.com.br\/blog\/lojas-lebes-tem-mais-de-160-vagas-diferentes-confira\/\" target=\"_blank\" rel=\"noopener\"> equipe<\/a> de colaboradores do Dia:<\/p>\n<\/div>\n<\/div>\n<\/div>\n<ul>\n<li>Operador de Loja &#8211; V\u00e1rzea Paulista\/SP<\/li>\n<li>Programa Jovem Aprendiz &#8211; \u00c1gua Fria &#8211; S\u00e3o Paulo\/SP<\/li>\n<li>Programa Jovem Aprendiz &#8211; S\u00e3o Miguel &#8211; S\u00e3o Paulo\/SP<\/li>\n<li>Programa Jovem Aprendiz &#8211; Vila Gomes &#8211; S\u00e3o Paulo\/SP<\/li>\n<li>Programa Jovem Aprendiz &#8211; Carmosina &#8211; S\u00e3o Paulo\/SP<\/li>\n<li>Operador de Loja &#8211; S\u00e3o Paulo\/SP<\/li>\n<li>Encarregado de Loja &#8211; S\u00e3o Paulo\/SP<\/li>\n<li>Programa Jovem Aprendiz &#8211; Vila Mariana &#8211; S\u00e3o Paulo\/SP<\/li>\n<li>Montador de Loja &#8211; S\u00e3o Paulo\/SP<\/li>\n<li>Programa Jovem Aprendiz &#8211; Orl\u00e2ndia\/SP<\/li>\n<li>Programa Jovem Aprendiz &#8211; Cravinhos\/SP<\/li>\n<li>Programa Jovem Aprendiz &#8211; Ribeir\u00e3o Preto\/SP<\/li>\n<li>Encarregado de Loja &#8211; S\u00e3o Jos\u00e9 dos Campos\/SP<\/li>\n<li>Encarregado de Loja &#8211; S\u00e3o Paulo\/SP<\/li>\n<\/ul>\n<\/div>\n<\/div>\n<div class=\"relative flex w-full flex-col lg:w-[calc(100%-115px)] agent-turn\">\n<div class=\"flex-col gap-1 md:gap-3\">\n<div class=\"mt-1 flex justify-start gap-3 empty:hidden\">\n<div class=\"text-gray-400 flex self-end lg:self-center justify-center lg:justify-start mt-0 gap-1 visible\">\n<div class=\"flex items-center gap-1.5 text-xs\">\n<h2><b>Sobre o Dia\u00a0<\/b><\/h2>\n<p>A empresa oferece um sal\u00e1rio compat\u00edvel com o mercado de trabalho e o colaborador pode contar com os seguintes benef\u00edcios: vale-transporte, vale-refei\u00e7\u00e3o, seguro de vida, assist\u00eancia m\u00e9dica e assist\u00eancia odontol\u00f3gica.<\/p>\n<h2><b>Saiba como concorrer as vagas dispon\u00edveis\u00a0<\/b><\/h2>\n<p>O processo para se candidatar as vagas do Dia \u00e9 simples, ao clicar nesse<a href=\"https:\/\/99empregos.com.br\/vaga\/dia-rede-de-supermercados-tem-vagas-ao-redor-do-pais\/\" target=\"_blank\" rel=\"noopener\"> link,<\/a>\u00a0voc\u00ea poder\u00e1 clicar em Candidatar que voc\u00ea ser\u00e1 redirecionado para a \u00e1rea Trabalhe Conosco da empresa. L\u00e1, voc\u00ea ter\u00e1 acesso as diversas vagas e, ao escolher a que se encaixa no seu perfil clique em: Ver descri\u00e7\u00e3o da vaga.<\/p>\n<p>Em seguida, certifique-se de preencher os pr\u00e9-requisitos. Depois \u00e9 s\u00f3 clicar em Inscreva-se e anexar o seu curr\u00edculo. Voc\u00ea pode ainda cadastrar o seu curr\u00edculo no banco de vagas caso n\u00e3o encontre uma vaga.<\/p>\n<\/div>\n<\/div>\n<\/div>\n<\/div>\n<div class=\"absolute\">\n<div class=\"flex w-full gap-2 items-center justify-center\"><\/div>\n<\/div>\n<\/div>\n<\/div>\n<\/div>\n<\/div>\n<\/div>\n<\/div>\n<\/div>\n<\/div>\n<div class=\"w-full pt-2 md:pt-0 dark:border-white\/20 md:border-transparent md:dark:border-transparent md:w-[calc(100%-.5rem)]\">\n<div class=\"relative flex h-full flex-1 items-stretch md:flex-col\">\n<div class=\"flex w-full items-center\"><\/div>\n<\/div>\n<\/div>\n","protected":false},"excerpt":{"rendered":"<p>Com uma presen\u00e7a que se estende por mais de 6500 lojas na Europa e Am\u00e9rica do Sul, e contando com uma equipe composta por mais de 39 mil colaboradores, o Grupo Dia, respons\u00e1vel pelo supermercado Dia, teve sua origem na Espanha em 1979. Desde o seu estabelecimento, a miss\u00e3o da Dia \u00e9 oferecer produtos com [&hellip;]<\/p>\n","protected":false},"author":13,"featured_media":49124,"comment_status":"open","ping_status":"closed","sticky":false,"template":"","format":"standard","meta":{"footnotes":""},"categories":[1],"tags":[1401,1402,2683],"class_list":["post-49123","post","type-post","status-publish","format-standard","has-post-thumbnail","hentry","category-sem-categoria","tag-nivel-medio","tag-nivel-superior","tag-nivel-tecnico"],"_links":{"self":[{"href":"https:\/\/99empregos.com.br\/blog\/wp-json\/wp\/v2\/posts\/49123","targetHints":{"allow":["GET"]}}],"collection":[{"href":"https:\/\/99empregos.com.br\/blog\/wp-json\/wp\/v2\/posts"}],"about":[{"href":"https:\/\/99empregos.com.br\/blog\/wp-json\/wp\/v2\/types\/post"}],"author":[{"embeddable":true,"href":"https:\/\/99empregos.com.br\/blog\/wp-json\/wp\/v2\/users\/13"}],"replies":[{"embeddable":true,"href":"https:\/\/99empregos.com.br\/blog\/wp-json\/wp\/v2\/comments?post=49123"}],"version-history":[{"count":0,"href":"https:\/\/99empregos.com.br\/blog\/wp-json\/wp\/v2\/posts\/49123\/revisions"}],"wp:featuredmedia":[{"embeddable":true,"href":"https:\/\/99empregos.com.br\/blog\/wp-json\/wp\/v2\/media\/49124"}],"wp:attachment":[{"href":"https:\/\/99empregos.com.br\/blog\/wp-json\/wp\/v2\/media?parent=49123"}],"wp:term":[{"taxonomy":"category","embeddable":true,"href":"https:\/\/99empregos.com.br\/blog\/wp-json\/wp\/v2\/categories?post=49123"},{"taxonomy":"post_tag","embeddable":true,"href":"https:\/\/99empregos.com.br\/blog\/wp-json\/wp\/v2\/tags?post=49123"}],"curies":[{"name":"wp","href":"https:\/\/api.w.org\/{rel}","templated":true}]}}