{"id":49198,"date":"2024-01-07T21:23:27","date_gmt":"2024-01-08T00:23:27","guid":{"rendered":"https:\/\/123empregos.com.br\/blog\/?p=49198"},"modified":"2024-01-07T21:23:27","modified_gmt":"2024-01-08T00:23:27","slug":"grupo-avenida-varejista-de-alto-impacto-tem-vagas-confira","status":"publish","type":"post","link":"https:\/\/99empregos.com.br\/blog\/grupo-avenida-varejista-de-alto-impacto-tem-vagas-confira\/","title":{"rendered":"Grupo Avenida: VAREJISTA de alto impacto tem vagas, confira"},"content":{"rendered":"<p>Fundado em 1978 no estado do Mato Grosso, o Grupo Avenida se destaca como a maior rede de varejo de moda na regi\u00e3o Centro-Oeste, exercendo tamb\u00e9m uma forte influ\u00eancia no Norte do pa\u00eds. Atualmente, para aprimorar ainda mais sua oferta, a rede \u00e9 dividida em duas grandes lojas de departamento: Giovanna Cal\u00e7ados e Lojas Avenidas, ambas presentes em mais de 11 estados brasileiros.<\/p>\n<p>O impacto do Grupo \u00e9 t\u00e3o significativo quanto sua abrang\u00eancia. Isso se deve a uma administra\u00e7\u00e3o excepcional e \u00e0 frente de seu tempo, que combina as \u00faltimas tend\u00eancias da moda com uma s\u00f3lida experi\u00eancia de mercado, proporcionando pe\u00e7as de qualidade e estilo a pre\u00e7os competitivos. Esse cen\u00e1rio levou a empresa a figurar entre as 10 maiores do pa\u00eds.<\/p>\n<p>O Grupo Avenida \u00e9 tamb\u00e9m um favorito entre os consumidores brasileiros por oferecer uma experi\u00eancia de compra \u00fanica. Todas as lojas apresentam o que h\u00e1 de melhor no mercado, destacando-se em diversos segmentos, como moda, cal\u00e7ados, cama, mesa, banho e decora\u00e7\u00e3o.<\/p>\n<p>Essa estrutura abrangente, disponibilizada aos clientes, \u00e9 mantida por uma equipe excepcional, diversificada e especializada, a qual regularmente abre oportunidades de <a href=\"https:\/\/99empregos.com.br\/blog\/redetv-tem-mais-de-20-cargos-em-varios-segmentos-confira\/\" target=\"_blank\" rel=\"noopener\">emprego<\/a> em diferentes \u00e1reas e para diversos n\u00edveis de escolaridade. Confira as <a href=\"https:\/\/99empregos.com.br\/blog\/safe-park-estacionamentos-tem-mais-de-30-vagas-veja\/\" target=\"_blank\" rel=\"noopener\">vagas<\/a> dispon\u00edveis para fazer parte desse time:<\/p>\n<ul>\n<li>Fiscal de Loja &#8211; Salvador\/BA<\/li>\n<li>Assessor de Clientes &#8211; Salvador\/BA<\/li>\n<li>Analista de Compras Indiretas &#8211; S\u00e3o Paulo\/SP<\/li>\n<li>Promotor de Vendas &#8211; Servi\u00e7os Financeiros &#8211; Porto Velho\/RO<\/li>\n<li>Promotor de Vendas &#8211; Servi\u00e7os Financeiros &#8211; Cacoal\/RO<\/li>\n<li>Assessor de Clientes &#8211; Goian\u00e9sia\/GO<\/li>\n<li>Assessor de Clientes &#8211; Rio Branco\/AC<\/li>\n<li>Coordenador de RH &#8211; Goi\u00e2nia\/GO<\/li>\n<li>Coordenador de RH &#8211; Bras\u00edlia\/DF<\/li>\n<li>Coordenador de RH &#8211; Salvador\/BA<\/li>\n<li>Coordenador de RH &#8211; Marab\u00e1\/PA<\/li>\n<li>Coordenador de RH &#8211; Vit\u00f3ria\/ES<\/li>\n<li>Analista Fiscal S\u00eanior &#8211; S\u00e3o Paulo\/SP<\/li>\n<li>Analista Fiscal J\u00fanior &#8211; S\u00e3o Paulo\/SP<\/li>\n<li>Fiscal de Loja &#8211; Lucas do Rio Verde\/MT<\/li>\n<\/ul>\n<h2><b>Sobre o Grupo Avenida<\/b><\/h2>\n<p>A empresa oferece um sal\u00e1rio compat\u00edvel com o mercado de trabalho e o colaborador pode contar com os seguintes benef\u00edcios: vale-transporte, vale-refei\u00e7\u00e3o, seguro de vida, assist\u00eancia m\u00e9dica e assist\u00eancia odontol\u00f3gica.<\/p>\n<h2><b>Saiba como concorrer as vagas dispon\u00edveis\u00a0<\/b><\/h2>\n<p>O processo para se candidatar as vagas do Grupo Avenida \u00e9 simples, ao clicar nesse <a href=\"https:\/\/99empregos.com.br\/vaga\/grupo-avenida-varejista-de-alto-impacto-tem-vagas-confira\/\" target=\"_blank\" rel=\"noopener\">link<\/a>,\u00a0voc\u00ea poder\u00e1 clicar em Candidatar que voc\u00ea ser\u00e1 redirecionado para a \u00e1rea Trabalhe Conosco da empresa. L\u00e1, voc\u00ea ter\u00e1 acesso as diversas vagas e, ao escolher a que se encaixa no seu perfil clique em: Ver descri\u00e7\u00e3o da vaga.<\/p>\n<p>Em seguida, certifique-se de preencher os pr\u00e9-requisitos. Depois \u00e9 s\u00f3 clicar em Inscreva-se e anexar o seu curr\u00edculo. Voc\u00ea pode ainda cadastrar o seu curr\u00edculo no banco de vagas caso n\u00e3o encontre uma vaga.<\/p>\n<p>&nbsp;<\/p>\n<p>&nbsp;<\/p>\n<p>&nbsp;<\/p>\n<p>&nbsp;<\/p>\n","protected":false},"excerpt":{"rendered":"<p>Fundado em 1978 no estado do Mato Grosso, o Grupo Avenida se destaca como a maior rede de varejo de moda na regi\u00e3o Centro-Oeste, exercendo tamb\u00e9m uma forte influ\u00eancia no Norte do pa\u00eds. Atualmente, para aprimorar ainda mais sua oferta, a rede \u00e9 dividida em duas grandes lojas de departamento: Giovanna Cal\u00e7ados e Lojas Avenidas, [&hellip;]<\/p>\n","protected":false},"author":13,"featured_media":49199,"comment_status":"open","ping_status":"closed","sticky":false,"template":"","format":"standard","meta":{"footnotes":""},"categories":[1],"tags":[],"class_list":["post-49198","post","type-post","status-publish","format-standard","has-post-thumbnail","hentry","category-sem-categoria"],"_links":{"self":[{"href":"https:\/\/99empregos.com.br\/blog\/wp-json\/wp\/v2\/posts\/49198","targetHints":{"allow":["GET"]}}],"collection":[{"href":"https:\/\/99empregos.com.br\/blog\/wp-json\/wp\/v2\/posts"}],"about":[{"href":"https:\/\/99empregos.com.br\/blog\/wp-json\/wp\/v2\/types\/post"}],"author":[{"embeddable":true,"href":"https:\/\/99empregos.com.br\/blog\/wp-json\/wp\/v2\/users\/13"}],"replies":[{"embeddable":true,"href":"https:\/\/99empregos.com.br\/blog\/wp-json\/wp\/v2\/comments?post=49198"}],"version-history":[{"count":0,"href":"https:\/\/99empregos.com.br\/blog\/wp-json\/wp\/v2\/posts\/49198\/revisions"}],"wp:featuredmedia":[{"embeddable":true,"href":"https:\/\/99empregos.com.br\/blog\/wp-json\/wp\/v2\/media\/49199"}],"wp:attachment":[{"href":"https:\/\/99empregos.com.br\/blog\/wp-json\/wp\/v2\/media?parent=49198"}],"wp:term":[{"taxonomy":"category","embeddable":true,"href":"https:\/\/99empregos.com.br\/blog\/wp-json\/wp\/v2\/categories?post=49198"},{"taxonomy":"post_tag","embeddable":true,"href":"https:\/\/99empregos.com.br\/blog\/wp-json\/wp\/v2\/tags?post=49198"}],"curies":[{"name":"wp","href":"https:\/\/api.w.org\/{rel}","templated":true}]}}