{"id":49229,"date":"2024-01-08T11:39:00","date_gmt":"2024-01-08T14:39:00","guid":{"rendered":"https:\/\/123empregos.com.br\/blog\/?p=49229"},"modified":"2024-01-08T11:39:00","modified_gmt":"2024-01-08T14:39:00","slug":"grupo-peralta-grande-varejista-tem-mais-de-80-vagas-confira","status":"publish","type":"post","link":"https:\/\/99empregos.com.br\/blog\/grupo-peralta-grande-varejista-tem-mais-de-80-vagas-confira\/","title":{"rendered":"Grupo Peralta: Grande varejista tem mais de 80 VAGAS, confira"},"content":{"rendered":"<div class=\"flex-1 overflow-hidden\">\n<div class=\"react-scroll-to-bottom--css-tpecw-79elbk h-full\">\n<div class=\"react-scroll-to-bottom--css-tpecw-1n7m0yu\">\n<div class=\"flex flex-col pb-9 text-sm\">\n<div class=\"w-full text-token-text-primary\" data-testid=\"conversation-turn-11\">\n<div class=\"px-4 py-2 justify-center text-base md:gap-6 m-auto\">\n<div class=\"flex flex-1 text-base mx-auto gap-3 md:px-5 lg:px-1 xl:px-5 md:max-w-3xl lg:max-w-[40rem] xl:max-w-[48rem] group final-completion\">\n<div class=\"relative flex w-full flex-col lg:w-[calc(100%-115px)] agent-turn\">\n<div class=\"flex-col gap-1 md:gap-3\">\n<div class=\"flex flex-grow flex-col max-w-full\">\n<div class=\"min-h-[20px] text-message flex flex-col items-start gap-3 whitespace-pre-wrap break-words [.text-message+&amp;]:mt-5 overflow-x-auto\" data-message-author-role=\"assistant\" data-message-id=\"32fc7cdb-8d86-4e63-9458-8a485f52ef89\">\n<div class=\"markdown prose w-full break-words dark:prose-invert light\">\n<p>O Grupo Peralta exerce uma s\u00f3lida presen\u00e7a no setor varejista, especialmente no segmento de supermercados. Estabelecido em 1957 no estado de S\u00e3o Paulo, mais precisamente em Cubat\u00e3o, o grupo expandiu-se para abranger todo o estado, marcando presen\u00e7a em mais de 20 cidades do interior, com 27 lojas e 2 centros de distribui\u00e7\u00e3o estrategicamente localizados em pontos-chave do pa\u00eds.<\/p>\n<p>Al\u00e9m da sua rede de supermercados, o grupo atua em dois setores em ascens\u00e3o na economia: concession\u00e1rias de ve\u00edculos e shoppings centers. Juntamente com a rede de supermercados, o Grupo Peralta desempenha um papel crucial na gera\u00e7\u00e3o de empregos para centenas de brasileiros, contribuindo de maneira eficaz para a din\u00e2mica econ\u00f4mica do pa\u00eds.<\/p>\n<p>O grupo tem sido agraciado com v\u00e1rios pr\u00eamios, muitos dos quais reconhecem a excel\u00eancia do ambiente de trabalho proporcionado, onde os colaboradores s\u00e3o submetidos a tratamentos s\u00f3lidos que resultam em oportunidades de progresso n\u00e3o apenas dentro da empresa.<\/p>\n<p>Considerando-se uma excelente <a href=\"https:\/\/99empregos.com.br\/blog\/gafisa-empresa-com-atuacao-em-construcao-civil-tem-vagas\/\" target=\"_blank\" rel=\"noopener\">oportunidade<\/a> de emprego, o Grupo Peralta oferece dezenas de vagas dispon\u00edveis em diversas \u00e1reas, para diferentes n\u00edveis de especializa\u00e7\u00e3o e localidades. Confira as <a href=\"https:\/\/99empregos.com.br\/blog\/yazigi-escola-de-idiomas-tem-vagas-em-varios-estados-confira\/\" target=\"_blank\" rel=\"noopener\">oportunidades<\/a> para fazer parte do Grupo Peralta:<\/p>\n<\/div>\n<\/div>\n<\/div>\n<\/div>\n<ul>\n<li>Coordenador Cont\u00e1bil &#8211; S\u00e3o Paulo\/SP<\/li>\n<li>Operador de Caixa &#8211; Santana do Parna\u00edba\/SP<\/li>\n<li>Balconista de Frios &#8211; S\u00e3o Bernardo do Campo\/SP<\/li>\n<li>Mec\u00e2nico Automotivo &#8211; S\u00e3o Paulo\/SP<\/li>\n<li>Aprendiz &#8211; Praia Grande\/SP<\/li>\n<li>Repositor de Hortifruti &#8211; Indaiatuba\/SP<\/li>\n<li>Auxiliar de a\u00e7ougue &#8211; Indaiatuba\/SP<\/li>\n<li>Auxiliar de Cozinha &#8211; S\u00e3o Paulo\/SP<\/li>\n<li>Mec\u00e2nico Automotivo &#8211; Santos\/SP<\/li>\n<li>Operador de Caixa &#8211; Porto Feliz\/SP<\/li>\n<li>Faxineiro &#8211; Jundia\u00ed\/SP<\/li>\n<li>Cozinheiro &#8211; Avar\u00e9\/SP<\/li>\n<li>Padeiro &#8211; Boituva\/SP<\/li>\n<li>Auxiliar de Padaria &#8211; Sorocaba\/SP<\/li>\n<li>Auxiliar de Padeiro &#8211; Salto\/SP<\/li>\n<li>Repositor &#8211; Sorocaba\/SP<\/li>\n<li>Auxiliar de a\u00e7ougue &#8211; Itu\/SP<\/li>\n<li>Cozinheiro &#8211; S\u00e3o Bernardo do Campo\/SP<\/li>\n<li>Balconista de Padaria &#8211; Santos\/SP<\/li>\n<li>Operador de Caixa &#8211; PCD &#8211; Santana do Parna\u00edba\/SP<\/li>\n<li>Repositor de Mercearia &#8211; Indaiatuba\/SP<\/li>\n<li>Auxiliar de Confeitaria &#8211; Indaiatuba\/SP<\/li>\n<li>Aprendiz\u00a0 &#8211; Indaiatuba\/SP<\/li>\n<li>Aprendiz &#8211; Jundia\u00ed\/SP<\/li>\n<\/ul>\n<h2><b>Sobre o Grupo Peralta<\/b><\/h2>\n<p>A empresa oferece um sal\u00e1rio compat\u00edvel com o mercado de trabalho e o colaborador pode contar com os seguintes benef\u00edcios: vale-transporte, vale-refei\u00e7\u00e3o, seguro de vida, assist\u00eancia m\u00e9dica e assist\u00eancia odontol\u00f3gica.<\/p>\n<h2><b>Saiba como concorrer as vagas dispon\u00edveis\u00a0<\/b><\/h2>\n<p>O processo para se candidatar as vagas do Grupo Peralta \u00e9 simples, ao clicar nesse <a href=\"https:\/\/99empregos.com.br\/vaga\/grupo-peralta-grande-varejista-tem-mais-de-80-vagas-confira\/\" target=\"_blank\" rel=\"noopener\">link<\/a>,\u00a0voc\u00ea poder\u00e1 clicar em Candidatar que voc\u00ea ser\u00e1 redirecionado para a \u00e1rea Trabalhe Conosco da empresa. L\u00e1, voc\u00ea ter\u00e1 acesso as diversas vagas e, ao escolher a que se encaixa no seu perfil clique em: Ver descri\u00e7\u00e3o da vaga.<\/p>\n<p>Em seguida, certifique-se de preencher os pr\u00e9-requisitos. Depois \u00e9 s\u00f3 clicar em Inscreva-se e anexar o seu curr\u00edculo. Voc\u00ea pode ainda cadastrar o seu curr\u00edculo no banco de vagas caso n\u00e3o encontre uma vaga.<\/p>\n<p>&nbsp;<\/p>\n<div class=\"flex-col gap-1 md:gap-3\">\n<div class=\"mt-1 flex justify-start gap-3 empty:hidden\">\n<div class=\"text-gray-400 flex self-end lg:self-center justify-center lg:justify-start mt-0 gap-1 visible\">\n<div class=\"flex items-center gap-1.5 text-xs\"><\/div>\n<\/div>\n<\/div>\n<\/div>\n<div class=\"absolute\">\n<div class=\"flex w-full gap-2 items-center justify-center\"><\/div>\n<\/div>\n<\/div>\n<\/div>\n<\/div>\n<\/div>\n<\/div>\n<\/div>\n<\/div>\n<\/div>\n<div class=\"w-full pt-2 md:pt-0 dark:border-white\/20 md:border-transparent md:dark:border-transparent md:w-[calc(100%-.5rem)]\">\n<div class=\"relative flex h-full flex-1 items-stretch md:flex-col\">\n<div class=\"flex w-full items-center\"><\/div>\n<\/div>\n<\/div>\n","protected":false},"excerpt":{"rendered":"<p>O Grupo Peralta exerce uma s\u00f3lida presen\u00e7a no setor varejista, especialmente no segmento de supermercados. Estabelecido em 1957 no estado de S\u00e3o Paulo, mais precisamente em Cubat\u00e3o, o grupo expandiu-se para abranger todo o estado, marcando presen\u00e7a em mais de 20 cidades do interior, com 27 lojas e 2 centros de distribui\u00e7\u00e3o estrategicamente localizados em [&hellip;]<\/p>\n","protected":false},"author":13,"featured_media":49230,"comment_status":"open","ping_status":"closed","sticky":false,"template":"","format":"standard","meta":{"footnotes":""},"categories":[1],"tags":[1401,1402,2683],"class_list":["post-49229","post","type-post","status-publish","format-standard","has-post-thumbnail","hentry","category-sem-categoria","tag-nivel-medio","tag-nivel-superior","tag-nivel-tecnico"],"_links":{"self":[{"href":"https:\/\/99empregos.com.br\/blog\/wp-json\/wp\/v2\/posts\/49229","targetHints":{"allow":["GET"]}}],"collection":[{"href":"https:\/\/99empregos.com.br\/blog\/wp-json\/wp\/v2\/posts"}],"about":[{"href":"https:\/\/99empregos.com.br\/blog\/wp-json\/wp\/v2\/types\/post"}],"author":[{"embeddable":true,"href":"https:\/\/99empregos.com.br\/blog\/wp-json\/wp\/v2\/users\/13"}],"replies":[{"embeddable":true,"href":"https:\/\/99empregos.com.br\/blog\/wp-json\/wp\/v2\/comments?post=49229"}],"version-history":[{"count":0,"href":"https:\/\/99empregos.com.br\/blog\/wp-json\/wp\/v2\/posts\/49229\/revisions"}],"wp:featuredmedia":[{"embeddable":true,"href":"https:\/\/99empregos.com.br\/blog\/wp-json\/wp\/v2\/media\/49230"}],"wp:attachment":[{"href":"https:\/\/99empregos.com.br\/blog\/wp-json\/wp\/v2\/media?parent=49229"}],"wp:term":[{"taxonomy":"category","embeddable":true,"href":"https:\/\/99empregos.com.br\/blog\/wp-json\/wp\/v2\/categories?post=49229"},{"taxonomy":"post_tag","embeddable":true,"href":"https:\/\/99empregos.com.br\/blog\/wp-json\/wp\/v2\/tags?post=49229"}],"curies":[{"name":"wp","href":"https:\/\/api.w.org\/{rel}","templated":true}]}}