{"id":49348,"date":"2024-01-09T19:38:40","date_gmt":"2024-01-09T22:38:40","guid":{"rendered":"https:\/\/123empregos.com.br\/blog\/?p=49348"},"modified":"2024-01-09T19:38:40","modified_gmt":"2024-01-09T22:38:40","slug":"di-santinni-empresa-de-calcados-tem-vagas-de-trabalho-veja","status":"publish","type":"post","link":"https:\/\/99empregos.com.br\/blog\/di-santinni-empresa-de-calcados-tem-vagas-de-trabalho-veja\/","title":{"rendered":"Di Santinni: Empresa de CAL\u00c7ADOS tem vagas de trabalho, veja"},"content":{"rendered":"<div class=\"flex-1 overflow-hidden\">\n<div class=\"react-scroll-to-bottom--css-osorq-79elbk h-full\">\n<div class=\"react-scroll-to-bottom--css-osorq-1n7m0yu\">\n<div class=\"flex flex-col pb-9 text-sm\">\n<div class=\"w-full text-token-text-primary\" data-testid=\"conversation-turn-9\">\n<div class=\"px-4 py-2 justify-center text-base md:gap-6 m-auto\">\n<div class=\"flex flex-1 text-base mx-auto gap-3 md:px-5 lg:px-1 xl:px-5 md:max-w-3xl lg:max-w-[40rem] xl:max-w-[48rem] group final-completion\">\n<div class=\"relative flex w-full flex-col lg:w-[calc(100%-115px)] agent-turn\">\n<div class=\"flex-col gap-1 md:gap-3\">\n<div class=\"flex flex-grow flex-col max-w-full\">\n<div class=\"min-h-[20px] text-message flex flex-col items-start gap-3 whitespace-pre-wrap break-words [.text-message+&amp;]:mt-5 overflow-x-auto\" data-message-author-role=\"assistant\" data-message-id=\"28607b56-59a9-466a-a109-0a5b5ef0e633\">\n<div class=\"markdown prose w-full break-words dark:prose-invert light\">\n<p>A Di Santinni \u00e9 uma rede nacional de cal\u00e7ados, estabelecida em 1980, conhecida por seu portf\u00f3lio abrangente que inclui produtos exclusivos de alta qualidade, oferecendo ainda pre\u00e7os competitivos. Esse portf\u00f3lio est\u00e1 dispon\u00edvel em centenas de lojas estrategicamente distribu\u00eddas pelo pa\u00eds, visando agregar valor tanto para os clientes quanto para a empresa.<\/p>\n<p>A marca atende a um amplo p\u00fablico, com mais de 4,3 milh\u00f5es de pessoas circulando diariamente em suas lojas. Esse p\u00fablico \u00e9 atendido de maneira habilidosa por mais de 4500 colaboradores, os quais recebem tratamento exclusivo em gest\u00e3o e atendimento, buscando proporcionar o melhor aos clientes e impulsionar a posi\u00e7\u00e3o da Di Santinni no mercado de cal\u00e7ados.<\/p>\n<p>O time de colaboradores est\u00e1 presente em todas as regi\u00f5es do pa\u00eds, abrangendo estados como Para\u00edba, Rond\u00f4nia, Pernambuco, Para\u00edba, Maranh\u00e3o, Amazonas, Par\u00e1, Alagoas, Rio Grande do Norte, Sergipe e Rio de Janeiro. Al\u00e9m disso, a Di Santinni oferece a conveni\u00eancia de compras online por meio de seu site, apresentando o mesmo portf\u00f3lio encontrado nas lojas f\u00edsicas.<\/p>\n<p>Esse conjunto de iniciativas contribui para o crescimento exponencial da Di Santinni, que frequentemente abre <a href=\"https:\/\/99empregos.com.br\/blog\/mrv-tem-vagas-para-varios-niveis-de-escolaridade-veja\/#google_vignette\" target=\"_blank\" rel=\"noopener\">vagas de trabalho<\/a> em diversos setores e para diferentes n\u00edveis de escolaridade. Confira as <a href=\"https:\/\/99empregos.com.br\/blog\/mundivox-empresa-de-dados-e-comunicacao-tem-vagas-veja\/\" target=\"_blank\" rel=\"noopener\">oportunidades<\/a> dispon\u00edveis atualmente:<\/p>\n<ul>\n<li>Auxiliar de Servi\u00e7os Gerais &#8211; Rio de Janeiro\/RJ<\/li>\n<li>Atendente de Loja &#8211; Rio de Janeiro\/RJ<\/li>\n<li>Analista de Preven\u00e7\u00e3o e Perdas &#8211; Macei\u00f3\/AL<\/li>\n<li>Analista Fiscal &#8211; Rio de Janeiro\/RJ<\/li>\n<li>Jovem Aprendiz Comercial &#8211; Rio de Janeiro\/RJ<\/li>\n<li>Atendente de Loja &#8211; Visual Merchandising &#8211; Rio de Janeiro\/RJ<\/li>\n<li>Analista de Marketing Pleno &#8211; Rio de Janeiro\/RJ<\/li>\n<li>L\u00edder de Loja &#8211; Duque de Caxias\/RJ<\/li>\n<li>Analista de CRM &#8211; S\u00e3o Paulo\/SP<\/li>\n<li>Atendente de Loja &#8211; Rio de Janeiro\/RJ<\/li>\n<li>Analista de CRM SR- S\u00e3o Paulo\/SP<\/li>\n<\/ul>\n<\/div>\n<\/div>\n<\/div>\n<\/div>\n<\/div>\n<\/div>\n<\/div>\n<h2><b>Sobre a Di Santinni<\/b><\/h2>\n<p>A empresa oferece um sal\u00e1rio compat\u00edvel com o mercado de trabalho e o colaborador pode contar com os seguintes benef\u00edcios: vale-transporte, vale-refei\u00e7\u00e3o, seguro de vida, assist\u00eancia m\u00e9dica e assist\u00eancia odontol\u00f3gica.<\/p>\n<h2><b>Saiba como concorrer as vagas dispon\u00edveis\u00a0<\/b><\/h2>\n<p>O processo para se candidatar as vagas da Di Santinni \u00e9 simples, ao clicar nesse <a href=\"https:\/\/99empregos.com.br\/vaga\/di-santinni-empresa-de-calcados-tem-vagas-de-trabalho-veja\/\" target=\"_blank\" rel=\"noopener\">link<\/a>,\u00a0voc\u00ea poder\u00e1 clicar em Candidatar que voc\u00ea ser\u00e1 redirecionado para a \u00e1rea Trabalhe Conosco da empresa. L\u00e1, voc\u00ea ter\u00e1 acesso as diversas vagas e, ao escolher a que se encaixa no seu perfil clique em: Ver descri\u00e7\u00e3o da vaga.<\/p>\n<p>Em seguida, certifique-se de preencher os pr\u00e9-requisitos. Depois \u00e9 s\u00f3 clicar em Inscreva-se e anexar o seu curr\u00edculo. Voc\u00ea pode ainda cadastrar o seu curr\u00edculo no banco de vagas caso n\u00e3o encontre uma vaga.<\/p>\n<\/div>\n<\/div>\n<\/div>\n<\/div>\n<\/div>\n","protected":false},"excerpt":{"rendered":"<p>A Di Santinni \u00e9 uma rede nacional de cal\u00e7ados, estabelecida em 1980, conhecida por seu portf\u00f3lio abrangente que inclui produtos exclusivos de alta qualidade, oferecendo ainda pre\u00e7os competitivos. Esse portf\u00f3lio est\u00e1 dispon\u00edvel em centenas de lojas estrategicamente distribu\u00eddas pelo pa\u00eds, visando agregar valor tanto para os clientes quanto para a empresa. A marca atende a [&hellip;]<\/p>\n","protected":false},"author":13,"featured_media":49350,"comment_status":"open","ping_status":"closed","sticky":false,"template":"","format":"standard","meta":{"footnotes":""},"categories":[1],"tags":[1401,1402,2683],"class_list":["post-49348","post","type-post","status-publish","format-standard","has-post-thumbnail","hentry","category-sem-categoria","tag-nivel-medio","tag-nivel-superior","tag-nivel-tecnico"],"_links":{"self":[{"href":"https:\/\/99empregos.com.br\/blog\/wp-json\/wp\/v2\/posts\/49348","targetHints":{"allow":["GET"]}}],"collection":[{"href":"https:\/\/99empregos.com.br\/blog\/wp-json\/wp\/v2\/posts"}],"about":[{"href":"https:\/\/99empregos.com.br\/blog\/wp-json\/wp\/v2\/types\/post"}],"author":[{"embeddable":true,"href":"https:\/\/99empregos.com.br\/blog\/wp-json\/wp\/v2\/users\/13"}],"replies":[{"embeddable":true,"href":"https:\/\/99empregos.com.br\/blog\/wp-json\/wp\/v2\/comments?post=49348"}],"version-history":[{"count":0,"href":"https:\/\/99empregos.com.br\/blog\/wp-json\/wp\/v2\/posts\/49348\/revisions"}],"wp:featuredmedia":[{"embeddable":true,"href":"https:\/\/99empregos.com.br\/blog\/wp-json\/wp\/v2\/media\/49350"}],"wp:attachment":[{"href":"https:\/\/99empregos.com.br\/blog\/wp-json\/wp\/v2\/media?parent=49348"}],"wp:term":[{"taxonomy":"category","embeddable":true,"href":"https:\/\/99empregos.com.br\/blog\/wp-json\/wp\/v2\/categories?post=49348"},{"taxonomy":"post_tag","embeddable":true,"href":"https:\/\/99empregos.com.br\/blog\/wp-json\/wp\/v2\/tags?post=49348"}],"curies":[{"name":"wp","href":"https:\/\/api.w.org\/{rel}","templated":true}]}}