{"id":49385,"date":"2024-01-10T11:35:28","date_gmt":"2024-01-10T14:35:28","guid":{"rendered":"https:\/\/123empregos.com.br\/blog\/?p=49385"},"modified":"2024-01-10T11:35:28","modified_gmt":"2024-01-10T14:35:28","slug":"materdei-rede-de-saude-tem-otimas-oportunidades-confira","status":"publish","type":"post","link":"https:\/\/99empregos.com.br\/blog\/materdei-rede-de-saude-tem-otimas-oportunidades-confira\/","title":{"rendered":"Materdei: Rede de SA\u00daDE tem \u00f3timas oportunidades, confira"},"content":{"rendered":"<p>O Materdei \u00e9 uma renomada rede de sa\u00fade com reconhecimento internacional. Estabelecido em 1980, o hospital tornou-se uma refer\u00eancia em presta\u00e7\u00e3o de servi\u00e7os e solu\u00e7\u00f5es eficazes, integrando tecnologia avan\u00e7ada, diagn\u00f3stico, preven\u00e7\u00e3o e tratamento de ponta. Os princ\u00edpios fundamentais da rede s\u00e3o baseados em tr\u00eas pilares: o human\u00edstico, o cient\u00edfico e o cultural.<\/p>\n<p>A atua\u00e7\u00e3o abrangente do Materdei \u00e9 amplamente reconhecida, n\u00e3o apenas no \u00e2mbito da assist\u00eancia m\u00e9dica, mas tamb\u00e9m em pesquisa e ensino. O sucesso em ambos os campos \u00e9 evidente por meio de indicadores como o volume de pesquisas, participa\u00e7\u00f5es em congressos nacionais e internacionais, publica\u00e7\u00f5es, entre outros.<\/p>\n<p>A presen\u00e7a do Materdei transcende fronteiras, com tr\u00eas hospitais localizados na regi\u00e3o metropolitana de Belo Horizonte, capital de Minas Gerais. Essas unidades estrategicamente posicionadas visam atender a um p\u00fablico diversificado. Os hospitais s\u00e3o denominados Mater Dei Santo Agostinho, Mater Dei Betim-Contagem e Mater Dei Contorno.<\/p>\n<p>Cada uma dessas instala\u00e7\u00f5es oferece um portf\u00f3lio de servi\u00e7os e especialidades \u00fanicas, destacando-se em segmentos cruciais como sa\u00fade da mulher, oncologia pedi\u00e1trica e hemodi\u00e1lise. Todos esses servi\u00e7os s\u00e3o prestados por uma equipe altamente especializada e bem treinada.<\/p>\n<p>Explore as <a href=\"https:\/\/99empregos.com.br\/blog\/ragazzo-rede-de-comida-italiana-tem-vagas-em-todo-o-pais-veja\/\" target=\"_blank\" rel=\"noopener\">oportunidades<\/a> dispon\u00edveis para integrar a <a href=\"https:\/\/99empregos.com.br\/blog\/pop-trade-empresa-de-marketing-tem-otimas-vagas-confira\/#google_vignette\" target=\"_blank\" rel=\"noopener\">equipe<\/a> do Materdei:<\/p>\n<ul>\n<li>Est\u00e1gio em Atendimento &#8211; Feira de Santana\/BA<\/li>\n<li>Estagi\u00e1rio N\u00edvel M\u00e9dio &#8211; Feira de Santana\/BA<\/li>\n<li>Enfermeiro &#8211; Centro Cir\u00fargico &#8211; Betim\/MG<\/li>\n<li>Auxiliar de Canal M\u00e9dico &#8211; Salvador\/BA<\/li>\n<li>Auxiliar de Higieniza\u00e7\u00e3o Hospitalar &#8211; Feira de Santana\/BA<\/li>\n<li>Auxiliar de Higieniza\u00e7\u00e3o Hospitalar &#8211; Feira de Santana\/BA<\/li>\n<li>Auxiliar de Higieniza\u00e7\u00e3o Hospitalar &#8211; Feira de Santana\/BA<\/li>\n<li>Est\u00e1gio de Enfermagem &#8211; Feira de Santana\/BA &#8211; 8 VAGAS<\/li>\n<li>T\u00e9cnico de Seguran\u00e7a do Trabalho &#8211; Feira de Santana\/BA<\/li>\n<li>Coordenador de Farm\u00e1cia Hospitalar &#8211; Feira de Santana\/BA<\/li>\n<li>Coordenador de Suprimentos &#8211; Bahia<\/li>\n<li>Est\u00e1gio N\u00edvel Superior &#8211; Nutri\u00e7\u00e3o &#8211; Belo Horizonte\/MG<\/li>\n<\/ul>\n<h2><b>Sobre o Materdei\u00a0<\/b><\/h2>\n<p>A empresa oferece um sal\u00e1rio compat\u00edvel com o mercado de trabalho e o colaborador pode contar com os seguintes benef\u00edcios: vale-transporte, vale-refei\u00e7\u00e3o, seguro de vida, assist\u00eancia m\u00e9dica e assist\u00eancia odontol\u00f3gica.<\/p>\n<h2><b>Saiba como concorrer as vagas dispon\u00edveis\u00a0<\/b><\/h2>\n<p>O processo para se candidatar as vagas do Materdei \u00e9 simples, ao clicar nesse <a href=\"https:\/\/99empregos.com.br\/vaga\/materdei-rede-de-saude-tem-otimas-oportunidades-confira\/\" target=\"_blank\" rel=\"noopener\">link<\/a>,\u00a0voc\u00ea poder\u00e1 clicar em Candidatar que voc\u00ea ser\u00e1 redirecionado para a \u00e1rea Trabalhe Conosco da empresa. L\u00e1, voc\u00ea ter\u00e1 acesso as diversas vagas e, ao escolher a que se encaixa no seu perfil clique em: Ver descri\u00e7\u00e3o da vaga.<\/p>\n<p>Em seguida, certifique-se de preencher os pr\u00e9-requisitos. Depois \u00e9 s\u00f3 clicar em Inscreva-se e anexar o seu curr\u00edculo. Voc\u00ea pode ainda cadastrar o seu curr\u00edculo no banco de vagas caso n\u00e3o encontre uma vaga.<\/p>\n<p>&nbsp;<\/p>\n","protected":false},"excerpt":{"rendered":"<p>O Materdei \u00e9 uma renomada rede de sa\u00fade com reconhecimento internacional. Estabelecido em 1980, o hospital tornou-se uma refer\u00eancia em presta\u00e7\u00e3o de servi\u00e7os e solu\u00e7\u00f5es eficazes, integrando tecnologia avan\u00e7ada, diagn\u00f3stico, preven\u00e7\u00e3o e tratamento de ponta. Os princ\u00edpios fundamentais da rede s\u00e3o baseados em tr\u00eas pilares: o human\u00edstico, o cient\u00edfico e o cultural. A atua\u00e7\u00e3o abrangente [&hellip;]<\/p>\n","protected":false},"author":13,"featured_media":49387,"comment_status":"open","ping_status":"closed","sticky":false,"template":"","format":"standard","meta":{"footnotes":""},"categories":[1],"tags":[1401,1402,2683],"class_list":["post-49385","post","type-post","status-publish","format-standard","has-post-thumbnail","hentry","category-sem-categoria","tag-nivel-medio","tag-nivel-superior","tag-nivel-tecnico"],"_links":{"self":[{"href":"https:\/\/99empregos.com.br\/blog\/wp-json\/wp\/v2\/posts\/49385","targetHints":{"allow":["GET"]}}],"collection":[{"href":"https:\/\/99empregos.com.br\/blog\/wp-json\/wp\/v2\/posts"}],"about":[{"href":"https:\/\/99empregos.com.br\/blog\/wp-json\/wp\/v2\/types\/post"}],"author":[{"embeddable":true,"href":"https:\/\/99empregos.com.br\/blog\/wp-json\/wp\/v2\/users\/13"}],"replies":[{"embeddable":true,"href":"https:\/\/99empregos.com.br\/blog\/wp-json\/wp\/v2\/comments?post=49385"}],"version-history":[{"count":0,"href":"https:\/\/99empregos.com.br\/blog\/wp-json\/wp\/v2\/posts\/49385\/revisions"}],"wp:featuredmedia":[{"embeddable":true,"href":"https:\/\/99empregos.com.br\/blog\/wp-json\/wp\/v2\/media\/49387"}],"wp:attachment":[{"href":"https:\/\/99empregos.com.br\/blog\/wp-json\/wp\/v2\/media?parent=49385"}],"wp:term":[{"taxonomy":"category","embeddable":true,"href":"https:\/\/99empregos.com.br\/blog\/wp-json\/wp\/v2\/categories?post=49385"},{"taxonomy":"post_tag","embeddable":true,"href":"https:\/\/99empregos.com.br\/blog\/wp-json\/wp\/v2\/tags?post=49385"}],"curies":[{"name":"wp","href":"https:\/\/api.w.org\/{rel}","templated":true}]}}