{"id":49520,"date":"2024-01-14T17:22:28","date_gmt":"2024-01-14T20:22:28","guid":{"rendered":"https:\/\/123empregos.com.br\/blog\/?p=49520"},"modified":"2024-01-14T17:22:28","modified_gmt":"2024-01-14T20:22:28","slug":"beleza-natural-empresa-com-foco-em-cabelos-tem-otimas-vagas","status":"publish","type":"post","link":"https:\/\/99empregos.com.br\/blog\/beleza-natural-empresa-com-foco-em-cabelos-tem-otimas-vagas\/","title":{"rendered":"Beleza Natural: Empresa com foco em cabelos TEM \u00f3timas vagas"},"content":{"rendered":"<p>A Beleza Natural \u00e9 uma marca especializada em produtos exclusivos destinados a cabelos crespos, ondulados e cacheados. Com mais de tr\u00eas d\u00e9cadas de atua\u00e7\u00e3o no mercado, a empresa \u00e9 conhecida por fornecer tratamentos abrangentes e eficazes, utilizando f\u00f3rmulas que atendem \u00e0 diversidade desses tipos de cabelo.<\/p>\n<p>Origin\u00e1ria do Rio de Janeiro, a marca expandiu sua presen\u00e7a para mais de 28 unidades, incluindo quiosques e institutos, estrategicamente distribu\u00eddos em cinco estados do pa\u00eds para atender seu p\u00fablico-alvo. Esses estados s\u00e3o: S\u00e3o Paulo, Esp\u00edrito Santo, Bahia, Rio de Janeiro e Minas Gerais.<\/p>\n<p>A Beleza Natural tamb\u00e9m se destaca por sua abordagem inovadora, caracterizada por uma f\u00f3rmula original desenvolvida por meio de um processo de fabrica\u00e7\u00e3o rigoroso e de alta qualidade. Al\u00e9m disso, a empresa \u00e9 reconhecida pelo atendimento excepcional, marcado pela solidariedade e empatia.<\/p>\n<p>Todo esse sucesso \u00e9 resultado de uma equipe altamente competente e vers\u00e1til, composta por profissionais experientes que combinam anos de expertise com o uso de tecnologias avan\u00e7adas. Essa equipe continua a crescer ano ap\u00f3s ano para atender \u00e0 crescente demanda de clientes. Confira algumas das<a href=\"https:\/\/99empregos.com.br\/blog\/belgo-arames-empresa-tem-boas-oportunidades-disponiveis\/\" target=\"_blank\" rel=\"noopener\"> oportunidades<\/a> de<a href=\"https:\/\/99empregos.com.br\/blog\/aeon-security-tem-vagas-em-cargos-diferentes-confira\/#google_vignette\" target=\"_blank\" rel=\"noopener\"> emprego<\/a> atualmente dispon\u00edveis na equipe da Beleza Natural:<\/p>\n<ul>\n<li>Cabeleireira Parceira Mei &#8211; Cabo Frio\/RJ<\/li>\n<li>Auxiliar de Cabeleireiro &#8211; Serra\/ES<\/li>\n<li>Assistente de Manuten\u00e7\u00e3o &#8211; Niter\u00f3i\/RJ<\/li>\n<li>Assistente de Manuten\u00e7\u00e3o &#8211; S\u00e3o Paulo\/SP<\/li>\n<li>Auxiliar de Servi\u00e7os Gerais &#8211; PCD &#8211; Duque de Caxias\/RJ<\/li>\n<li>Assistente Operacional &#8211; Petr\u00f3polis\/RJ<\/li>\n<li>Cabelereira &#8211; Rio de Janeiro\/RJ<\/li>\n<li>Assistente de Produtos e Servi\u00e7os &#8211; S\u00e3o Paulo\/SP<\/li>\n<li>Gerente de Loja &#8211; Itaquera\/SP<\/li>\n<li>Assistente de Produtos e Servi\u00e7os &#8211; Juiz de Fora\/MG<\/li>\n<\/ul>\n<h2><b>Sobre a Beleza Natural <\/b><\/h2>\n<p>A empresa oferece um sal\u00e1rio compat\u00edvel com o mercado de trabalho e o colaborador pode contar com os seguintes benef\u00edcios: vale-transporte, vale-refei\u00e7\u00e3o, seguro de vida, assist\u00eancia m\u00e9dica e assist\u00eancia odontol\u00f3gica.<\/p>\n<h2><b>Saiba como concorrer as vagas dispon\u00edveis\u00a0<\/b><\/h2>\n<p>O processo para se candidatar as vagas da Beleza Natural \u00e9 simples, ao clicar nesse <a href=\"https:\/\/99empregos.com.br\/vaga\/beleza-natural-empresa-com-foco-em-cabelos-tem-otimas-vagas\/\" target=\"_blank\" rel=\"noopener\">link<\/a>,\u00a0voc\u00ea poder\u00e1 clicar em Candidatar que voc\u00ea ser\u00e1 redirecionado para a \u00e1rea Trabalhe Conosco da empresa. L\u00e1, voc\u00ea ter\u00e1 acesso as diversas vagas e, ao escolher a que se encaixa no seu perfil clique em: Ver descri\u00e7\u00e3o da vaga.<\/p>\n<p>Em seguida, certifique-se de preencher os pr\u00e9-requisitos. Depois \u00e9 s\u00f3 clicar em Inscreva-se e anexar o seu curr\u00edculo. Voc\u00ea pode ainda cadastrar o seu curr\u00edculo no banco de vagas caso n\u00e3o encontre uma vaga.<\/p>\n","protected":false},"excerpt":{"rendered":"<p>A Beleza Natural \u00e9 uma marca especializada em produtos exclusivos destinados a cabelos crespos, ondulados e cacheados. Com mais de tr\u00eas d\u00e9cadas de atua\u00e7\u00e3o no mercado, a empresa \u00e9 conhecida por fornecer tratamentos abrangentes e eficazes, utilizando f\u00f3rmulas que atendem \u00e0 diversidade desses tipos de cabelo. Origin\u00e1ria do Rio de Janeiro, a marca expandiu sua [&hellip;]<\/p>\n","protected":false},"author":13,"featured_media":49521,"comment_status":"open","ping_status":"closed","sticky":false,"template":"","format":"standard","meta":{"footnotes":""},"categories":[1],"tags":[1401,1402,2683],"class_list":["post-49520","post","type-post","status-publish","format-standard","has-post-thumbnail","hentry","category-sem-categoria","tag-nivel-medio","tag-nivel-superior","tag-nivel-tecnico"],"_links":{"self":[{"href":"https:\/\/99empregos.com.br\/blog\/wp-json\/wp\/v2\/posts\/49520","targetHints":{"allow":["GET"]}}],"collection":[{"href":"https:\/\/99empregos.com.br\/blog\/wp-json\/wp\/v2\/posts"}],"about":[{"href":"https:\/\/99empregos.com.br\/blog\/wp-json\/wp\/v2\/types\/post"}],"author":[{"embeddable":true,"href":"https:\/\/99empregos.com.br\/blog\/wp-json\/wp\/v2\/users\/13"}],"replies":[{"embeddable":true,"href":"https:\/\/99empregos.com.br\/blog\/wp-json\/wp\/v2\/comments?post=49520"}],"version-history":[{"count":0,"href":"https:\/\/99empregos.com.br\/blog\/wp-json\/wp\/v2\/posts\/49520\/revisions"}],"wp:featuredmedia":[{"embeddable":true,"href":"https:\/\/99empregos.com.br\/blog\/wp-json\/wp\/v2\/media\/49521"}],"wp:attachment":[{"href":"https:\/\/99empregos.com.br\/blog\/wp-json\/wp\/v2\/media?parent=49520"}],"wp:term":[{"taxonomy":"category","embeddable":true,"href":"https:\/\/99empregos.com.br\/blog\/wp-json\/wp\/v2\/categories?post=49520"},{"taxonomy":"post_tag","embeddable":true,"href":"https:\/\/99empregos.com.br\/blog\/wp-json\/wp\/v2\/tags?post=49520"}],"curies":[{"name":"wp","href":"https:\/\/api.w.org\/{rel}","templated":true}]}}