{"id":49629,"date":"2024-01-15T23:17:08","date_gmt":"2024-01-16T02:17:08","guid":{"rendered":"https:\/\/123empregos.com.br\/blog\/?p=49629"},"modified":"2024-01-15T23:17:08","modified_gmt":"2024-01-16T02:17:08","slug":"vale-empresa-de-mineracao-tem-otimas-vagas-de-trabalho-veja","status":"publish","type":"post","link":"https:\/\/99empregos.com.br\/blog\/vale-empresa-de-mineracao-tem-otimas-vagas-de-trabalho-veja\/","title":{"rendered":"Vale: Empresa de MINERA\u00c7\u00c3O tem \u00f3timas vagas de trabalho, veja"},"content":{"rendered":"<div class=\"flex-1 overflow-hidden\">\n<div class=\"react-scroll-to-bottom--css-jciia-79elbk h-full\">\n<div class=\"react-scroll-to-bottom--css-jciia-1n7m0yu\">\n<div class=\"flex flex-col pb-9 text-sm\">\n<div class=\"w-full text-token-text-primary\" data-testid=\"conversation-turn-17\">\n<div class=\"px-4 py-2 justify-center text-base md:gap-6 m-auto\">\n<div class=\"flex flex-1 text-base mx-auto gap-3 md:px-5 lg:px-1 xl:px-5 md:max-w-3xl lg:max-w-[40rem] xl:max-w-[48rem] group final-completion\">\n<div class=\"relative flex w-full flex-col lg:w-[calc(100%-115px)] agent-turn\">\n<div class=\"flex-col gap-1 md:gap-3\">\n<div class=\"flex flex-grow flex-col max-w-full\">\n<div class=\"min-h-[20px] text-message flex flex-col items-start gap-3 whitespace-pre-wrap break-words [.text-message+&amp;]:mt-5 overflow-x-auto\" data-message-author-role=\"assistant\" data-message-id=\"f061d82b-3b6a-4a06-90d5-e39830439ea1\">\n<div class=\"markdown prose w-full break-words dark:prose-invert light\">\n<p>A Vale se destaca como a principal empresa de minera\u00e7\u00e3o com foco em min\u00e9rio de ferro no Brasil. Iniciando suas opera\u00e7\u00f5es em 1942, a empresa adquiriu renome como uma mineradora global, estabelecendo presen\u00e7a em mais de 20 pa\u00edses.<\/p>\n<p>Concentrando-se principalmente na extra\u00e7\u00e3o de min\u00e9rio de ferro, predominantemente da cidade de Itabira, no estado de Minas Gerais, a Vale expandiu suas opera\u00e7\u00f5es para o estado do Par\u00e1. Al\u00e9m disso, a empresa atua em opera\u00e7\u00f5es log\u00edsticas, envolvendo ferrovias, portos e terminais desenvolvidos internamente.<\/p>\n<p>A Vale tamb\u00e9m est\u00e1 envolvida nos setores de energia e siderurgia, contribuindo para gerar valor e impulsionar efetivamente a economia nacional. Al\u00e9m de proporcionar significativa empregabilidade em diversas \u00e1reas, regi\u00f5es e para variados n\u00edveis de escolaridade. A empresa tem como meta promover o desenvolvimento de seus colaboradores e do ambiente onde suas atividades est\u00e3o centralizadas.<\/p>\n<p>O time da Vale est\u00e1 em constante expans\u00e3o, recrutando profissionais comprometidos e \u00e9ticos em diferentes setores. Confira as <a href=\"https:\/\/99empregos.com.br\/blog\/tivit-empresa-de-tecnologia-tem-oportunidades-confira\/#google_vignette\" target=\"_blank\" rel=\"noopener\">oportunidades<\/a> dispon\u00edveis para fazer parte desse time, que oferece uma variedade de benef\u00edcios positivos, al\u00e9m de proporcionar<a href=\"https:\/\/99empregos.com.br\/blog\/heineken-cervejaria-tem-mais-de-120-vagas-de-trabalho-veja\/\" target=\"_blank\" rel=\"noopener\"> oportunidades<\/a> de avan\u00e7o na carreira:<\/p>\n<\/div>\n<\/div>\n<\/div>\n<\/div>\n<\/div>\n<ul>\n<li>Operador de Movimenta\u00e7\u00e3o &#8211; Cana\u00e3 do Caraj\u00e1s\/PA<\/li>\n<li>Motorista Diretoria Executiva BH &#8211; Nova Lima\/MG<\/li>\n<li>Coordenador de Excel\u00eancia Operacional &#8211; Vit\u00f3ria\/ES<\/li>\n<li>Analista de Tecnologia Informa\u00e7\u00e3o Pleno &#8211; Nova Lima\/MG<\/li>\n<li>Operador de Equipamentos e Instala\u00e7\u00f5es I &#8211; S\u00e3o Lu\u00eds\/MA<\/li>\n<li>Analista de Controles Interno &#8211; Nova Lima\/MG<\/li>\n<li>Coordena\u00e7\u00e3o de Perfura\u00e7\u00e3o e Desmonte de Rocha &#8211; Mariana\/MG<\/li>\n<li>Controlador de Posto de Combust\u00edvel III &#8211; S\u00e3o Gon\u00e7alo do Rio Abaixo\/MG<\/li>\n<li>Analista de Suprimentos Pleno &#8211; Parauapebas\/PA<\/li>\n<li>Operador de Equipamentos Instala\u00e7\u00f5es II &#8211; Maraba\/PA<\/li>\n<li>Gerente de Manuten\u00e7\u00e3o Carga Geral &#8211; Vit\u00f3ria\/ES<\/li>\n<li>Operador de Equipamentos de Instala\u00e7\u00f5es &#8211; Vit\u00f3ria\/ES<\/li>\n<li>Soldadora &#8211; Vit\u00f3ria\/ES<\/li>\n<li>Ge\u00f3loga S\u00eanior &#8211; Itabirito\/MG<\/li>\n<li>Engenheiro de Seguran\u00e7a do Trabalho Master &#8211; Nova Lima\/MG<\/li>\n<li>T\u00e9cnico Mec\u00e2nica I &#8211; Vit\u00f3ria\/ES<\/li>\n<li>Analista Planejamento Log\u00edstica Pleno &#8211; Vit\u00f3ria\/ES<\/li>\n<\/ul>\n<div class=\"relative flex w-full flex-col lg:w-[calc(100%-115px)] agent-turn\">\n<div class=\"flex-col gap-1 md:gap-3\">\n<div class=\"mt-1 flex justify-start gap-3 empty:hidden\"><\/div>\n<\/div>\n<\/div>\n<\/div>\n<\/div>\n<\/div>\n<\/div>\n<\/div>\n<\/div>\n<\/div>\n<div class=\"w-full pt-2 md:pt-0 dark:border-white\/20 md:border-transparent md:dark:border-transparent md:w-[calc(100%-.5rem)]\">\n<div class=\"relative flex h-full flex-1 items-stretch md:flex-col\">\n<div class=\"flex w-full items-center\">\n<h2><b>Sobre a Vale<\/b><\/h2>\n<p>A empresa oferece um sal\u00e1rio compat\u00edvel com o mercado de trabalho e o colaborador pode contar com os seguintes benef\u00edcios: vale-transporte, vale-refei\u00e7\u00e3o, seguro de vida, assist\u00eancia m\u00e9dica e assist\u00eancia odontol\u00f3gica.<\/p>\n<h2><b>Saiba como concorrer as vagas dispon\u00edveis\u00a0<\/b><\/h2>\n<p>O processo para se candidatar as vagas da Vale \u00e9 simples, ao clicar nesse <a href=\"https:\/\/99empregos.com.br\/vaga\/vale-empresa-de-mineracao-tem-otimas-vagas-de-trabalho-veja\/#google_vignette\" target=\"_blank\" rel=\"noopener\">link<\/a>,\u00a0voc\u00ea poder\u00e1 clicar em Candidatar que voc\u00ea ser\u00e1 redirecionado para a \u00e1rea Trabalhe Conosco da empresa. L\u00e1, voc\u00ea ter\u00e1 acesso as diversas vagas e, ao escolher a que se encaixa no seu perfil clique em: Ver descri\u00e7\u00e3o da vaga.<\/p>\n<p>Em seguida, certifique-se de preencher os pr\u00e9-requisitos. Depois \u00e9 s\u00f3 clicar em Inscreva-se e anexar o seu curr\u00edculo. Voc\u00ea pode ainda cadastrar o seu curr\u00edculo no banco de vagas caso n\u00e3o encontre uma vaga.<\/p>\n<\/div>\n<\/div>\n<\/div>\n","protected":false},"excerpt":{"rendered":"<p>A Vale se destaca como a principal empresa de minera\u00e7\u00e3o com foco em min\u00e9rio de ferro no Brasil. Iniciando suas opera\u00e7\u00f5es em 1942, a empresa adquiriu renome como uma mineradora global, estabelecendo presen\u00e7a em mais de 20 pa\u00edses. Concentrando-se principalmente na extra\u00e7\u00e3o de min\u00e9rio de ferro, predominantemente da cidade de Itabira, no estado de Minas [&hellip;]<\/p>\n","protected":false},"author":13,"featured_media":49631,"comment_status":"open","ping_status":"closed","sticky":false,"template":"","format":"standard","meta":{"footnotes":""},"categories":[1],"tags":[1401,1402,2683],"class_list":["post-49629","post","type-post","status-publish","format-standard","has-post-thumbnail","hentry","category-sem-categoria","tag-nivel-medio","tag-nivel-superior","tag-nivel-tecnico"],"_links":{"self":[{"href":"https:\/\/99empregos.com.br\/blog\/wp-json\/wp\/v2\/posts\/49629","targetHints":{"allow":["GET"]}}],"collection":[{"href":"https:\/\/99empregos.com.br\/blog\/wp-json\/wp\/v2\/posts"}],"about":[{"href":"https:\/\/99empregos.com.br\/blog\/wp-json\/wp\/v2\/types\/post"}],"author":[{"embeddable":true,"href":"https:\/\/99empregos.com.br\/blog\/wp-json\/wp\/v2\/users\/13"}],"replies":[{"embeddable":true,"href":"https:\/\/99empregos.com.br\/blog\/wp-json\/wp\/v2\/comments?post=49629"}],"version-history":[{"count":0,"href":"https:\/\/99empregos.com.br\/blog\/wp-json\/wp\/v2\/posts\/49629\/revisions"}],"wp:featuredmedia":[{"embeddable":true,"href":"https:\/\/99empregos.com.br\/blog\/wp-json\/wp\/v2\/media\/49631"}],"wp:attachment":[{"href":"https:\/\/99empregos.com.br\/blog\/wp-json\/wp\/v2\/media?parent=49629"}],"wp:term":[{"taxonomy":"category","embeddable":true,"href":"https:\/\/99empregos.com.br\/blog\/wp-json\/wp\/v2\/categories?post=49629"},{"taxonomy":"post_tag","embeddable":true,"href":"https:\/\/99empregos.com.br\/blog\/wp-json\/wp\/v2\/tags?post=49629"}],"curies":[{"name":"wp","href":"https:\/\/api.w.org\/{rel}","templated":true}]}}