{"id":49713,"date":"2024-01-17T11:40:13","date_gmt":"2024-01-17T14:40:13","guid":{"rendered":"https:\/\/123empregos.com.br\/blog\/?p=49713"},"modified":"2024-01-17T11:40:13","modified_gmt":"2024-01-17T14:40:13","slug":"rede-dia-tem-vagas-em-varios-cargos-diferentes-confira","status":"publish","type":"post","link":"https:\/\/99empregos.com.br\/blog\/rede-dia-tem-vagas-em-varios-cargos-diferentes-confira\/","title":{"rendered":"Rede DIA tem vagas em V\u00c1RIOS cargos diferentes, confira"},"content":{"rendered":"<p>A rede DIA \u00e9 um conglomerado de supermercados que exerce consider\u00e1vel impacto e relev\u00e2ncia no setor aliment\u00edcio. Estabelecida em 1979, a rede possui presen\u00e7a consolidada em quatro pa\u00edses: Portugal, Espanha, Brasil e Argentina.<\/p>\n<p>No Brasil, a contribui\u00e7\u00e3o da rede vai al\u00e9m da oferta de produtos aliment\u00edcios acess\u00edveis; ela tamb\u00e9m cria valor por meio da gera\u00e7\u00e3o de empregos. Tanto os produtos fabricados pela pr\u00f3pria empresa quanto os terceirizados e comercializados por ela possuem pre\u00e7os reduzidos.<\/p>\n<p>A rede DIA emprega atualmente mais de 7 mil brasileiros, distribu\u00eddos em suas 800 lojas, entre estabelecimentos pr\u00f3prios e franquias, predominantemente concentradas na regi\u00e3o Sudeste do pa\u00eds. Al\u00e9m disso, conta com cinco centros de distribui\u00e7\u00e3o estrategicamente localizados para garantir uma distribui\u00e7\u00e3o eficiente e de qualidade.<\/p>\n<p>O sucesso da rede DIA tamb\u00e9m \u00e9 atribu\u00eddo \u00e0 diversidade de seu portf\u00f3lio, caracterizado pela qualidade dos produtos, refletindo uma rela\u00e7\u00e3o transparente com o cliente e colocando o bem-estar do consumidor como um dos principais valores.<\/p>\n<p>Com esse crescimento exponencial, a empresa regularmente abre vagas de trabalho em diferentes setores e localidades. Confira algumas das<a href=\"https:\/\/99empregos.com.br\/blog\/loccitane-tem-vagas-em-varios-cargos-diferentes-confira\/\" target=\"_blank\" rel=\"noopener\"> oportunidades<\/a> de<a href=\"https:\/\/99empregos.com.br\/blog\/plansul-empresa-de-planejamento-e-consultoria-tem-vagas\/\" target=\"_blank\" rel=\"noopener\"> emprego<\/a> dispon\u00edveis atualmente na rede DIA:<\/p>\n<ul>\n<li>Operador de Loja &#8211; Campinas\/SP<\/li>\n<li>Operador de Armaz\u00e9m &#8211; Mau\u00e1\/SP<\/li>\n<li>Operador de Loja &#8211; Campinas\/SP<\/li>\n<li>Gerente de Loja &#8211; S\u00e3o Paulo\/SP<\/li>\n<li>Programa Jovem Aprendiz &#8211; Pinheiros\/SP<\/li>\n<li>Operador de Loja &#8211; Sert\u00e3ozinho\/SP<\/li>\n<li>Encarregado de Loja &#8211; S\u00e3o Paulo\/SP<\/li>\n<li>Encarregado de Loja &#8211; S\u00e3o Paulo\/SP<\/li>\n<li>Operador de Loja &#8211; S\u00e3o Paulo\/SP<\/li>\n<li>Operador de Loja &#8211; S\u00e3o Paulo\/SP<\/li>\n<li>Programa Jovem Aprendiz &#8211; Campinas\/SP<\/li>\n<li>Programa Jovem Aprendiz &#8211; Campinas\/SP<\/li>\n<li>Programa Jovem Aprendiz &#8211; Campinas\/SP<\/li>\n<li>Programa Jovem Aprendiz &#8211; Campinas\/SP<\/li>\n<li>Programa Jovem Aprendiz &#8211; Campinas\/SP<\/li>\n<li>Programa Jovem Aprendiz &#8211; Socorro\/SP<\/li>\n<li>Programa Jovem Aprendiz &#8211; Santana\/SP<\/li>\n<li>Programa Jovem Aprendiz &#8211; Americana\/SP<\/li>\n<li>Programa Jovem Aprendiz &#8211; Santa B\u00e1rbara D&#8217; Oeste\/SP<\/li>\n<li>Programa Jovem Aprendiz &#8211; Santa B\u00e1rbara D&#8217; Oeste\/SP<\/li>\n<li>Encarregado de Loja &#8211; Campinas\/SP<\/li>\n<\/ul>\n<h2><b>Sobre a Rede DIA<\/b><\/h2>\n<p>A empresa oferece um sal\u00e1rio compat\u00edvel com o mercado de trabalho e o colaborador pode contar com os seguintes benef\u00edcios: vale-transporte, vale-refei\u00e7\u00e3o, seguro de vida, assist\u00eancia m\u00e9dica e assist\u00eancia odontol\u00f3gica.<\/p>\n<h2><b>Saiba como concorrer as vagas dispon\u00edveis\u00a0<\/b><\/h2>\n<p>O processo para se candidatar as vagas da Rede DIA \u00e9 simples, ao clicar nesse\u00a0<a href=\"https:\/\/99empregos.com.br\/vaga\/rede-dia-tem-vagas-em-varios-cargos-diferentes-confira\/\" target=\"_blank\" rel=\"noopener\">link<\/a>,\u00a0voc\u00ea poder\u00e1 clicar em Candidatar que voc\u00ea ser\u00e1 redirecionado para a \u00e1rea Trabalhe Conosco da empresa. L\u00e1, voc\u00ea ter\u00e1 acesso as diversas vagas e, ao escolher a que se encaixa no seu perfil clique em: Ver descri\u00e7\u00e3o da vaga.<\/p>\n<p>Em seguida, certifique-se de preencher os pr\u00e9-requisitos. Depois \u00e9 s\u00f3 clicar em Inscreva-se e anexar o seu curr\u00edculo. Voc\u00ea pode ainda cadastrar o seu curr\u00edculo no banco de vagas caso n\u00e3o encontre uma vaga.<\/p>\n","protected":false},"excerpt":{"rendered":"<p>A rede DIA \u00e9 um conglomerado de supermercados que exerce consider\u00e1vel impacto e relev\u00e2ncia no setor aliment\u00edcio. Estabelecida em 1979, a rede possui presen\u00e7a consolidada em quatro pa\u00edses: Portugal, Espanha, Brasil e Argentina. No Brasil, a contribui\u00e7\u00e3o da rede vai al\u00e9m da oferta de produtos aliment\u00edcios acess\u00edveis; ela tamb\u00e9m cria valor por meio da gera\u00e7\u00e3o [&hellip;]<\/p>\n","protected":false},"author":13,"featured_media":49714,"comment_status":"open","ping_status":"closed","sticky":false,"template":"","format":"standard","meta":{"footnotes":""},"categories":[1],"tags":[],"class_list":["post-49713","post","type-post","status-publish","format-standard","has-post-thumbnail","hentry","category-sem-categoria"],"_links":{"self":[{"href":"https:\/\/99empregos.com.br\/blog\/wp-json\/wp\/v2\/posts\/49713","targetHints":{"allow":["GET"]}}],"collection":[{"href":"https:\/\/99empregos.com.br\/blog\/wp-json\/wp\/v2\/posts"}],"about":[{"href":"https:\/\/99empregos.com.br\/blog\/wp-json\/wp\/v2\/types\/post"}],"author":[{"embeddable":true,"href":"https:\/\/99empregos.com.br\/blog\/wp-json\/wp\/v2\/users\/13"}],"replies":[{"embeddable":true,"href":"https:\/\/99empregos.com.br\/blog\/wp-json\/wp\/v2\/comments?post=49713"}],"version-history":[{"count":0,"href":"https:\/\/99empregos.com.br\/blog\/wp-json\/wp\/v2\/posts\/49713\/revisions"}],"wp:featuredmedia":[{"embeddable":true,"href":"https:\/\/99empregos.com.br\/blog\/wp-json\/wp\/v2\/media\/49714"}],"wp:attachment":[{"href":"https:\/\/99empregos.com.br\/blog\/wp-json\/wp\/v2\/media?parent=49713"}],"wp:term":[{"taxonomy":"category","embeddable":true,"href":"https:\/\/99empregos.com.br\/blog\/wp-json\/wp\/v2\/categories?post=49713"},{"taxonomy":"post_tag","embeddable":true,"href":"https:\/\/99empregos.com.br\/blog\/wp-json\/wp\/v2\/tags?post=49713"}],"curies":[{"name":"wp","href":"https:\/\/api.w.org\/{rel}","templated":true}]}}