{"id":49720,"date":"2024-01-17T12:17:35","date_gmt":"2024-01-17T15:17:35","guid":{"rendered":"https:\/\/123empregos.com.br\/blog\/?p=49720"},"modified":"2024-01-17T12:17:35","modified_gmt":"2024-01-17T15:17:35","slug":"algar-grupo-empresarial-tem-otimas-vagas-de-trabalho-veja","status":"publish","type":"post","link":"https:\/\/99empregos.com.br\/blog\/algar-grupo-empresarial-tem-otimas-vagas-de-trabalho-veja\/","title":{"rendered":"Algar: Grupo EMPRESARIAL tem \u00f3timas vagas de trabalho, veja"},"content":{"rendered":"<div class=\"w-full text-token-text-primary\" data-testid=\"conversation-turn-5\">\n<div class=\"px-4 py-2 justify-center text-base md:gap-6 m-auto\">\n<div class=\"flex flex-1 text-base mx-auto gap-3 md:px-5 lg:px-1 xl:px-5 md:max-w-3xl lg:max-w-[40rem] xl:max-w-[48rem] group final-completion\">\n<div class=\"relative flex w-full flex-col lg:w-[calc(100%-115px)] agent-turn\">\n<div class=\"flex-col gap-1 md:gap-3\">\n<div class=\"flex flex-grow flex-col max-w-full\">\n<div class=\"min-h-[20px] text-message flex flex-col items-start gap-3 whitespace-pre-wrap break-words [.text-message+&amp;]:mt-5 overflow-x-auto\" data-message-author-role=\"assistant\" data-message-id=\"920eed11-66f1-4524-bfb8-e0e2cf33287f\">\n<div class=\"markdown prose w-full break-words dark:prose-invert light\">\n<p>O Grupo Algar \u00e9 uma corpora\u00e7\u00e3o empresarial que se destaca em setores como TIC, Agro e Entretenimento. Com uma trajet\u00f3ria de mais de 90 anos, a empresa, com sede em Portugal, mant\u00e9m uma presen\u00e7a robusta em todo o pa\u00eds, al\u00e9m de operar no M\u00e9xico, Col\u00f4mbia e Argentina.<\/p>\n<p>O \u00eaxito da empresa \u00e9 evidente, refletido em n\u00fameros impressionantes. O portf\u00f3lio de empregos oferecidos aos clientes abrange cerca de 3,5 milh\u00f5es em diversos setores, desempenhando um papel significativo na economia nacional.<\/p>\n<p>Uma equipe de mais de 20 mil profissionais, especializados em diversas \u00e1reas, est\u00e1 dedicada a atender os clientes, garantindo um servi\u00e7o de alta qualidade e personalizado. Esse compromisso visa proporcionar aos clientes exatamente o que necessitam, resultando em benef\u00edcios tanto para a Algar quanto para o cliente.<\/p>\n<p>A rela\u00e7\u00e3o estabelecida \u00e9 marcada pela transpar\u00eancia, reinven\u00e7\u00e3o e pela combina\u00e7\u00e3o da experi\u00eancia acumulada ao longo dos anos com tecnologia de ponta. Essa abordagem tem contribu\u00eddo para o cont\u00ednuo aumento da clientela da Algar nesse segmento.<\/p>\n<p>Todo esse sucesso impulsiona um crescimento exponencial da equipe da Algar, resultando na abertura frequente de <a href=\"https:\/\/99empregos.com.br\/blog\/loccitane-tem-vagas-em-varios-cargos-diferentes-confira\/\" target=\"_blank\" rel=\"noopener\">oportunidades<\/a> de trabalho. Explore algumas das <a href=\"https:\/\/99empregos.com.br\/blog\/plansul-empresa-de-planejamento-e-consultoria-tem-vagas\/\" target=\"_blank\" rel=\"noopener\">vagas<\/a> atualmente dispon\u00edveis na empresa:<\/p>\n<ul>\n<li>Assistente de Manuten\u00e7\u00e3o Predial &#8211; Uberl\u00e2ndia\/MG<\/li>\n<li>Atendente JR &#8211; Uberl\u00e2ndia\/MG<\/li>\n<li>Atendente Jr 0 Uberl\u00e2ndia\/MG<\/li>\n<li>Analista Comercial &#8211; Paranaiba\/MS<\/li>\n<li>Est\u00e1gio Financeiro &#8211; Uberl\u00e2ndia\/MG<\/li>\n<li>Est\u00e1gio Comercial &#8211; Uberl\u00e2ndia\/MG<\/li>\n<li>Analista Financeiro &#8211; Uberl\u00e2ndia\/MG<\/li>\n<li>Assistente Administrativo &#8211; S\u00e3o Paulo\/SP<\/li>\n<li>Pessoa Gestora de Projetos &#8211; Uberl\u00e2ndia\/MG<\/li>\n<li>Pessoa Consultora de Cr\u00e9dito e Cobran\u00e7a &#8211; Uberl\u00e2ndia\/MG<\/li>\n<li>Pessoa Analista de Cobran\u00e7a &#8211; Uberl\u00e2ndia\/MG<\/li>\n<li>Pessoa Analista de Faturamento &#8211; Uberl\u00e2ndia\/MG<\/li>\n<li>Analista de Telecom &#8211; S\u00e3o Paulo\/SP<\/li>\n<li>Pessoa T\u00e9cnico de Telecom &#8211; Indaiatuba\/SP<\/li>\n<li>Pessoa T\u00e9cnica de Telecom &#8211; Campinas\/SP<\/li>\n<li>Pessoa T\u00e9cnico de Telecom &#8211; Porto Alegre\/RS<\/li>\n<li>T\u00e9cnico de Telecom &#8211; Novo Hamburgo\/RS<\/li>\n<li>Analista de Redes &#8211; Bras\u00edlia\/DF<\/li>\n<li>Atendente Jr &#8211; Uberl\u00e2ndia\/MG<\/li>\n<li>Pessoa Gerente Regional de Vendas &#8211; S\u00e3o Paulo\/SP<\/li>\n<\/ul>\n<\/div>\n<\/div>\n<\/div>\n<div class=\"mt-1 flex justify-start gap-3 empty:hidden\"><\/div>\n<\/div>\n<\/div>\n<\/div>\n<\/div>\n<\/div>\n<div class=\"mx-auto\">\n<div data-projection-id=\"44\">\n<div class=\"mx-auto mt-2 inline-flex rounded-xl border border-gray-100 dark:border-gray-700\">\n<h2><b>Sobre a Algar<\/b><\/h2>\n<p>A empresa oferece um sal\u00e1rio compat\u00edvel com o mercado de trabalho e o colaborador pode contar com os seguintes benef\u00edcios: vale-transporte, vale-refei\u00e7\u00e3o, seguro de vida, assist\u00eancia m\u00e9dica e assist\u00eancia odontol\u00f3gica.<\/p>\n<h2><b>Saiba como concorrer as vagas dispon\u00edveis\u00a0<\/b><\/h2>\n<p>O processo para se candidatar as vagas da Algar \u00e9 simples, ao clicar nesse <a href=\"https:\/\/99empregos.com.br\/vaga\/algar-grupo-empresarial-tem-otimas-vagas-de-trabalho-veja\/\" target=\"_blank\" rel=\"noopener\">link<\/a>,\u00a0voc\u00ea poder\u00e1 clicar em Candidatar que voc\u00ea ser\u00e1 redirecionado para a \u00e1rea Trabalhe Conosco da empresa. L\u00e1, voc\u00ea ter\u00e1 acesso as diversas vagas e, ao escolher a que se encaixa no seu perfil clique em: Ver descri\u00e7\u00e3o da vaga.<\/p>\n<p>Em seguida, certifique-se de preencher os pr\u00e9-requisitos. Depois \u00e9 s\u00f3 clicar em Inscreva-se e anexar o seu curr\u00edculo. Voc\u00ea pode ainda cadastrar o seu curr\u00edculo no banco de vagas caso n\u00e3o encontre uma vaga.<\/p>\n<\/div>\n<\/div>\n<\/div>\n","protected":false},"excerpt":{"rendered":"<p>O Grupo Algar \u00e9 uma corpora\u00e7\u00e3o empresarial que se destaca em setores como TIC, Agro e Entretenimento. Com uma trajet\u00f3ria de mais de 90 anos, a empresa, com sede em Portugal, mant\u00e9m uma presen\u00e7a robusta em todo o pa\u00eds, al\u00e9m de operar no M\u00e9xico, Col\u00f4mbia e Argentina. O \u00eaxito da empresa \u00e9 evidente, refletido em [&hellip;]<\/p>\n","protected":false},"author":13,"featured_media":49721,"comment_status":"open","ping_status":"closed","sticky":false,"template":"","format":"standard","meta":{"footnotes":""},"categories":[1],"tags":[],"class_list":["post-49720","post","type-post","status-publish","format-standard","has-post-thumbnail","hentry","category-sem-categoria"],"_links":{"self":[{"href":"https:\/\/99empregos.com.br\/blog\/wp-json\/wp\/v2\/posts\/49720","targetHints":{"allow":["GET"]}}],"collection":[{"href":"https:\/\/99empregos.com.br\/blog\/wp-json\/wp\/v2\/posts"}],"about":[{"href":"https:\/\/99empregos.com.br\/blog\/wp-json\/wp\/v2\/types\/post"}],"author":[{"embeddable":true,"href":"https:\/\/99empregos.com.br\/blog\/wp-json\/wp\/v2\/users\/13"}],"replies":[{"embeddable":true,"href":"https:\/\/99empregos.com.br\/blog\/wp-json\/wp\/v2\/comments?post=49720"}],"version-history":[{"count":0,"href":"https:\/\/99empregos.com.br\/blog\/wp-json\/wp\/v2\/posts\/49720\/revisions"}],"wp:featuredmedia":[{"embeddable":true,"href":"https:\/\/99empregos.com.br\/blog\/wp-json\/wp\/v2\/media\/49721"}],"wp:attachment":[{"href":"https:\/\/99empregos.com.br\/blog\/wp-json\/wp\/v2\/media?parent=49720"}],"wp:term":[{"taxonomy":"category","embeddable":true,"href":"https:\/\/99empregos.com.br\/blog\/wp-json\/wp\/v2\/categories?post=49720"},{"taxonomy":"post_tag","embeddable":true,"href":"https:\/\/99empregos.com.br\/blog\/wp-json\/wp\/v2\/tags?post=49720"}],"curies":[{"name":"wp","href":"https:\/\/api.w.org\/{rel}","templated":true}]}}