{"id":49846,"date":"2024-01-21T22:07:43","date_gmt":"2024-01-22T01:07:43","guid":{"rendered":"https:\/\/123empregos.com.br\/blog\/?p=49846"},"modified":"2024-01-21T22:07:43","modified_gmt":"2024-01-22T01:07:43","slug":"hospital-santa-marcelina-tem-dezenas-de-vagas-confira","status":"publish","type":"post","link":"https:\/\/99empregos.com.br\/blog\/hospital-santa-marcelina-tem-dezenas-de-vagas-confira\/","title":{"rendered":"Hospital Santa Marcelina TEM dezenas de vagas, confira"},"content":{"rendered":"<div class=\"flex-1 overflow-hidden\">\n<div class=\"react-scroll-to-bottom--css-muqij-79elbk h-full\">\n<div class=\"react-scroll-to-bottom--css-muqij-1n7m0yu\">\n<div class=\"flex flex-col pb-9 text-sm\">\n<div class=\"w-full text-token-text-primary\" data-testid=\"conversation-turn-21\">\n<div class=\"px-4 py-2 justify-center text-base md:gap-6 m-auto\">\n<div class=\"flex flex-1 text-base mx-auto gap-3 md:px-5 lg:px-1 xl:px-5 md:max-w-3xl lg:max-w-[40rem] xl:max-w-[48rem] group final-completion\">\n<div class=\"relative flex w-full flex-col lg:w-[calc(100%-115px)] agent-turn\">\n<div class=\"flex-col gap-1 md:gap-3\">\n<div class=\"flex flex-grow flex-col max-w-full\">\n<div class=\"min-h-[20px] text-message flex flex-col items-start gap-3 whitespace-pre-wrap break-words [.text-message+&amp;]:mt-5 overflow-x-auto\" data-message-author-role=\"assistant\" data-message-id=\"5d784f54-2f22-4a39-afdb-a3769726a46c\">\n<div class=\"markdown prose w-full break-words dark:prose-invert light\">\n<p>O Hospital Santa Marcelina, uma institui\u00e7\u00e3o de sa\u00fade de car\u00e1ter filantr\u00f3pico e privado, recebe seu nome em homenagem \u00e0 Congrega\u00e7\u00e3o de Irm\u00e3s Italianas de Santa Marcelina, que o fundou h\u00e1 60 anos. Essa congrega\u00e7\u00e3o, que se renova com o tempo, mant\u00e9m a miss\u00e3o de presta\u00e7\u00e3o de assist\u00eancia social \u00e0 popula\u00e7\u00e3o ao longo dessas d\u00e9cadas.<\/p>\n<p>Baseando-se nesse compromisso, aproximadamente 87% de todos os atendimentos do Hospital Santa Marcelina s\u00e3o destinados ao Sistema \u00danico de Sa\u00fade (SUS) no estado de S\u00e3o Paulo, mais especificamente na Zona Leste da capital, consolidando-se como refer\u00eancia no atendimento tanto estadual quanto nacional.<\/p>\n<p>A notoriedade do Hospital Santa Marcelina adv\u00e9m do tratamento excepcional que oferece. Reconhecido por sua infraestrutura de \u00faltima gera\u00e7\u00e3o, composta por tratamentos avan\u00e7ados fundamentados em alta tecnologia, o hospital destaca-se em procedimentos complexos, como transplantes de rins, retinoblastoma e medula \u00f3ssea, al\u00e9m de uma variedade de procedimentos di\u00e1rios.<\/p>\n<p>Al\u00e9m disso, o Hospital Santa Marcelina \u00e9 reconhecido por abrigar um centro de pesquisa avan\u00e7ado e um centro de ensino, composto por aproximadamente 42 programas de resid\u00eancia m\u00e9dica e especializa\u00e7\u00e3o, sendo procurado por profissionais de todo o pa\u00eds.<\/p>\n<p>Todo esse trabalho \u00e9 conduzido por uma equipe que conta com uma gest\u00e3o excepcional, composta por cerca de 4 mil colaboradores e mil m\u00e9dicos. Essa equipe, que cresce ano ap\u00f3s ano, regularmente abre<a href=\"https:\/\/99empregos.com.br\/blog\/pro-corpo-clinica-de-estetica-tem-vagas-em-varios-locais-veja\/#google_vignette\" target=\"_blank\" rel=\"noopener\"> vagas<\/a> de<a href=\"https:\/\/99empregos.com.br\/blog\/orthopride-tem-mais-de-160-vagas-em-cargos-diversos-confira\/#google_vignette\" target=\"_blank\" rel=\"noopener\"> trabalho<\/a>:<\/p>\n<ul>\n<li>Jovem Aprendiz &#8211; S\u00e3o Paulo\/SP<\/li>\n<li>Agente de Portaria &#8211; S\u00e3o Paulo\/SP<\/li>\n<li>Auxiliar de Enfermagem &#8211; S\u00e3o Paulo\/SP<\/li>\n<li>Auxiliar de Enfermagem &#8211; S\u00e3o Paulo\/SP<\/li>\n<li>Auxiliar de Enfermagem &#8211; S\u00e3o Paulo\/SP<\/li>\n<li>Auxiliar de Enfermagem &#8211; S\u00e3o Paulo\/SP<\/li>\n<li>Auxiliar de Enfermagem &#8211; S\u00e3o Paulo\/SP<\/li>\n<li>Auxiliar de Enfermagem &#8211; S\u00e3o Paulo\/SP<\/li>\n<li>Enfermeiro J\u00fanior &#8211; S\u00e3o Paulo\/SP<\/li>\n<li>Enfermeiro J\u00fanior &#8211; S\u00e3o Paulo\/SP<\/li>\n<li>Enfermeiro J\u00fanior &#8211; S\u00e3o Paulo\/SP<\/li>\n<li>Enfermeiro J\u00fanior &#8211; S\u00e3o Paulo\/SP<\/li>\n<li>Enfermeiro J\u00fanior &#8211; S\u00e3o Paulo\/SP<\/li>\n<\/ul>\n<\/div>\n<\/div>\n<\/div>\n<\/div>\n<\/div>\n<\/div>\n<\/div>\n<\/div>\n<\/div>\n<\/div>\n<\/div>\n<\/div>\n<h2><b>Sobre o Hospital Santa Marcelina<\/b><\/h2>\n<p>A empresa oferece um sal\u00e1rio compat\u00edvel com o mercado de trabalho e o colaborador pode contar com os seguintes benef\u00edcios: vale-transporte, vale-refei\u00e7\u00e3o, seguro de vida, assist\u00eancia m\u00e9dica e assist\u00eancia odontol\u00f3gica.<\/p>\n<h2><b>Saiba como concorrer as vagas dispon\u00edveis\u00a0<\/b><\/h2>\n<p>O processo para se candidatar as vagas do Hospital Santa Marcelina \u00e9 simples, ao clicar nesse <a href=\"https:\/\/99empregos.com.br\/vaga\/hospital-santa-marcelina-tem-dezenas-de-vagas-confira\/\" target=\"_blank\" rel=\"noopener\">link<\/a>,\u00a0voc\u00ea poder\u00e1 clicar em Candidatar que voc\u00ea ser\u00e1 redirecionado para a \u00e1rea Trabalhe Conosco da empresa. L\u00e1, voc\u00ea ter\u00e1 acesso as diversas vagas e, ao escolher a que se encaixa no seu perfil clique em: Ver descri\u00e7\u00e3o da vaga.<\/p>\n<p>Em seguida, certifique-se de preencher os pr\u00e9-requisitos. Depois \u00e9 s\u00f3 clicar em Inscreva-se e anexar o seu curr\u00edculo. Voc\u00ea pode ainda cadastrar o seu curr\u00edculo no banco de vagas caso n\u00e3o encontre uma vaga.<\/p>\n<div class=\"flex-1 overflow-hidden\">\n<div class=\"react-scroll-to-bottom--css-muqij-79elbk h-full\">\n<div class=\"react-scroll-to-bottom--css-muqij-1n7m0yu\">\n<div class=\"flex flex-col pb-9 text-sm\">\n<div class=\"w-full text-token-text-primary\" data-testid=\"conversation-turn-21\">\n<div class=\"px-4 py-2 justify-center text-base md:gap-6 m-auto\">\n<div class=\"flex flex-1 text-base mx-auto gap-3 md:px-5 lg:px-1 xl:px-5 md:max-w-3xl lg:max-w-[40rem] xl:max-w-[48rem] group final-completion\">\n<div class=\"relative flex w-full flex-col lg:w-[calc(100%-115px)] agent-turn\">\n<div class=\"flex-col gap-1 md:gap-3\">\n<div class=\"mt-1 flex justify-start gap-3 empty:hidden\">\n<div class=\"text-gray-400 flex self-end lg:self-center justify-center lg:justify-start mt-0 -ml-1 visible\">\n<div class=\"flex\"><\/div>\n<div class=\"flex items-center gap-1.5 text-xs\"><\/div>\n<\/div>\n<\/div>\n<\/div>\n<div class=\"absolute\">\n<div class=\"flex w-full gap-2 items-center justify-center\"><\/div>\n<\/div>\n<\/div>\n<\/div>\n<\/div>\n<\/div>\n<\/div>\n<\/div>\n<\/div>\n<\/div>\n<div class=\"w-full pt-2 md:pt-0 dark:border-white\/20 md:border-transparent md:dark:border-transparent md:w-[calc(100%-.5rem)]\">\n<div class=\"relative flex h-full flex-1 items-stretch md:flex-col\">\n<div class=\"flex w-full items-center\"><\/div>\n<\/div>\n<\/div>\n","protected":false},"excerpt":{"rendered":"<p>O Hospital Santa Marcelina, uma institui\u00e7\u00e3o de sa\u00fade de car\u00e1ter filantr\u00f3pico e privado, recebe seu nome em homenagem \u00e0 Congrega\u00e7\u00e3o de Irm\u00e3s Italianas de Santa Marcelina, que o fundou h\u00e1 60 anos. Essa congrega\u00e7\u00e3o, que se renova com o tempo, mant\u00e9m a miss\u00e3o de presta\u00e7\u00e3o de assist\u00eancia social \u00e0 popula\u00e7\u00e3o ao longo dessas d\u00e9cadas. Baseando-se [&hellip;]<\/p>\n","protected":false},"author":13,"featured_media":49848,"comment_status":"open","ping_status":"closed","sticky":false,"template":"","format":"standard","meta":{"footnotes":""},"categories":[1],"tags":[1401,1402,2683],"class_list":["post-49846","post","type-post","status-publish","format-standard","has-post-thumbnail","hentry","category-sem-categoria","tag-nivel-medio","tag-nivel-superior","tag-nivel-tecnico"],"_links":{"self":[{"href":"https:\/\/99empregos.com.br\/blog\/wp-json\/wp\/v2\/posts\/49846","targetHints":{"allow":["GET"]}}],"collection":[{"href":"https:\/\/99empregos.com.br\/blog\/wp-json\/wp\/v2\/posts"}],"about":[{"href":"https:\/\/99empregos.com.br\/blog\/wp-json\/wp\/v2\/types\/post"}],"author":[{"embeddable":true,"href":"https:\/\/99empregos.com.br\/blog\/wp-json\/wp\/v2\/users\/13"}],"replies":[{"embeddable":true,"href":"https:\/\/99empregos.com.br\/blog\/wp-json\/wp\/v2\/comments?post=49846"}],"version-history":[{"count":0,"href":"https:\/\/99empregos.com.br\/blog\/wp-json\/wp\/v2\/posts\/49846\/revisions"}],"wp:featuredmedia":[{"embeddable":true,"href":"https:\/\/99empregos.com.br\/blog\/wp-json\/wp\/v2\/media\/49848"}],"wp:attachment":[{"href":"https:\/\/99empregos.com.br\/blog\/wp-json\/wp\/v2\/media?parent=49846"}],"wp:term":[{"taxonomy":"category","embeddable":true,"href":"https:\/\/99empregos.com.br\/blog\/wp-json\/wp\/v2\/categories?post=49846"},{"taxonomy":"post_tag","embeddable":true,"href":"https:\/\/99empregos.com.br\/blog\/wp-json\/wp\/v2\/tags?post=49846"}],"curies":[{"name":"wp","href":"https:\/\/api.w.org\/{rel}","templated":true}]}}