{"id":50578,"date":"2024-02-05T21:26:48","date_gmt":"2024-02-06T00:26:48","guid":{"rendered":"https:\/\/123empregos.com.br\/blog\/?p=50578"},"modified":"2025-05-12T16:11:16","modified_gmt":"2025-05-12T19:11:16","slug":"vagas-internacionais-e-home-office-estas-5-empresas-estao-contratando-brasileiros","status":"publish","type":"post","link":"https:\/\/99empregos.com.br\/blog\/vagas-internacionais-e-home-office-estas-5-empresas-estao-contratando-brasileiros\/","title":{"rendered":"Vagas internacionais e Home Office: Estas 5 empresas est\u00e3o contratando brasileiros"},"content":{"rendered":"<p>Com a crescente demanda por oportunidades de trabalho internacionais e a populariza\u00e7\u00e3o do conceito de <a href=\"https:\/\/99empregos.com.br\/blog\/cielo-disponibiliza-vagas-de-emprego-em-home-office-saiba-mais\/\"><strong>home office<\/strong><\/a>, muitos brasileiros est\u00e3o em busca de empresas que ofere\u00e7am essas possibilidades. Felizmente, existem diversas organiza\u00e7\u00f5es que est\u00e3o contratando profissionais do Brasil para vagas internacionais ou com a op\u00e7\u00e3o de trabalho remoto.<\/p>\n<p>Neste artigo, apresentaremos cinco empresas que est\u00e3o oferecendo vagas internacionais e\/ou home office para brasileiros. Abordaremos os requisitos, benef\u00edcios e etapas dos processos seletivos de cada uma delas. Se voc\u00ea est\u00e1 em busca de novas oportunidades profissionais, continue lendo e descubra quais s\u00e3o essas empresas.<\/p>\n<h2>Ipiranga<\/h2>\n<p>O Grupo Ultra, por meio da sua empresa Ipiranga, est\u00e1 com um processo seletivo aberto chamado &#8220;Ipiranga Talent 2024&#8221;. Esse programa busca jovens talentos para atuarem nas \u00e1reas Comercial, Jur\u00eddica, RH, Marketing, Opera\u00e7\u00f5es, Planejamento e Controle, e Supply\/Trading.<\/p>\n<p><strong>Localidades<\/strong>: Goi\u00e2nia (GO), Rio de Janeiro (RJ), Barueri, Paul\u00ednia, S\u00e3o Caetano do Sul e S\u00e3o Paulo (SP), Campo Grande (MS), Canoas (RS), Porto Velho (RO), Bel\u00e9m (PA) e Londrina (PR).<\/p>\n<p><strong>Requisitos<\/strong>:<\/p>\n<ul>\n<li>\n<div class=\"flex flex-col\">Estar cursando n\u00edvel superior em qualquer \u00e1rea (bacharel, licenciatura e tecn\u00f3logo), com forma\u00e7\u00e3o entre julho\/2025 e julho\/2026.<\/div>\n<\/li>\n<\/ul>\n<p><strong>Benef\u00edcios<\/strong>:<\/p>\n<ul>\n<li>\n<div class=\"flex flex-col\">Home Office (3 dias na empresa e 2 em casa, a depender da localidade);<\/div>\n<\/li>\n<li>\n<div class=\"flex flex-col\">Bolsa-Aux\u00edlio (compat\u00edvel com o mercado);<\/div>\n<\/li>\n<li>\n<div class=\"flex flex-col\">Aux\u00edlio Transporte (R$ 200 por m\u00eas);<\/div>\n<\/li>\n<li>\n<div class=\"flex flex-col\">Vale-Refei\u00e7\u00e3o ou Alimenta\u00e7\u00e3o no local (a depender da localidade);<\/div>\n<\/li>\n<li>\n<div class=\"flex flex-col\">Plano de Sa\u00fade;<\/div>\n<\/li>\n<li>\n<div class=\"flex flex-col\">Seguro de Vida;<\/div>\n<\/li>\n<li>\n<div class=\"flex flex-col\">Estacionamento e Biciclet\u00e1rio (a depender da localidade);<\/div>\n<\/li>\n<li>\n<div class=\"flex flex-col\">Possibilidade de hor\u00e1rio flex\u00edvel;<\/div>\n<\/li>\n<li>\n<div class=\"flex flex-col\">Universidade Corporativa;<\/div>\n<\/li>\n<li>\n<div class=\"flex flex-col\">Zenklub (Orienta\u00e7\u00e3o Psicol\u00f3gica online);<\/div>\n<\/li>\n<li>\n<div class=\"flex flex-col\">Gympass.<\/div>\n<\/li>\n<\/ul>\n<p><strong>Etapas<\/strong>:<\/p>\n<ol>\n<li>\n<div class=\"flex flex-col\">Inscri\u00e7\u00e3o + Testes (Janeiro e Fevereiro);<\/div>\n<\/li>\n<li>\n<div class=\"flex flex-col\">Din\u00e2mica com RH (Fevereiro);<\/div>\n<\/li>\n<li>\n<div class=\"flex flex-col\">Din\u00e2mica + Entrevistas com lideran\u00e7as (Fevereiro);<\/div>\n<\/li>\n<li>\n<div class=\"flex flex-col\">Processo Admissional (Mar\u00e7o);<\/div>\n<\/li>\n<li>\n<div class=\"flex flex-col\">In\u00edcio do Est\u00e1gio (Mar\u00e7o).<\/div>\n<\/li>\n<\/ol>\n<p><strong>Prazo de Inscri\u00e7\u00e3o<\/strong>: at\u00e9 dia 9\/02, os interessados podem se candidatar pelo<strong> <a class=\"text-purple-1 hover:text-purple-2 underline underline-offset-4\" href=\"https:\/\/portal.ipiranga\/wps\/portal\/pt-br\/ipiranga\/404\" target=\"_blank\" rel=\"noopener noreferrer\">link<\/a><\/strong>.<\/p>\n<h2>Supergasbras<\/h2>\n<p>A Supergasbras, que faz parte do SHV Energy, l\u00edder mundial na distribui\u00e7\u00e3o de GLP, est\u00e1 com vagas abertas para o Programa de Est\u00e1gio Supergasbras 2024. S\u00e3o diversas \u00e1reas dispon\u00edveis, sendo necess\u00e1rio apenas confirmar para qual localidade \u00e9 direcionada.<\/p>\n<p><strong>Localidades<\/strong>: Arauc\u00e1ria e Londrina (PR), Bel\u00e9m (PA), Betim e Uberl\u00e2ndia (MG), Campo Grande (MS), Canoas, Caxias do Sul (RS), Cuiab\u00e1 (MT), Curitibanos (SC), Salvador e Jequi\u00e9 (BA), Goi\u00e2nia (GO), Serra (ES), Duque de Caxias e Rio de Janeiro (RJ), Fortaleza (CE), Recife e Ipojuca (PE), Paul\u00ednia, Ribeir\u00e3o Preto, Mau\u00e1 e S\u00e3o Jos\u00e9 dos Campos (SP).<\/p>\n<p><strong>Requisitos para Est\u00e1gio<\/strong>:<\/p>\n<ul>\n<li>\n<div class=\"flex flex-col\">Curso de gradua\u00e7\u00e3o em andamento (bacharelado ou tecn\u00f3logo) com forma\u00e7\u00e3o prevista entre julho\/2025 e dezembro\/2025;<\/div>\n<\/li>\n<li>\n<div class=\"flex flex-col\">Disponibilidade de 2 anos para estagiar.<\/div>\n<\/li>\n<\/ul>\n<p><strong>Requisitos para Est\u00e1gio T\u00e9cnico<\/strong>:<\/p>\n<ul>\n<li>\n<div class=\"flex flex-col\">Estar matriculado no curso t\u00e9cnico de <strong>seguran\u00e7a do trabalho<\/strong> em institui\u00e7\u00f5es de ensino (escola ou t\u00e9cnico profissionalizante) com forma\u00e7\u00e3o a partir de dezembro\/2024;<\/div>\n<\/li>\n<li>\n<div class=\"flex flex-col\">Ser maior de 18 anos;<\/div>\n<\/li>\n<li>\n<div class=\"flex flex-col\">Ter disponibilidade para atuar por 1 ano.<\/div>\n<\/li>\n<\/ul>\n<p><strong>Benef\u00edcios<\/strong>:<\/p>\n<ul>\n<li>\n<div class=\"flex flex-col\">Bolsa Aux\u00edlio;<\/div>\n<\/li>\n<li>\n<div class=\"flex flex-col\">Vale Refei\u00e7\u00e3o R$ 43,53\/dia ou alimenta\u00e7\u00e3o no local;<\/div>\n<\/li>\n<li>\n<div class=\"flex flex-col\">Vale-Transporte;<\/div>\n<\/li>\n<li>\n<div class=\"flex flex-col\">Assist\u00eancia M\u00e9dica;<\/div>\n<\/li>\n<li>\n<div class=\"flex flex-col\">Seguro de vida;<\/div>\n<\/li>\n<li>\n<div class=\"flex flex-col\">Aux\u00edlio Academia (Gympass);<\/div>\n<\/li>\n<li>\n<div class=\"flex flex-col\">Vale-g\u00e1s.<\/div>\n<\/li>\n<\/ul>\n<p><strong>Etapas<\/strong>:<\/p>\n<ol>\n<li>\n<div class=\"flex flex-col\">Inscri\u00e7\u00e3o + Testes;<\/div>\n<\/li>\n<li>\n<div class=\"flex flex-col\">Entrevista Coletiva;<\/div>\n<\/li>\n<li>\n<div class=\"flex flex-col\">Din\u00e2mica Online;<\/div>\n<\/li>\n<li>\n<div class=\"flex flex-col\">Entrevista Final;<\/div>\n<\/li>\n<li>\n<div class=\"flex flex-col\">Admiss\u00e3o.<\/div>\n<\/li>\n<\/ol>\n<p><strong>Prazo de Inscri\u00e7\u00e3o<\/strong>: Sem data de t\u00e9rmino prevista, os interessados podem se candidatar pelo seguinte <a href=\"https:\/\/99jobs.com\/supergasbras\/jobs\/357573-banco-super-talentos-estagio-supergasbras-2024\" target=\"_blank\" rel=\"noopener\"><strong>link<\/strong><\/a>:<\/p>\n<h2>Ita\u00fa Unibanco<\/h2>\n<p>O Ita\u00fa Unibanco est\u00e1 com as inscri\u00e7\u00f5es abertas para o seu Programa de Est\u00e1gio 2024, que recebeu o nome de &#8220;Explore um Ita\u00fa de possibilidades&#8221;. Essa institui\u00e7\u00e3o financeira, que atua pela Am\u00e9rica Latina, oferece oportunidades de est\u00e1gio em diversas \u00e1reas.<\/p>\n<p><strong>Requisitos<\/strong>:<\/p>\n<ul>\n<li>\n<div class=\"flex flex-col\">Estar matriculado em cursos nas \u00e1reas de Exatas ou Humanas;<\/div>\n<\/li>\n<li>\n<div class=\"flex flex-col\">Disponibilidade para estagiar 4h, 5h ou 6h\/dia;<\/div>\n<\/li>\n<li>\n<div class=\"flex flex-col\">Cursos nas \u00e1reas de Exatas ou Humanas com, no m\u00ednimo, 1 ano e meio para a forma\u00e7\u00e3o (forma\u00e7\u00e3o a partir de 07\/2025).<\/div>\n<\/li>\n<\/ul>\n<p><strong>Benef\u00edcios<\/strong>:<\/p>\n<ul>\n<li>\n<div class=\"flex flex-col\">Bolsa Aux\u00edlio \u2014 R$ 2.440,00 para est\u00e1gio de 6h e R$ 1.626,67 para est\u00e1gio de 4h.<\/div>\n<\/li>\n<li>\n<div class=\"flex flex-col\">Plano de Sa\u00fade e Odontol\u00f3gico;<\/div>\n<\/li>\n<li>\n<div class=\"flex flex-col\">Vale-Refei\u00e7\u00e3o;<\/div>\n<\/li>\n<li>\n<div class=\"flex flex-col\">Vale-Transporte (apenas \u00f4nibus municipal);<\/div>\n<\/li>\n<li>\n<div class=\"flex flex-col\">Seguro de Vida;<\/div>\n<\/li>\n<li>\n<div class=\"flex flex-col\">Gympass e Totalpass;<\/div>\n<\/li>\n<li>\n<div class=\"flex flex-col\">Descontos na Drogasil e Droga Raia;<\/div>\n<\/li>\n<li>\n<div class=\"flex flex-col\">Ita\u00fa Unibanco Clube (S\u00e3o Sebasti\u00e3o, Itanha\u00e9m e Guarapiranga);<\/div>\n<\/li>\n<li>\n<div class=\"flex flex-col\">Programa Ita\u00fa Shop (vantagens e descontos em lojas e servi\u00e7os de diversos parceiros no Brasil e na Am\u00e9rica Latina);<\/div>\n<\/li>\n<li>\n<div class=\"flex flex-col\">Descontos em produtos banc\u00e1rios Ita\u00fa \u2014 exclusivo para funcion\u00e1rios;<\/div>\n<\/li>\n<li>\n<div class=\"flex flex-col\">Programa Fique OK \u2014 Assist\u00eancia e Bem-estar (Assist\u00eancia m\u00e9dica, psicol\u00f3gica, nutricional, jur\u00eddica, etc);<\/div>\n<\/li>\n<li>\n<div class=\"flex flex-col\">Biciclet\u00e1rio;<\/div>\n<\/li>\n<li>\n<div class=\"flex flex-col\">Ambientes de Descompress\u00e3o: sala de jogos, m\u00fasica, leitura, medita\u00e7\u00e3o, rooftop e quadra esportiva;<\/div>\n<\/li>\n<li>\n<div class=\"flex flex-col\">Galeria de Servi\u00e7os dentro dos polos: restaurantes, refeit\u00f3rio, caf\u00e9, esmalteria, espa\u00e7o de massagem e farm\u00e1cia.<\/div>\n<\/li>\n<\/ul>\n<p><strong>Etapas<\/strong>:<\/p>\n<ol>\n<li>\n<div class=\"flex flex-col\">Inscri\u00e7\u00e3o;<\/div>\n<\/li>\n<li>\n<div class=\"flex flex-col\">Teste online;<\/div>\n<\/li>\n<li>\n<div class=\"flex flex-col\">Pitch pessoal;<\/div>\n<\/li>\n<li>\n<div class=\"flex flex-col\">Din\u00e2mica de grupo;<\/div>\n<\/li>\n<li>\n<div class=\"flex flex-col\">Painel de Neg\u00f3cios;<\/div>\n<\/li>\n<li>\n<div class=\"flex flex-col\">Entrevista final.<\/div>\n<\/li>\n<\/ol>\n<p><strong>Prazo de Inscri\u00e7\u00e3o<\/strong>: Por tempo ilimitado, por enquanto, os interessados podem se candidatar pelos links.<\/p>\n<p><a href=\"https:\/\/vemproitau.gupy.io\/jobs\/5420157\" target=\"_blank\" rel=\"noopener\"><strong>Link 1<\/strong><\/a><\/p>\n<p><a href=\"https:\/\/vemproitau.gupy.io\/jobs\/5088700\" target=\"_blank\" rel=\"noopener\"><strong>Link 2<\/strong><\/a><\/p>\n<h2>Grupo Carrefour Brasil<\/h2>\n<p>O Grupo Carrefour Brasil, controlado pelo grupo franc\u00eas Carrefour, \u00e9 uma empresa de com\u00e9rcio varejista brasileira que est\u00e1 com mais de 900 vagas dispon\u00edveis em diversas \u00e1reas e localidades.<\/p>\n<p>Os requisitos para cada <a href=\"https:\/\/99empregos.com.br\/blog\/cielo-disponibiliza-vagas-de-emprego-em-home-office-saiba-mais\/\"><strong>vaga<\/strong><\/a> podem variar, portanto \u00e9 importante consultar as especifica\u00e7\u00f5es de cada posi\u00e7\u00e3o.<\/p>\n<p><strong>Benef\u00edcios<\/strong>:<\/p>\n<ul>\n<li>\n<div class=\"flex flex-col\">Home Office;<\/div>\n<\/li>\n<li>\n<div class=\"flex flex-col\">Plano de Sa\u00fade e Odontol\u00f3gico;<\/div>\n<\/li>\n<li>\n<div class=\"flex flex-col\">Aux\u00edlio-Farm\u00e1cia \/ Medicamento;<\/div>\n<\/li>\n<li>\n<div class=\"flex flex-col\">Seguro de Vida;<\/div>\n<\/li>\n<li>\n<div class=\"flex flex-col\">Refei\u00e7\u00e3o no local;<\/div>\n<\/li>\n<li>\n<div class=\"flex flex-col\">Vale-Transporte ou Estacionamento;<\/div>\n<\/li>\n<li>\n<div class=\"flex flex-col\">Sala de Descompress\u00e3o;<\/div>\n<\/li>\n<li>\n<div class=\"flex flex-col\">Programas de Parcerias com empresas;<\/div>\n<\/li>\n<li>\n<div class=\"flex flex-col\">Licen\u00e7a Paternidade \/ Maternidade Estendida;<\/div>\n<\/li>\n<li>\n<div class=\"flex flex-col\">Aux\u00edlio-Creche;<\/div>\n<\/li>\n<li>\n<div class=\"flex flex-col\">Aux\u00edlio-Academia.<\/div>\n<\/li>\n<\/ul>\n<p><strong>Prazo de Inscri\u00e7\u00e3o<\/strong>: Sem data de t\u00e9rmino prevista, os interessados podem se candidatar pelo <a href=\"https:\/\/www.infojobs.com.br\/grupocarrefourbrasil\/vagas\" target=\"_blank\" rel=\"noopener\"><strong>link<\/strong><\/a>.<\/p>\n<h2>Cart\u00e3o Elo<\/h2>\n<p>A empresa Cart\u00e3o Elo atua com tecnologia de pagamentos h\u00e1 mais de 10 anos e j\u00e1 emitiu mais de 140 milh\u00f5es de cart\u00f5es em parceria com mais de 30 emissores. Essa empresa est\u00e1 com vagas dispon\u00edveis para brasileiros.<\/p>\n<p><strong>Benef\u00edcios<\/strong>:<\/p>\n<ul>\n<li>\n<div class=\"flex flex-col\">Home Office;<\/div>\n<\/li>\n<li>\n<div class=\"flex flex-col\">Participa\u00e7\u00e3o nos Resultados (PPR);<\/div>\n<\/li>\n<li>\n<div class=\"flex flex-col\">Assist\u00eancias m\u00e9dica e odontol\u00f3gica (Bradesco);<\/div>\n<\/li>\n<li>\n<div class=\"flex flex-col\">Seguro de vida (Bradesco Seguros);<\/div>\n<\/li>\n<li>\n<div class=\"flex flex-col\">Previd\u00eancia privada (100% custeado pela Elo);<\/div>\n<\/li>\n<li>\n<div class=\"flex flex-col\">Vale refei\u00e7\u00e3o\/alimenta\u00e7\u00e3o de R$ 1.800;<\/div>\n<\/li>\n<li>\n<div class=\"flex flex-col\">Alelo Cesta Natal;<\/div>\n<\/li>\n<li>\n<div class=\"flex flex-col\">Alelo Cultura (benef\u00edcio a ser usado em teatro, cinema ou livrarias);<\/div>\n<\/li>\n<li>\n<div class=\"flex flex-col\">Zenklub (plataforma de sa\u00fade e bem estar);<\/div>\n<\/li>\n<li>\n<div class=\"flex flex-col\">Aux\u00edlio idiomas;<\/div>\n<\/li>\n<li>\n<div class=\"flex flex-col\">Acesso ao clube de vantagens Bradesco;<\/div>\n<\/li>\n<li>\n<div class=\"flex flex-col\">Licen\u00e7a parentalidade estendida;<\/div>\n<\/li>\n<li>\n<div class=\"flex flex-col\">Gympass (rede de academias e est\u00fadios para pr\u00e1ticas esportivas).<\/div>\n<\/li>\n<\/ul>\n<p><strong>Prazo de Inscri\u00e7\u00e3o<\/strong>: Sem data de t\u00e9rmino previsto, os interessados podem se candidatar pelo <a href=\"https:\/\/remotar.com.br\/company\/617\/cartao-elo\" target=\"_blank\" rel=\"noopener\"><strong>link<\/strong><\/a>.<\/p>\n<p>Al\u00e9m das empresas mencionadas, existem tamb\u00e9m oportunidades de home office na Europa, por meio do site da Comiss\u00e3o Europeia e do site EuroJobs.<\/p>\n<p>Se voc\u00ea est\u00e1 em busca de novas oportunidades profissionais, n\u00e3o deixe de conferir as vagas internacionais e de <a href=\"https:\/\/99empregos.com.br\/blog\/oportunidades-home-office-para-trabalhar-na-sicredi\/\"><strong>home office<\/strong><\/a> oferecidas por essas empresas. Lembre-se de se atentar aos requisitos de cada vaga e aproveite a chance de expandir sua carreira al\u00e9m das fronteiras do Brasil.<\/p>\n","protected":false},"excerpt":{"rendered":"<p>Com a crescente demanda por oportunidades de trabalho internacionais e a populariza\u00e7\u00e3o do conceito de home office, muitos brasileiros est\u00e3o em busca de empresas que ofere\u00e7am essas possibilidades. Felizmente, existem diversas organiza\u00e7\u00f5es que est\u00e3o contratando profissionais do Brasil para vagas internacionais ou com a op\u00e7\u00e3o de trabalho remoto. Neste artigo, apresentaremos cinco empresas que est\u00e3o [&hellip;]<\/p>\n","protected":false},"author":24,"featured_media":50579,"comment_status":"open","ping_status":"closed","sticky":false,"template":"","format":"standard","meta":{"footnotes":""},"categories":[15],"tags":[4,11,781,16,206,311],"class_list":["post-50578","post","type-post","status-publish","format-standard","has-post-thumbnail","hentry","category-vagas","tag-emprego","tag-home-office","tag-oportunidades","tag-vagas-de-emprego","tag-vagas-home-office","tag-vagas-internacionais"],"_links":{"self":[{"href":"https:\/\/99empregos.com.br\/blog\/wp-json\/wp\/v2\/posts\/50578","targetHints":{"allow":["GET"]}}],"collection":[{"href":"https:\/\/99empregos.com.br\/blog\/wp-json\/wp\/v2\/posts"}],"about":[{"href":"https:\/\/99empregos.com.br\/blog\/wp-json\/wp\/v2\/types\/post"}],"author":[{"embeddable":true,"href":"https:\/\/99empregos.com.br\/blog\/wp-json\/wp\/v2\/users\/24"}],"replies":[{"embeddable":true,"href":"https:\/\/99empregos.com.br\/blog\/wp-json\/wp\/v2\/comments?post=50578"}],"version-history":[{"count":0,"href":"https:\/\/99empregos.com.br\/blog\/wp-json\/wp\/v2\/posts\/50578\/revisions"}],"wp:featuredmedia":[{"embeddable":true,"href":"https:\/\/99empregos.com.br\/blog\/wp-json\/wp\/v2\/media\/50579"}],"wp:attachment":[{"href":"https:\/\/99empregos.com.br\/blog\/wp-json\/wp\/v2\/media?parent=50578"}],"wp:term":[{"taxonomy":"category","embeddable":true,"href":"https:\/\/99empregos.com.br\/blog\/wp-json\/wp\/v2\/categories?post=50578"},{"taxonomy":"post_tag","embeddable":true,"href":"https:\/\/99empregos.com.br\/blog\/wp-json\/wp\/v2\/tags?post=50578"}],"curies":[{"name":"wp","href":"https:\/\/api.w.org\/{rel}","templated":true}]}}