{"id":51365,"date":"2024-02-21T07:18:43","date_gmt":"2024-02-21T10:18:43","guid":{"rendered":"https:\/\/123empregos.com.br\/blog\/?p=51365"},"modified":"2024-02-15T11:31:13","modified_gmt":"2024-02-15T14:31:13","slug":"jovem-aprendiz-na-renner","status":"publish","type":"post","link":"https:\/\/99empregos.com.br\/blog\/jovem-aprendiz-na-renner\/","title":{"rendered":"JOVEM APRENDIZ NA RENNER: +10 vagas abertas"},"content":{"rendered":"<p>As vagas de Jovem Aprendiz na Renner s\u00e3o \u00f3timas para quem se identifica com o setor de moda e de vendas. Al\u00e9m disso, as vagas n\u00e3o exigem experi\u00eancia e nem mesmo ensino m\u00e9dio completo.<\/p>\n<p>Dessa forma, essa \u00e9 uma maneira do jovem come\u00e7ar a adquirir experi\u00eancia comprovada e dar in\u00edcio a uma carreira profissional.<\/p>\n<p>Confira mais aqui sobre as vagas de Jovem Aprendiz na Renner e como voc\u00ea pode fazer para se candidatar a uma delas.<\/p>\n<h2>As vagas de Jovem Aprendiz na Renner<\/h2>\n<p data-sourcepos=\"3:1-3:235\">A Renner est\u00e1 com diversas vagas abertas para o programa <a href=\"https:\/\/99empregos.com.br\/blog\/vagas-para-jovem-aprendiz-em-ro-candidate-se-agora\/\">Jovem Aprendiz em v\u00e1rias cidades do Brasil<\/a>. Esta pode ser a sua oportunidade de ingressar em uma empresa l\u00edder em moda e varejo, aprender na pr\u00e1tica e construir uma carreira de sucesso.<\/p>\n<p data-sourcepos=\"5:1-5:22\">Vagas dispon\u00edveis:<\/p>\n<ul data-sourcepos=\"7:1-18:0\">\n<li data-sourcepos=\"7:1-7:36\">Jovem Aprendiz\u00a0(Sorocaba &#8211; SP)<\/li>\n<li data-sourcepos=\"8:1-8:42\">Renner &#8211; Fiscal de Loja\u00a0(Montevideo)<\/li>\n<li data-sourcepos=\"9:1-9:47\">Renner &#8211; Jovem Aprendiz\u00a0(Piracicaba &#8211; SP)<\/li>\n<li data-sourcepos=\"10:1-10:49\">Renner &#8211; Jovem Aprendiz\u00a0(Porto Alegre &#8211; RS)<\/li>\n<li data-sourcepos=\"11:1-11:43\">Renner &#8211; Jovem Aprendiz\u00a0(Araras &#8211; SP)<\/li>\n<li data-sourcepos=\"12:1-12:47\">Renner &#8211; Jovem Aprendiz\u00a0(Araraquara &#8211; SP)<\/li>\n<li data-sourcepos=\"13:1-13:51\">Renner &#8211; Jovem Aprendiz\u00a0(Belo Horizonte &#8211; MG)<\/li>\n<li data-sourcepos=\"14:1-14:60\">Renner &#8211; Jovem Aprendiz\u00a0(Cachoeiro de Itapemirim &#8211; ES)<\/li>\n<li data-sourcepos=\"15:1-15:51\">Renner &#8211; Jovem Aprendiz\u00a0(Rio de Janeiro &#8211; RJ)<\/li>\n<li data-sourcepos=\"16:1-16:44\">Renner &#8211; Jovem Aprendiz\u00a0(Caruaru &#8211; PE)<\/li>\n<li data-sourcepos=\"17:1-18:0\">Renner &#8211; Jovem Aprendiz Shopping Avenida Center Dourados-MS\u00a0(Dourados &#8211; MS)<\/li>\n<\/ul>\n<h2>Como se candidatar para uma vaga de Jovem Aprendiz na Renner<\/h2>\n<p data-sourcepos=\"5:1-5:34\"><strong>Passo 1: Acesse o site da Gupy<\/strong><\/p>\n<p data-sourcepos=\"7:1-7:1\">O primeiro passo \u00e9 acessar o site da Gupy: <a class=\"traceable-link\" href=\"https:\/\/lojasrenner.gupy.io\/\" target=\"_blank\" rel=\"noopener noreferrer\">https:\/\/lojasrenner.gupy.io\/<\/a>.<\/p>\n<p data-sourcepos=\"9:1-9:26\"><strong>Passo 2: Encontre a vaga desejada<\/strong><\/p>\n<p data-sourcepos=\"11:1-11:282\">Na p\u00e1gina inicial, voc\u00ea pode <a href=\"https:\/\/99empregos.com.br\/blog\/700-vagas-para-vendedores-na-renner\/\">utilizar a barra de pesquisa para encontrar a vaga que deseja por palavras-chave<\/a>, como cargo, cidade ou \u00e1rea de atua\u00e7\u00e3o. Aqui tamb\u00e9m ser\u00e1 o momento para voc\u00ea indicar que quer ver somente as vagas para Jovem Aprendiz.<\/p>\n<p data-sourcepos=\"13:1-13:49\"><strong>Passo 3: Leia atentamente a descri\u00e7\u00e3o da vaga<\/strong><\/p>\n<p data-sourcepos=\"15:1-15:225\">Ao encontrar a vaga de seu interesse, leia atentamente a descri\u00e7\u00e3o para entender os requisitos e responsabilidades da posi\u00e7\u00e3o. Certifique-se de que suas qualifica\u00e7\u00f5es e experi\u00eancias se encaixam no perfil buscado pela empresa.<\/p>\n<p data-sourcepos=\"17:1-17:9\"><strong>Passo 4: Prepare seu curr\u00edculo<\/strong><\/p>\n<p data-sourcepos=\"19:1-19:251\">Antes de se candidatar, revise e atualize seu curr\u00edculo, destacando suas qualifica\u00e7\u00f5es e experi\u00eancias mais relevantes para a vaga desejada. Certifique-se de que o curr\u00edculo esteja em formato PDF e dentro dos requisitos de tamanho e formata\u00e7\u00e3o da Gupy.<\/p>\n<p data-sourcepos=\"21:1-21:49\"><strong>Passo 5: Preencha o formul\u00e1rio de candidatura<\/strong><\/p>\n<p data-sourcepos=\"23:1-23:272\">Clique no bot\u00e3o &#8220;Candidatar-se&#8221; e preencha o formul\u00e1rio de candidatura com seus dados pessoais, forma\u00e7\u00e3o acad\u00eamica, experi\u00eancia profissional e informa\u00e7\u00f5es de contato. Responda \u00e0s perguntas com aten\u00e7\u00e3o e honestidade, pois elas ser\u00e3o utilizadas para avaliar sua candidatura.<\/p>\n<p data-sourcepos=\"29:1-29:43\"><strong>Passo 6: Revise sua candidatura e envie<\/strong><\/p>\n<p data-sourcepos=\"31:1-31:181\">Revise cuidadosamente sua candidatura antes de enviar. Certifique-se de que todas as informa\u00e7\u00f5es est\u00e3o corretas e completas. Clique no bot\u00e3o &#8220;Enviar&#8221; para finalizar sua candidatura.<\/p>\n<h2>O que \u00e9 preciso e o quer esperar ao ser um Jovem Aprendiz na Renner<\/h2>\n<figure id=\"attachment_51367\" aria-describedby=\"caption-attachment-51367\" style=\"width: 842px\" class=\"wp-caption aligncenter\"><img decoding=\"async\" class=\"size-full wp-image-51367\" src=\"https:\/\/99empregos.com.br\/blog\/wp-content\/uploads\/2024\/02\/image-36.png\" alt=\"Ser um Jovem Aprendiz na Renner poder\u00e1 te dar muito conhecimento e te ensinar a como lidar com o p\u00fablico. \" width=\"842\" height=\"349\" srcset=\"https:\/\/99empregos.com.br\/blog\/wp-content\/uploads\/2024\/02\/image-36.png 842w, https:\/\/99empregos.com.br\/blog\/wp-content\/uploads\/2024\/02\/image-36-300x124.png 300w, https:\/\/99empregos.com.br\/blog\/wp-content\/uploads\/2024\/02\/image-36-768x318.png 768w\" sizes=\"(max-width: 842px) 100vw, 842px\" \/><figcaption id=\"caption-attachment-51367\" class=\"wp-caption-text\">Ser um Jovem Aprendiz na Renner poder\u00e1 te dar muito conhecimento e te ensinar a como lidar com o p\u00fablico.<\/figcaption><\/figure>\n<p>&nbsp;<\/p>\n<p>A seguir, destacamos algumas informa\u00e7\u00f5es importantes para ser um Jovem Aprendiz na Renner:<\/p>\n<p data-sourcepos=\"5:1-5:32\"><strong>Fun\u00e7\u00f5es e responsabilidades:<\/strong><\/p>\n<ul data-sourcepos=\"7:1-8:40\">\n<li data-sourcepos=\"7:1-7:137\"><strong>Encantar os clientes<\/strong>\u00a0no processo de vendas,\u00a0com atendimento cordial e personalizado,\u00a0proporcionando a melhor experi\u00eancia de compra.<\/li>\n<li data-sourcepos=\"8:1-8:40\"><strong>Colaborar com a organiza\u00e7\u00e3o do setor,<\/strong>\u00a0realizando rotinas de reposi\u00e7\u00e3o,\u00a0organiza\u00e7\u00e3o e limpeza.<\/li>\n<li data-sourcepos=\"9:1-9:98\"><strong>Auxiliar na gest\u00e3o do estoque,<\/strong>\u00a0conferindo produtos,\u00a0colocando etiquetas de pre\u00e7os e c\u00f3digos.<\/li>\n<li data-sourcepos=\"10:1-10:114\"><strong>Oferecer suporte aos clientes nos provadores,<\/strong>\u00a0auxiliando na escolha de produtos e garantindo sua satisfa\u00e7\u00e3o.<\/li>\n<li data-sourcepos=\"11:1-11:132\"><strong>Organizar a \u00e1rea de vendas e vitrines<\/strong>\u00a0de acordo com os padr\u00f5es da empresa,\u00a0contribuindo para um ambiente visualmente atraente.<\/li>\n<li data-sourcepos=\"12:1-13:0\"><strong>Atender o p\u00fablico em geral<\/strong>\u00a0com cordialidade e profissionalismo,\u00a0solucionando d\u00favidas e prestando informa\u00e7\u00f5es sobre produtos e servi\u00e7os.<\/li>\n<\/ul>\n<p data-sourcepos=\"14:1-14:31\"><strong>Requisitos e qualifica\u00e7\u00f5es:<\/strong><\/p>\n<ul data-sourcepos=\"16:1-20:0\">\n<li data-sourcepos=\"16:1-16:56\"><strong>Estar cursando ou j\u00e1 ter conclu\u00eddo o Ensino M\u00e9dio.<\/strong><\/li>\n<li data-sourcepos=\"17:1-17:88\"><strong>Ter paix\u00e3o por atendimento ao p\u00fablico<\/strong>\u00a0e disposi\u00e7\u00e3o para aprender e se desenvolver.<\/li>\n<li data-sourcepos=\"18:1-18:96\"><strong>Se identificar com o mundo da moda<\/strong>\u00a0e ter interesse em acompanhar as tend\u00eancias do mercado.<\/li>\n<li data-sourcepos=\"19:1-20:0\"><strong>Ser proativo, organizado e respons\u00e1vel,<\/strong>\u00a0com capacidade de trabalhar em equipe e de se comunicar de forma eficaz.<\/li>\n<\/ul>\n<p data-sourcepos=\"21:1-21:15\"><strong>Benef\u00edcios:<\/strong><\/p>\n<ul data-sourcepos=\"23:1-28:0\">\n<li data-sourcepos=\"23:1-23:58\"><strong>Bolsa-aux\u00edlio:<\/strong>\u00a0remunera\u00e7\u00e3o compat\u00edvel com o mercado.<\/li>\n<li data-sourcepos=\"24:1-24:66\"><strong>Vale-transporte:<\/strong>\u00a0para facilitar seu deslocamento at\u00e9 a loja.<\/li>\n<li data-sourcepos=\"25:1-25:57\"><strong>Seguro de vida:<\/strong>\u00a0para sua seguran\u00e7a e tranquilidade.<\/li>\n<li data-sourcepos=\"26:1-26:111\"><strong>Ambiente de trabalho seguro e acolhedor:<\/strong>\u00a0com oportunidades de aprendizado e desenvolvimento profissional.<\/li>\n<li data-sourcepos=\"27:1-28:0\"><strong>Conv\u00eanio com o SESI:<\/strong>\u00a0para voc\u00ea ter acesso a cursos e atividades extracurriculares.<\/li>\n<\/ul>\n<div id=\"chat-history\" class=\"chat-history-scroll-container ng-tns-c570447320-1\">\n<div class=\"conversation-container ng-tns-c570447320-1 visd-patch ng-star-inserted\">\n<div class=\"ng-tns-c3846344237-133\">\n<div class=\"response-container ng-tns-c4138630996-134 ui-v2-enabled ng-star-inserted response-container-has-multiple-responses\">\n<div class=\"presented-response-container ng-tns-c4138630996-134\">\n<div class=\"response-container-content ng-tns-c4138630996-134\">\n<div class=\"response-content ng-trigger ng-trigger-responsePopulation ng-tns-c4138630996-134 ng-animate-disabled\">\n<div class=\"markdown markdown-main-panel ui-v2-enabled\" dir=\"ltr\">\n<h2 data-sourcepos=\"48:1-48:27\">Informa\u00e7\u00f5es adicionais para ser um Jovem Aprendiz na Renner<\/h2>\n<ul data-sourcepos=\"50:1-54:0\">\n<li data-sourcepos=\"50:1-50:161\">O programa Jovem Aprendiz da Renner \u00e9 direcionado a jovens entre 14 e 24 anos que estejam cursando o Ensino Fundamental a partir da 6\u00aa s\u00e9rie ou o Ensino M\u00e9dio.<\/li>\n<li data-sourcepos=\"51:1-51:85\">A carga hor\u00e1ria de trabalho \u00e9 de 4 horas por dia,\u00a0com jornada de 20 horas semanais.<\/li>\n<li data-sourcepos=\"52:1-52:79\">Os jovens aprendizes recebem bolsa-aux\u00edlio,\u00a0vale-transporte e seguro de vida.<\/li>\n<li data-sourcepos=\"53:1-54:0\">A Renner oferece um ambiente de trabalho seguro e acolhedor,\u00a0com oportunidades de aprendizado e desenvolvimento profissional.<\/li>\n<\/ul>\n<p data-sourcepos=\"55:1-55:163\">Se voc\u00ea tem vontade de aprender, crescer e fazer parte de uma empresa l\u00edder em seu segmento, candidate-se agora mesmo para o programa Jovem Aprendiz da Renner!<\/p>\n<\/div>\n<\/div>\n<\/div>\n<\/div>\n<\/div>\n<\/div>\n<\/div>\n<\/div>\n","protected":false},"excerpt":{"rendered":"<p>As vagas de Jovem Aprendiz na Renner s\u00e3o \u00f3timas para quem se identifica com o setor de moda e de vendas. Al\u00e9m disso, as vagas n\u00e3o exigem experi\u00eancia e nem mesmo ensino m\u00e9dio completo. Dessa forma, essa \u00e9 uma maneira do jovem come\u00e7ar a adquirir experi\u00eancia comprovada e dar in\u00edcio a uma carreira profissional. Confira [&hellip;]<\/p>\n","protected":false},"author":15,"featured_media":51366,"comment_status":"open","ping_status":"closed","sticky":false,"template":"","format":"standard","meta":{"footnotes":""},"categories":[15],"tags":[3530,224,4162],"class_list":["post-51365","post","type-post","status-publish","format-standard","has-post-thumbnail","hentry","category-vagas","tag-ensino-medio-incompleto","tag-sem-experiencia","tag-vaga-moda"],"_links":{"self":[{"href":"https:\/\/99empregos.com.br\/blog\/wp-json\/wp\/v2\/posts\/51365","targetHints":{"allow":["GET"]}}],"collection":[{"href":"https:\/\/99empregos.com.br\/blog\/wp-json\/wp\/v2\/posts"}],"about":[{"href":"https:\/\/99empregos.com.br\/blog\/wp-json\/wp\/v2\/types\/post"}],"author":[{"embeddable":true,"href":"https:\/\/99empregos.com.br\/blog\/wp-json\/wp\/v2\/users\/15"}],"replies":[{"embeddable":true,"href":"https:\/\/99empregos.com.br\/blog\/wp-json\/wp\/v2\/comments?post=51365"}],"version-history":[{"count":0,"href":"https:\/\/99empregos.com.br\/blog\/wp-json\/wp\/v2\/posts\/51365\/revisions"}],"wp:featuredmedia":[{"embeddable":true,"href":"https:\/\/99empregos.com.br\/blog\/wp-json\/wp\/v2\/media\/51366"}],"wp:attachment":[{"href":"https:\/\/99empregos.com.br\/blog\/wp-json\/wp\/v2\/media?parent=51365"}],"wp:term":[{"taxonomy":"category","embeddable":true,"href":"https:\/\/99empregos.com.br\/blog\/wp-json\/wp\/v2\/categories?post=51365"},{"taxonomy":"post_tag","embeddable":true,"href":"https:\/\/99empregos.com.br\/blog\/wp-json\/wp\/v2\/tags?post=51365"}],"curies":[{"name":"wp","href":"https:\/\/api.w.org\/{rel}","templated":true}]}}