{"id":51575,"date":"2024-02-19T00:07:44","date_gmt":"2024-02-19T03:07:44","guid":{"rendered":"https:\/\/123empregos.com.br\/blog\/?p=51575"},"modified":"2024-02-19T00:07:44","modified_gmt":"2024-02-19T03:07:44","slug":"espacolaser-tem-vagas-em-varios-locais-do-pais-confira","status":"publish","type":"post","link":"https:\/\/99empregos.com.br\/blog\/espacolaser-tem-vagas-em-varios-locais-do-pais-confira\/","title":{"rendered":"Espa\u00e7oLaser TEM vagas em v\u00e1rios locais do pa\u00eds, confira"},"content":{"rendered":"<div class=\"flex-1 overflow-hidden\">\n<div class=\"react-scroll-to-bottom--css-ssyqw-79elbk h-full\">\n<div class=\"react-scroll-to-bottom--css-ssyqw-1n7m0yu\">\n<div class=\"flex flex-col pb-9 text-sm\">\n<div class=\"w-full text-token-text-primary\" data-testid=\"conversation-turn-21\">\n<div class=\"px-4 py-2 justify-center text-base md:gap-6 m-auto\">\n<div class=\"flex flex-1 text-base mx-auto gap-3 md:px-5 lg:px-1 xl:px-5 md:max-w-3xl lg:max-w-[40rem] xl:max-w-[48rem] group final-completion\">\n<div class=\"relative flex w-full flex-col agent-turn\">\n<div class=\"flex-col gap-1 md:gap-3\">\n<div class=\"flex flex-grow flex-col max-w-full\">\n<div class=\"min-h-[20px] text-message flex flex-col items-start gap-3 whitespace-pre-wrap break-words [.text-message+&amp;]:mt-5 overflow-x-auto\" data-message-author-role=\"assistant\" data-message-id=\"00416e72-b1a7-4952-a584-362f6d38919e\">\n<div class=\"markdown prose w-full break-words dark:prose-invert light\">\n<p>A Espa\u00e7oLaser \u00e9 uma das principais redes de franquias de depila\u00e7\u00e3o a laser no Brasil. Iniciou suas atividades em 2004 e desde ent\u00e3o expandiu sua presen\u00e7a de forma significativa, contando atualmente com mais de 700 unidades estrategicamente localizadas em todo o pa\u00eds. Esta expans\u00e3o n\u00e3o apenas permite alcan\u00e7ar um maior n\u00famero de clientes, mas tamb\u00e9m facilita o recrutamento de uma for\u00e7a de trabalho qualificada, contribuindo para o cont\u00ednuo aumento do valor agregado da empresa ao longo dos anos.<\/p>\n<p>Guiada por s\u00f3lidos valores, a Espa\u00e7oLaser acredita que o bem-estar pessoal \u00e9 fundamental para a realiza\u00e7\u00e3o humana. Por essa raz\u00e3o, busca oferecer pre\u00e7os competitivos e servi\u00e7os eficazes, reconhecendo que o cuidado com o corpo desempenha um papel crucial na autoestima individual.<\/p>\n<p>\u00c9 com base nessas premissas que a Espa\u00e7oLaser se tornou o que \u00e9 hoje. Sua influ\u00eancia \u00e9 not\u00e1vel e em constante crescimento: al\u00e9m de estar presente em todos os estados brasileiros, a empresa tamb\u00e9m expandiu suas opera\u00e7\u00f5es para Argentina, Paraguai, Col\u00f4mbia e Chile.<\/p>\n<p>Em todas essas localidades, a Espa\u00e7oLaser oferece um portf\u00f3lio completo de servi\u00e7os, que inclui n\u00e3o apenas depila\u00e7\u00e3o a laser em diversas \u00e1reas do corpo, mas tamb\u00e9m tratamentos de est\u00e9tica facial e rejuvenescimento.<\/p>\n<p>Todas essas opera\u00e7\u00f5es s\u00e3o conduzidas por uma equipe excepcional, que regularmente oferece oportunidades de <a href=\"https:\/\/99empregos.com.br\/blog\/sx-negocios-empresa-tem-mais-de-40-oportunidades-confira\/\" target=\"_blank\" rel=\"noopener\">emprego<\/a> em diferentes setores e regi\u00f5es do pa\u00eds. Confira as <a href=\"https:\/\/99empregos.com.br\/blog\/loccitane-empresa-presente-em-mais-de-90-paises-tem-vagas-veja\/#google_vignette\" target=\"_blank\" rel=\"noopener\">vagas<\/a> dispon\u00edveis para fazer parte da equipe da Espa\u00e7oLaser abaixo:<\/p>\n<ul>\n<li>\n<div id=\"ctl00_phMasterPage_cGrid_rptGrid_ctl01_lblName\" class=\"advisor-vacancy-name\">Biom\u00e9dica \/ Esteticista \u2013 Para O Cargo De Especialista Do Laser &#8211; Tr\u00eas Rios\/RJ<\/div>\n<\/li>\n<li>\n<div id=\"ctl00_phMasterPage_cGrid_rptGrid_ctl02_lblName\" class=\"advisor-vacancy-name\">Especialista Do Laser &#8211; Biom\u00e9dica &#8211; S\u00e3o Paulo\/SP<\/div>\n<\/li>\n<li>\n<div id=\"ctl00_phMasterPage_cGrid_rptGrid_ctl03_lblName\" class=\"advisor-vacancy-name\">Biom\u00e9dica \/ Esteticista \u2013 Para O Cargo De Especialista Do Laser &#8211; Angra dos Reis\/RJ<\/div>\n<\/li>\n<li>\n<div id=\"ctl00_phMasterPage_cGrid_rptGrid_ctl04_lblName\" class=\"advisor-vacancy-name\">Biom\u00e9dica \/ Esteticista \u2013 Para O Cargo De Especialista Do Laser &#8211; Maca\u00e9\/RJ<\/div>\n<\/li>\n<li>\n<div id=\"ctl00_phMasterPage_cGrid_rptGrid_ctl05_lblName\" class=\"advisor-vacancy-name\">Biom\u00e9dica Esteta &#8211; S\u00e3o Paulo\/SP<\/div>\n<\/li>\n<li>\n<div id=\"ctl00_phMasterPage_cGrid_rptGrid_ctl06_lblName\" class=\"advisor-vacancy-name\">Consultora De Atendimento E Vendas (Recep\u00e7\u00e3o) &#8211; Rio do Sul\/SC<\/div>\n<\/li>\n<\/ul>\n<\/div>\n<\/div>\n<\/div>\n<div class=\"mt-1 flex justify-start gap-3 empty:hidden\">\n<div class=\"text-gray-400 flex self-end lg:self-center justify-center lg:justify-start mt-0 -ml-1 visible\"><button class=\"flex items-center gap-1.5 rounded-md p-1 text-xs text-token-text-tertiary hover:text-token-text-primary md:invisible md:group-hover:visible md:group-[.final-completion]:visible\"><\/button><\/p>\n<div class=\"flex\">\n<h2><strong>Sobre a Espa\u00e7oLaser<\/strong><\/h2>\n<p>A empresa oferece um sal\u00e1rio compat\u00edvel com o mercado de trabalho e o colaborador pode contar com os seguintes benef\u00edcios: vale-transporte, vale-refei\u00e7\u00e3o, seguro de vida, assist\u00eancia m\u00e9dica e assist\u00eancia odontol\u00f3gica.<\/p>\n<h2><b>Saiba como concorrer as vagas dispon\u00edveis\u00a0<\/b><\/h2>\n<p>O processo para se candidatar as vagas da Espa\u00e7oLaser \u00e9 simples, ao clicar nesse<a href=\"https:\/\/99empregos.com.br\/vaga\/espacolaser-tem-vagas-em-varios-locais-do-pais-confira\/\" target=\"_blank\" rel=\"noopener\"> link<\/a>,\u00a0voc\u00ea poder\u00e1 clicar em Candidatar que voc\u00ea ser\u00e1 redirecionado para a \u00e1rea Trabalhe Conosco da empresa. L\u00e1, voc\u00ea ter\u00e1 acesso as diversas vagas e, ao escolher a que se encaixa no seu perfil clique em: Ver descri\u00e7\u00e3o da vaga.<\/p>\n<p>Em seguida, certifique-se de preencher os pr\u00e9-requisitos. Depois \u00e9 s\u00f3 clicar em Inscreva-se e anexar o seu curr\u00edculo. Voc\u00ea pode ainda cadastrar o seu curr\u00edculo no banco de vagas caso n\u00e3o encontre uma vaga.<\/p>\n<\/div>\n<\/div>\n<\/div>\n<\/div>\n<\/div>\n<\/div>\n<\/div>\n<\/div>\n<\/div>\n<\/div>\n<\/div>\n<\/div>\n<div class=\"w-full pt-2 md:pt-0 dark:border-white\/20 md:border-transparent md:dark:border-transparent md:w-[calc(100%-.5rem)]\">\n<div class=\"relative flex h-full flex-1 items-stretch md:flex-col\">\n<div class=\"flex w-full items-center\"><\/div>\n<\/div>\n<\/div>\n","protected":false},"excerpt":{"rendered":"<p>A Espa\u00e7oLaser \u00e9 uma das principais redes de franquias de depila\u00e7\u00e3o a laser no Brasil. Iniciou suas atividades em 2004 e desde ent\u00e3o expandiu sua presen\u00e7a de forma significativa, contando atualmente com mais de 700 unidades estrategicamente localizadas em todo o pa\u00eds. Esta expans\u00e3o n\u00e3o apenas permite alcan\u00e7ar um maior n\u00famero de clientes, mas tamb\u00e9m [&hellip;]<\/p>\n","protected":false},"author":13,"featured_media":51577,"comment_status":"open","ping_status":"closed","sticky":false,"template":"","format":"standard","meta":{"footnotes":""},"categories":[15],"tags":[1401,1402,2683],"class_list":["post-51575","post","type-post","status-publish","format-standard","has-post-thumbnail","hentry","category-vagas","tag-nivel-medio","tag-nivel-superior","tag-nivel-tecnico"],"_links":{"self":[{"href":"https:\/\/99empregos.com.br\/blog\/wp-json\/wp\/v2\/posts\/51575","targetHints":{"allow":["GET"]}}],"collection":[{"href":"https:\/\/99empregos.com.br\/blog\/wp-json\/wp\/v2\/posts"}],"about":[{"href":"https:\/\/99empregos.com.br\/blog\/wp-json\/wp\/v2\/types\/post"}],"author":[{"embeddable":true,"href":"https:\/\/99empregos.com.br\/blog\/wp-json\/wp\/v2\/users\/13"}],"replies":[{"embeddable":true,"href":"https:\/\/99empregos.com.br\/blog\/wp-json\/wp\/v2\/comments?post=51575"}],"version-history":[{"count":0,"href":"https:\/\/99empregos.com.br\/blog\/wp-json\/wp\/v2\/posts\/51575\/revisions"}],"wp:featuredmedia":[{"embeddable":true,"href":"https:\/\/99empregos.com.br\/blog\/wp-json\/wp\/v2\/media\/51577"}],"wp:attachment":[{"href":"https:\/\/99empregos.com.br\/blog\/wp-json\/wp\/v2\/media?parent=51575"}],"wp:term":[{"taxonomy":"category","embeddable":true,"href":"https:\/\/99empregos.com.br\/blog\/wp-json\/wp\/v2\/categories?post=51575"},{"taxonomy":"post_tag","embeddable":true,"href":"https:\/\/99empregos.com.br\/blog\/wp-json\/wp\/v2\/tags?post=51575"}],"curies":[{"name":"wp","href":"https:\/\/api.w.org\/{rel}","templated":true}]}}