{"id":51880,"date":"2024-02-21T15:04:36","date_gmt":"2024-02-21T18:04:36","guid":{"rendered":"https:\/\/123empregos.com.br\/blog\/?p=51880"},"modified":"2024-02-21T15:04:36","modified_gmt":"2024-02-21T18:04:36","slug":"grupo-peralta-varejista-tem-otimas-vagas-de-trabalho-veja","status":"publish","type":"post","link":"https:\/\/99empregos.com.br\/blog\/grupo-peralta-varejista-tem-otimas-vagas-de-trabalho-veja\/","title":{"rendered":"Grupo Peralta: Varejista tem \u00d3TIMAS vagas de trabalho, veja"},"content":{"rendered":"<div class=\"flex-1 overflow-hidden\">\n<div class=\"react-scroll-to-bottom--css-cfvte-79elbk h-full\">\n<div class=\"react-scroll-to-bottom--css-cfvte-1n7m0yu\">\n<div class=\"flex flex-col pb-9 text-sm\">\n<div class=\"w-full text-token-text-primary\" data-testid=\"conversation-turn-19\">\n<div class=\"px-4 py-2 justify-center text-base md:gap-6 m-auto\">\n<div class=\"flex flex-1 text-base mx-auto gap-3 md:px-5 lg:px-1 xl:px-5 md:max-w-3xl lg:max-w-[40rem] xl:max-w-[48rem] group final-completion\">\n<div class=\"relative flex w-full flex-col agent-turn\">\n<div class=\"flex-col gap-1 md:gap-3\">\n<div class=\"flex flex-grow flex-col max-w-full\">\n<div class=\"min-h-[20px] text-message flex flex-col items-start gap-3 whitespace-pre-wrap break-words [.text-message+&amp;]:mt-5 overflow-x-auto\" data-message-author-role=\"assistant\" data-message-id=\"d1aba0bb-bfb8-4824-b876-eb30120a0960\">\n<div class=\"markdown prose w-full break-words dark:prose-invert light\">\n<p>O Grupo Peralta \u00e9 uma figura proeminente no setor varejista, principalmente no segmento de supermercados. Fundado em 1957 no estado de S\u00e3o Paulo, especificamente na cidade de Cubat\u00e3o, o grupo expandiu sua presen\u00e7a para todo o estado, estendendo-se a mais de 20 cidades do interior, com 27 lojas e 2 centros de distribui\u00e7\u00e3o estrategicamente localizados em todo o pa\u00eds.<\/p>\n<p>Al\u00e9m de sua rede de supermercados, o grupo tamb\u00e9m est\u00e1 presente em dois setores em ascens\u00e3o na economia: concession\u00e1rias de ve\u00edculos e shoppings centers. Esses empreendimentos, juntamente com a rede de supermercados, desempenham um papel crucial na gera\u00e7\u00e3o de empregos para centenas de brasileiros, contribuindo de forma significativa para a economia nacional.<\/p>\n<p>O Grupo Peralta \u00e9 amplamente reconhecido com diversos pr\u00eamios, muitos dos quais destacam seu compromisso com um ambiente de trabalho excepcional. Os colaboradores recebem tratamento s\u00f3lido, oferecendo-lhes oportunidades de progress\u00e3o de carreira dentro da empresa.<\/p>\n<p>Com uma ampla gama de<a href=\"https:\/\/99empregos.com.br\/blog\/supermercado-zona-sul-tem-dezenas-de-vagas-em-varios-cargos\/#google_vignette\" target=\"_blank\" rel=\"noopener\"> oportunidades<\/a> dispon\u00edveis, o Grupo Peralta oferece uma excelente chance de emprego em v\u00e1rios setores, para profissionais de diferentes n\u00edveis de especializa\u00e7\u00e3o e em v\u00e1rias localidades. Explore as dezenas de <a href=\"https:\/\/99empregos.com.br\/blog\/tng-rede-de-modas-amada-pelo-publico-tem-vagas-veja\/#google_vignette\" target=\"_blank\" rel=\"noopener\">vagas<\/a> dispon\u00edveis e fa\u00e7a parte deste grupo din\u00e2mico e em crescimento:<\/p>\n<ul>\n<li>Aprendiz &#8211; Sorocaba\/SP<\/li>\n<li>Vendedor de autom\u00f3veis de vendas direta externa &#8211; S\u00e3o Paulo\/SP<\/li>\n<li>Assistente Administrativo &#8211; Praia Grande\/SP<\/li>\n<li>Balconista de A\u00e7ougue &#8211; Itu\/SP<\/li>\n<li>Auxiliar de Cozinha &#8211; S\u00e3o Paulo\/SP<\/li>\n<li>T\u00e9cnico de Enfermagem do Trabalho &#8211; S\u00e3o Paulo\/SP<\/li>\n<li>Auxiliar de Confeitaria &#8211; Boituva\/SP<\/li>\n<li>Auxiliar de Estacionamento &#8211; S\u00e3o Bernardo do Campo\/SP<\/li>\n<li>Repositor de Mercadoria &#8211; S\u00e3o Paulo\/SP<\/li>\n<li>Auxiliar de Deposito &#8211; Sorocaba\/SP<\/li>\n<li>Operador de Caixa &#8211; S\u00e3o Bernardo do Campo\/SP<\/li>\n<li>Auxiliar de Confeitaria &#8211; Sorocaba\/SP<\/li>\n<li>Fiscal de Seguran\u00e7a &#8211; S\u00e3o Bernardo do Campo\/SP<\/li>\n<li>Operador de Caixa &#8211; S\u00e3o Paulo\/SP<\/li>\n<li>Coordenador Cont\u00e1bil &#8211; S\u00e3o Paulo\/SP<\/li>\n<li>Operador de Caixa &#8211; Santana do Parna\u00edba\/SP<\/li>\n<\/ul>\n<\/div>\n<\/div>\n<\/div>\n<\/div>\n<\/div>\n<\/div>\n<\/div>\n<\/div>\n<\/div>\n<\/div>\n<\/div>\n<\/div>\n<div class=\"w-full pt-2 md:pt-0 dark:border-white\/20 md:border-transparent md:dark:border-transparent md:w-[calc(100%-.5rem)]\">\n<div class=\"relative flex h-full flex-1 items-stretch md:flex-col\">\n<div class=\"flex w-full items-center\">\n<h2><strong>Sobre o Grupo Peralta\u00a0<\/strong><\/h2>\n<p>A empresa oferece um sal\u00e1rio compat\u00edvel com o mercado de trabalho e o colaborador pode contar com os seguintes benef\u00edcios: vale-transporte, vale-refei\u00e7\u00e3o, seguro de vida, assist\u00eancia m\u00e9dica e assist\u00eancia odontol\u00f3gica.<\/p>\n<h2><b>Saiba como concorrer as vagas dispon\u00edveis\u00a0<\/b><\/h2>\n<p>O processo para se candidatar as vagas do Grupo Peralta \u00e9 simples, ao clicar nesse <a href=\"https:\/\/99empregos.com.br\/vaga\/grupo-peralta-varejista-tem-otimas-vagas-de-trabalho-veja\/\" target=\"_blank\" rel=\"noopener\">link<\/a>,\u00a0voc\u00ea poder\u00e1 clicar em Candidatar que voc\u00ea ser\u00e1 redirecionado para a \u00e1rea Trabalhe Conosco da empresa. L\u00e1, voc\u00ea ter\u00e1 acesso as diversas vagas e, ao escolher a que se encaixa no seu perfil clique em: Ver descri\u00e7\u00e3o da vaga.<\/p>\n<p>Em seguida, certifique-se de preencher os pr\u00e9-requisitos. Depois \u00e9 s\u00f3 clicar em Inscreva-se e anexar o seu curr\u00edculo. Voc\u00ea pode ainda cadastrar o seu curr\u00edculo no banco de vagas caso n\u00e3o encontre uma vaga.<\/p>\n<\/div>\n<\/div>\n<\/div>\n","protected":false},"excerpt":{"rendered":"<p>O Grupo Peralta \u00e9 uma figura proeminente no setor varejista, principalmente no segmento de supermercados. Fundado em 1957 no estado de S\u00e3o Paulo, especificamente na cidade de Cubat\u00e3o, o grupo expandiu sua presen\u00e7a para todo o estado, estendendo-se a mais de 20 cidades do interior, com 27 lojas e 2 centros de distribui\u00e7\u00e3o estrategicamente localizados [&hellip;]<\/p>\n","protected":false},"author":13,"featured_media":51881,"comment_status":"open","ping_status":"closed","sticky":false,"template":"","format":"standard","meta":{"footnotes":""},"categories":[15],"tags":[1401,1402,2683],"class_list":["post-51880","post","type-post","status-publish","format-standard","has-post-thumbnail","hentry","category-vagas","tag-nivel-medio","tag-nivel-superior","tag-nivel-tecnico"],"_links":{"self":[{"href":"https:\/\/99empregos.com.br\/blog\/wp-json\/wp\/v2\/posts\/51880","targetHints":{"allow":["GET"]}}],"collection":[{"href":"https:\/\/99empregos.com.br\/blog\/wp-json\/wp\/v2\/posts"}],"about":[{"href":"https:\/\/99empregos.com.br\/blog\/wp-json\/wp\/v2\/types\/post"}],"author":[{"embeddable":true,"href":"https:\/\/99empregos.com.br\/blog\/wp-json\/wp\/v2\/users\/13"}],"replies":[{"embeddable":true,"href":"https:\/\/99empregos.com.br\/blog\/wp-json\/wp\/v2\/comments?post=51880"}],"version-history":[{"count":0,"href":"https:\/\/99empregos.com.br\/blog\/wp-json\/wp\/v2\/posts\/51880\/revisions"}],"wp:featuredmedia":[{"embeddable":true,"href":"https:\/\/99empregos.com.br\/blog\/wp-json\/wp\/v2\/media\/51881"}],"wp:attachment":[{"href":"https:\/\/99empregos.com.br\/blog\/wp-json\/wp\/v2\/media?parent=51880"}],"wp:term":[{"taxonomy":"category","embeddable":true,"href":"https:\/\/99empregos.com.br\/blog\/wp-json\/wp\/v2\/categories?post=51880"},{"taxonomy":"post_tag","embeddable":true,"href":"https:\/\/99empregos.com.br\/blog\/wp-json\/wp\/v2\/tags?post=51880"}],"curies":[{"name":"wp","href":"https:\/\/api.w.org\/{rel}","templated":true}]}}