{"id":52070,"date":"2024-02-25T14:26:42","date_gmt":"2024-02-25T17:26:42","guid":{"rendered":"https:\/\/123empregos.com.br\/blog\/?p=52070"},"modified":"2024-02-24T06:45:49","modified_gmt":"2024-02-24T09:45:49","slug":"fique-atento-estas-profissoes-aumentam-o-risco-de-demencia","status":"publish","type":"post","link":"https:\/\/99empregos.com.br\/blog\/fique-atento-estas-profissoes-aumentam-o-risco-de-demencia\/","title":{"rendered":"Fique atento! Estas profiss\u00f5es aumentam o risco de dem\u00eancia"},"content":{"rendered":"<p>A dem\u00eancia \u00e9 uma condi\u00e7\u00e3o que afeta milh\u00f5es de pessoas em todo o mundo. \u00c9 caracterizada pela perda progressiva da fun\u00e7\u00e3o cerebral, resultando em problemas de mem\u00f3ria, cogni\u00e7\u00e3o e comportamento. Embora a dem\u00eancia possa ter v\u00e1rias causas, um estudo recente destacou algumas <a href=\"https:\/\/99empregos.com.br\/blog\/carreiras-de-sucesso-conheca-as-profissoes-mais-bem-pagas-e-encontre-sua-vocacao\/\"><strong>profiss\u00f5es<\/strong><\/a> que podem aumentar consideravelmente o risco de desenvolver essa condi\u00e7\u00e3o.<\/p>\n<h2>O estudo e as profiss\u00f5es de alto risco<\/h2>\n<p>Um estudo publicado na revista europeia The Lancet analisou os dados de mais de 7.000 participantes e descobriu que certas <a href=\"https:\/\/99empregos.com.br\/blog\/especialista-revela-5-profissoes-que-usarao-a-inteligencia-artificial-em-2024-confira\/\"><strong>profiss\u00f5es<\/strong><\/a> est\u00e3o associadas a um maior risco de dem\u00eancia. Os pesquisadores observaram que as profiss\u00f5es que exigem atividade f\u00edsica intensa e repetitiva t\u00eam maior probabilidade de estar relacionadas ao desenvolvimento dessa condi\u00e7\u00e3o.<\/p>\n<h3>Vendedores<\/h3>\n<p>Uma das profiss\u00f5es identificadas como de alto risco \u00e9 a de vendedor. Essa ocupa\u00e7\u00e3o muitas vezes envolve longas horas em p\u00e9, movimentos repetitivos e altos n\u00edveis de estresse. Al\u00e9m disso, vendedores podem ter que lidar com hor\u00e1rios de trabalho irregulares, o que pode afetar negativamente o sono e a sa\u00fade mental.<\/p>\n<h3>Auxiliares de enfermagem<\/h3>\n<p>Outra profiss\u00e3o que se destacou no estudo foi a de auxiliar de enfermagem. Esses profissionais frequentemente realizam tarefas f\u00edsicas exigentes, como movimentar pacientes, levantar objetos pesados \u200b\u200be realizar atividades que requerem for\u00e7a e coordena\u00e7\u00e3o. Al\u00e9m disso, o alto n\u00edvel de estresse e a falta de autonomia podem contribuir para o aumento do risco de dem\u00eancia.<\/p>\n<h3>Agricultores<\/h3>\n<p>Os agricultores tamb\u00e9m foram identificados como um grupo de alto risco. O trabalho agr\u00edcola \u00e9 fisicamente exigente e envolve uma s\u00e9rie de atividades que requerem for\u00e7a f\u00edsica, como carregar objetos pesados, operar m\u00e1quinas e trabalhar em condi\u00e7\u00f5es ambientais desafiadoras. Al\u00e9m disso, os agricultores podem estar expostos a pesticidas e outros produtos qu\u00edmicos agr\u00edcolas que podem ter efeitos negativos na sa\u00fade cerebral.<\/p>\n<h3>Produtores de gado<\/h3>\n<p>Assim como os agricultores, os produtores de gado tamb\u00e9m est\u00e3o expostos a condi\u00e7\u00f5es de trabalho f\u00edsicas e ambientais desafiadoras. O manejo de animais de grande porte e a realiza\u00e7\u00e3o de atividades como a ordenha exigem for\u00e7a e habilidades motoras finas. Al\u00e9m disso, a exposi\u00e7\u00e3o a produtos qu\u00edmicos utilizados na produ\u00e7\u00e3o animal pode aumentar o risco de dem\u00eancia.<\/p>\n<h2>Os fatores de risco e a dem\u00eancia<\/h2>\n<p>Os pesquisadores enfatizaram que as profiss\u00f5es mencionadas apresentam um maior risco de dem\u00eancia devido \u00e0 natureza das atividades f\u00edsicas e cognitivas envolvidas. A realiza\u00e7\u00e3o de tarefas repetitivas e estressantes pode levar a altera\u00e7\u00f5es no c\u00e9rebro ao longo do tempo, aumentando a probabilidade de desenvolver a condi\u00e7\u00e3o.<\/p>\n<p>Outros fatores tamb\u00e9m podem contribuir para o aumento do risco de dem\u00eancia nessas profiss\u00f5es. A falta de autonomia, hor\u00e1rios de trabalho irregulares, exposi\u00e7\u00e3o a subst\u00e2ncias t\u00f3xicas e a baixa remunera\u00e7\u00e3o podem ser estressores adicionais que afetam negativamente a sa\u00fade cerebral.<\/p>\n<h2>Preven\u00e7\u00e3o e conscientiza\u00e7\u00e3o<\/h2>\n<p>Embora o risco de dem\u00eancia possa ser maior em certas profiss\u00f5es, \u00e9 importante destacar que nem todas as pessoas nessas ocupa\u00e7\u00f5es desenvolver\u00e3o a condi\u00e7\u00e3o. Existem muitos fatores de risco e de prote\u00e7\u00e3o que influenciam o desenvolvimento da dem\u00eancia, e a gen\u00e9tica tamb\u00e9m desempenha um papel importante.<\/p>\n<p>No entanto, \u00e9 essencial que trabalhadores nessas profiss\u00f5es estejam cientes dos poss\u00edveis riscos e tomem medidas para proteger sua sa\u00fade cerebral. Isso inclui adotar h\u00e1bitos saud\u00e1veis, como uma alimenta\u00e7\u00e3o balanceada, exerc\u00edcios f\u00edsicos regulares, sono adequado e gerenciamento do estresse. Al\u00e9m disso, \u00e9 importante buscar apoio emocional e m\u00e9dico quando necess\u00e1rio.<\/p>\n<h2>Fatores de risco<\/h2>\n<p>Embora o estudo tenha destacado algumas <a href=\"https:\/\/99empregos.com.br\/blog\/procura-trabalho-apos-os-50-anos-estas-30-profissoes-oferecem-ganhos-de-ate-r-4-000\/\"><strong>profiss\u00f5es<\/strong><\/a> que podem aumentar o risco de dem\u00eancia, \u00e9 importante ressaltar que a dem\u00eancia pode afetar qualquer pessoa, independentemente da ocupa\u00e7\u00e3o. A conscientiza\u00e7\u00e3o sobre os fatores de risco e a ado\u00e7\u00e3o de medidas preventivas s\u00e3o fundamentais para proteger a sa\u00fade cerebral.<\/p>\n<p>Se voc\u00ea ou algu\u00e9m que voc\u00ea conhece apresenta sinais de dem\u00eancia, \u00e9 fundamental buscar orienta\u00e7\u00e3o m\u00e9dica. Somente um profissional de sa\u00fade pode fazer um diagn\u00f3stico preciso e fornecer o tratamento adequado. A dem\u00eancia \u00e9 uma condi\u00e7\u00e3o s\u00e9ria, mas com o apoio certo, \u00e9 poss\u00edvel viver uma vida plena e digna. Cuide-se e cuide daqueles ao seu redor!<\/p>\n","protected":false},"excerpt":{"rendered":"<p>A dem\u00eancia \u00e9 uma condi\u00e7\u00e3o que afeta milh\u00f5es de pessoas em todo o mundo. \u00c9 caracterizada pela perda progressiva da fun\u00e7\u00e3o cerebral, resultando em problemas de mem\u00f3ria, cogni\u00e7\u00e3o e comportamento. Embora a dem\u00eancia possa ter v\u00e1rias causas, um estudo recente destacou algumas profiss\u00f5es que podem aumentar consideravelmente o risco de desenvolver essa condi\u00e7\u00e3o. O estudo [&hellip;]<\/p>\n","protected":false},"author":24,"featured_media":52071,"comment_status":"open","ping_status":"closed","sticky":false,"template":"","format":"standard","meta":{"footnotes":""},"categories":[7],"tags":[4326,2228],"class_list":["post-52070","post","type-post","status-publish","format-standard","has-post-thumbnail","hentry","category-noticias","tag-demencia","tag-profissoes"],"_links":{"self":[{"href":"https:\/\/99empregos.com.br\/blog\/wp-json\/wp\/v2\/posts\/52070","targetHints":{"allow":["GET"]}}],"collection":[{"href":"https:\/\/99empregos.com.br\/blog\/wp-json\/wp\/v2\/posts"}],"about":[{"href":"https:\/\/99empregos.com.br\/blog\/wp-json\/wp\/v2\/types\/post"}],"author":[{"embeddable":true,"href":"https:\/\/99empregos.com.br\/blog\/wp-json\/wp\/v2\/users\/24"}],"replies":[{"embeddable":true,"href":"https:\/\/99empregos.com.br\/blog\/wp-json\/wp\/v2\/comments?post=52070"}],"version-history":[{"count":0,"href":"https:\/\/99empregos.com.br\/blog\/wp-json\/wp\/v2\/posts\/52070\/revisions"}],"wp:featuredmedia":[{"embeddable":true,"href":"https:\/\/99empregos.com.br\/blog\/wp-json\/wp\/v2\/media\/52071"}],"wp:attachment":[{"href":"https:\/\/99empregos.com.br\/blog\/wp-json\/wp\/v2\/media?parent=52070"}],"wp:term":[{"taxonomy":"category","embeddable":true,"href":"https:\/\/99empregos.com.br\/blog\/wp-json\/wp\/v2\/categories?post=52070"},{"taxonomy":"post_tag","embeddable":true,"href":"https:\/\/99empregos.com.br\/blog\/wp-json\/wp\/v2\/tags?post=52070"}],"curies":[{"name":"wp","href":"https:\/\/api.w.org\/{rel}","templated":true}]}}