{"id":52515,"date":"2024-02-29T20:26:11","date_gmt":"2024-02-29T23:26:11","guid":{"rendered":"https:\/\/123empregos.com.br\/blog\/?p=52515"},"modified":"2024-02-29T19:11:40","modified_gmt":"2024-02-29T22:11:40","slug":"claro-abre-diversas-vagas-de-emprego-na-area-comercial-saiba-como-se-candidatar","status":"publish","type":"post","link":"https:\/\/99empregos.com.br\/blog\/claro-abre-diversas-vagas-de-emprego-na-area-comercial-saiba-como-se-candidatar\/","title":{"rendered":"Claro abre diversas VAGAS de EMPREGO na \u00e1rea comercial; saiba como se candidatar"},"content":{"rendered":"<p>Se voc\u00ea est\u00e1 em busca de novas oportunidades de <a href=\"https:\/\/99empregos.com.br\/blog\/unimed-abre-vaga-de-emprego-com-salario-de-r-4-10170-beneficios\/\"><strong>emprego<\/strong><\/a> na \u00e1rea comercial, a Claro pode ser uma excelente op\u00e7\u00e3o para voc\u00ea. Como uma das maiores operadoras de telecomunica\u00e7\u00f5es no Brasil e l\u00edder na Am\u00e9rica Latina, a Claro oferece uma ampla gama de servi\u00e7os e solu\u00e7\u00f5es integradas de conectividade, entretenimento, produtividade e servi\u00e7os digitais. Com presen\u00e7a em mais de 4.200 munic\u00edpios brasileiros e uma cobertura que atinge mais de 96% da popula\u00e7\u00e3o, a Claro est\u00e1 constantemente expandindo sua equipe para atender \u00e0s necessidades de seus clientes.<\/p>\n<h2>Por que trabalhar na Claro?<\/h2>\n<p>Na Claro, acredita-se que a diversidade \u00e9 fundamental para o crescimento e fortalecimento da empresa. N\u00e3o h\u00e1 distin\u00e7\u00e3o de g\u00eanero, ra\u00e7a, cor, orienta\u00e7\u00e3o sexual, posi\u00e7\u00e3o social ou defici\u00eancias. Todos s\u00e3o bem-vindos! Al\u00e9m disso, a Claro oferece um ambiente de trabalho din\u00e2mico e estimulante, onde voc\u00ea ter\u00e1 a oportunidade de aprender, se desenvolver e construir uma carreira de sucesso.<\/p>\n<h2>Oportunidades de emprego na \u00e1rea comercial<\/h2>\n<p>A \u00e1rea comercial da Claro oferece uma variedade de <a href=\"https:\/\/99empregos.com.br\/blog\/assai-atacadista-tem-mais-de-1000-vagas-de-emprego-abertas-encontre-a-sua\/\"><strong>vagas<\/strong><\/a> para profissionais com habilidades comerciais, paix\u00e3o por tecnologia e energia para enfrentar desafios di\u00e1rios. Desde cargos de gest\u00e3o at\u00e9 posi\u00e7\u00f5es de vendas, h\u00e1 oportunidades para pessoas de diferentes n\u00edveis de experi\u00eancia e forma\u00e7\u00e3o acad\u00eamica.<\/p>\n<p>Abaixo, voc\u00ea encontrar\u00e1 algumas das vagas dispon\u00edveis na \u00e1rea comercial da Claro, juntamente com uma breve descri\u00e7\u00e3o das responsabilidades e requisitos:<\/p>\n<h3>Gerente de Neg\u00f3cios Distribui\u00e7\u00e3o Recarga I<\/h3>\n<ul class=\"!whitespace-normal list-disc ml-5\">\n<li class=\"pb-1\">Localiza\u00e7\u00e3o: Belo Horizonte, MG, Brasil<\/li>\n<li class=\"pb-1\">\u00c1rea: Comercial<\/li>\n<li class=\"pb-1\">Requisitos: Experi\u00eancia m\u00ednima de 3 anos com gest\u00e3o de equipe de vendas pr\u00f3pria ou indireta. Disponibilidade para viagens e trabalho aos s\u00e1bados. Forte resili\u00eancia e habilidade em administrar conflitos. Vis\u00e3o de neg\u00f3cio apurado para identificar oportunidades. Interpreta\u00e7\u00e3o de planilhas. Pacote Office intermedi\u00e1rio.<\/li>\n<\/ul>\n<p>Nessa posi\u00e7\u00e3o, voc\u00ea ser\u00e1 respons\u00e1vel pelo territ\u00f3rio de atua\u00e7\u00e3o, planejando e executando a\u00e7\u00f5es para garantir o pleno abastecimento de Chip Pr\u00e9 Pago nos diversos pontos de vendas atendidos pelos parceiros comerciais. Al\u00e9m disso, voc\u00ea ter\u00e1 a oportunidade de construir relacionamento com os principais pontos de venda das principais cidades do territ\u00f3rio.<\/p>\n<h3>Executivo de Novos Neg\u00f3cios PAP<\/h3>\n<ul class=\"!whitespace-normal list-disc ml-5\">\n<li class=\"pb-1\">Localiza\u00e7\u00e3o: A combinar<\/li>\n<li class=\"pb-1\">\u00c1rea: Canais e Vendas Consumo<\/li>\n<li class=\"pb-1\">Requisitos: N\u00edvel Superior em administra\u00e7\u00e3o de empresas, vendas, marketing e engenharia. Experi\u00eancia comprovada como executivo de contas, representa\u00e7\u00e3o comercial ou em outra fun\u00e7\u00e3o de vendas. Experi\u00eancia comprovada em telecomunica\u00e7\u00f5es, leitura e interpreta\u00e7\u00e3o de projetos de telecomunica\u00e7\u00f5es HFC e GPON. Conhecimento na rede de telecomunica\u00e7\u00f5es HFC e GPON.<\/li>\n<\/ul>\n<p>Nessa posi\u00e7\u00e3o, voc\u00ea ser\u00e1 respons\u00e1vel por gerenciar o relacionamento com parceiros comerciais voltados para condom\u00ednios, garantindo a expans\u00e3o da base de clientes, encontrando novas oportunidades e transformando-as em relacionamentos lucrativos e de longo prazo. Al\u00e9m disso, voc\u00ea ser\u00e1 o ponto de contato entre a \u00e1rea comercial e t\u00e9cnica nas regionais, visando o aumento de vendas e maior capilaridade da Claro.<\/p>\n<h3>Executivo de Neg\u00f3cios Corporativos II<\/h3>\n<ul class=\"!whitespace-normal list-disc ml-5\">\n<li class=\"pb-1\">Localiza\u00e7\u00e3o: Campinas, S\u00e3o Paulo<\/li>\n<li class=\"pb-1\">\u00c1rea: Canais e Vendas Consumo<\/li>\n<li class=\"pb-1\">Requisitos: Dom\u00ednio do Excel e Power Point. Lideran\u00e7a com equipe pr\u00f3pria\/direta. Viv\u00eancia na \u00e1rea comercial, com ampla atua\u00e7\u00e3o em \u00e1rea estrat\u00e9gica e de controladoria.<\/li>\n<\/ul>\n<p>Nessa posi\u00e7\u00e3o, voc\u00ea ter\u00e1 a responsabilidade de criar e desenvolver pr\u00e1ticas que aumentem os volumes de vendas dos servi\u00e7os m\u00f3veis, receita e fixa avan\u00e7ada. Al\u00e9m disso, voc\u00ea atuar\u00e1 na estrat\u00e9gia e planejamento das a\u00e7\u00f5es mercadol\u00f3gicas, visando a rentabiliza\u00e7\u00e3o das opera\u00e7\u00f5es e garantindo a evolu\u00e7\u00e3o dos indicadores de qualidade.<\/p>\n<h3>Especialista em Opera\u00e7\u00e3o Comercial I<\/h3>\n<ul class=\"!whitespace-normal list-disc ml-5\">\n<li class=\"pb-1\">Localiza\u00e7\u00e3o: S\u00e3o Paulo, S\u00e3o Paulo<\/li>\n<li class=\"pb-1\">\u00c1rea: Canais e Vendas Consumo<\/li>\n<li class=\"pb-1\">Requisitos: Forma\u00e7\u00e3o superior completa nas \u00e1reas de exatas ou administra\u00e7\u00e3o. Desej\u00e1vel P\u00f3s-gradua\u00e7\u00e3o em Projetos ou Administra\u00e7\u00e3o. Experi\u00eancia anterior em lideran\u00e7a de projetos.<\/li>\n<\/ul>\n<p>Nessa posi\u00e7\u00e3o, voc\u00ea ser\u00e1 respons\u00e1vel por liderar Squads Estrat\u00e9gicos e de Produtos, buscando novas oportunidades e solucionando poss\u00edveis lacunas. Voc\u00ea tamb\u00e9m desenvolver\u00e1 novas iniciativas e processos para ampliar a atua\u00e7\u00e3o dos canais atendidos, apoiando a condu\u00e7\u00e3o estrat\u00e9gica. Al\u00e9m disso, voc\u00ea far\u00e1 visitas constantes aos mercados e parceiros, validando e buscando melhorias.<\/p>\n<h3>Especialista em Opera\u00e7\u00e3o Comercial I<\/h3>\n<ul class=\"!whitespace-normal list-disc ml-5\">\n<li class=\"pb-1\">Localiza\u00e7\u00e3o: S\u00e3o Paulo, S\u00e3o Paulo<\/li>\n<li class=\"pb-1\">\u00c1rea: Canais e Vendas Consumo<\/li>\n<li class=\"pb-1\">Requisitos: 09:00 AS 18:00. Ensino Superior Completo. Conhecimento em BI, Tableau, Power BI. Viv\u00eancia em \u00e1rea comercial, com ampla atua\u00e7\u00e3o em \u00e1rea estrat\u00e9gica e de controladoria.<\/li>\n<\/ul>\n<p>Nessa posi\u00e7\u00e3o, voc\u00ea ser\u00e1 respons\u00e1vel por coletar e organizar dados relacionados ao canal, identificando tend\u00eancias, padr\u00f5es e comportamentos do neg\u00f3cio. Al\u00e9m disso, voc\u00ea gerar\u00e1 relat\u00f3rios e pain\u00e9is de controle com base nessa an\u00e1lise, monitorar\u00e1 a concorr\u00eancia observando oportunidades, fornecer\u00e1 suporte \u00e0 equipe de vendas e acompanhar\u00e1 projetos do canal.<\/p>\n<h3>Analista de Opera\u00e7\u00e3o Comercial II<\/h3>\n<ul class=\"!whitespace-normal list-disc ml-5\">\n<li class=\"pb-1\">Localiza\u00e7\u00e3o: Bel\u00e9m, Par\u00e1<\/li>\n<li class=\"pb-1\">\u00c1rea: Canais e Vendas Consumo<\/li>\n<li class=\"pb-1\">Requisitos: 8 \u00e0s 18h. N\u00edvel superior completo. Experi\u00eancia com desenvolvimento de relat\u00f3rios.<\/li>\n<\/ul>\n<p>Nessa posi\u00e7\u00e3o, voc\u00ea ser\u00e1 respons\u00e1vel pelo envio e desenvolvimento de relat\u00f3rios da vis\u00e3o comercial m\u00f3vel. Al\u00e9m disso, voc\u00ea tratar\u00e1 informa\u00e7\u00f5es de manifestos para RAI mensal e identificar\u00e1 oportunidades para impulsionar as vendas, bem como oportunidades no processo de venda at\u00e9 a instala\u00e7\u00e3o.<\/p>\n<h3>Gerente de Neg\u00f3cios Agente Autorizado II<\/h3>\n<ul class=\"!whitespace-normal list-disc ml-5\">\n<li class=\"pb-1\">Localiza\u00e7\u00e3o: Bauru, S\u00e3o Paulo<\/li>\n<li class=\"pb-1\">\u00c1rea: Canais e Vendas Consumo<\/li>\n<li class=\"pb-1\">Requisitos: 44 horas semanais de segunda a s\u00e1bado. Superior completo. Experi\u00eancia com gest\u00e3o de parceiros, pacote Office e capacidade anal\u00edtica de resultados.<\/li>\n<\/ul>\n<p>Nessa posi\u00e7\u00e3o, voc\u00ea ser\u00e1 respons\u00e1vel pela gest\u00e3o indireta de uma carteira de parceiros comerciais, mapeando o mercado, definindo a\u00e7\u00f5es para corrigir indicadores e acelerar a produtividade, buscando o aumento da participa\u00e7\u00e3o e captura de mercado. Al\u00e9m disso, voc\u00ea construir\u00e1 uma carteira de parceiros com uma capilaridade s\u00f3lida e sustent\u00e1vel.<\/p>\n<h3>Coordenador de Filial de Vendas II<\/h3>\n<ul class=\"!whitespace-normal list-disc ml-5\">\n<li class=\"pb-1\">Localiza\u00e7\u00e3o: Bauru, S\u00e3o Paulo<\/li>\n<li class=\"pb-1\">\u00c1rea: Canais e Vendas Consumo<\/li>\n<li class=\"pb-1\">Requisitos: 44 horas semanais. N\u00edvel superior completo. Desej\u00e1vel p\u00f3s-gradua\u00e7\u00e3o.<\/li>\n<\/ul>\n<p>Nessa posi\u00e7\u00e3o, voc\u00ea ser\u00e1 respons\u00e1vel por coordenar a equipe PAP, gest\u00e3o de parceiros indiretos do PAP, prospec\u00e7\u00e3o de novos parceiros e gest\u00e3o de resultados e crescimento da carteira. Al\u00e9m disso, voc\u00ea dever\u00e1 ter habilidades em vendas, gest\u00e3o de pessoas, lideran\u00e7a, planejamento, estrat\u00e9gia e conhecimento do mercado.<\/p>\n<h3>Executivo de Vendas Indiretas I<\/h3>\n<ul class=\"!whitespace-normal list-disc ml-5\">\n<li class=\"pb-1\">Localiza\u00e7\u00e3o: S\u00e3o Paulo, S\u00e3o Paulo<\/li>\n<li class=\"pb-1\">\u00c1rea: Canais e Vendas Consumo<\/li>\n<li class=\"pb-1\">Requisitos: 9 \u00e0s 18h \/ Segunda a S\u00e1bado. N\u00edvel Superior em administra\u00e7\u00e3o de empresas, vendas, marketing.<\/li>\n<\/ul>\n<p>Nessa posi\u00e7\u00e3o, voc\u00ea atuar\u00e1 de ponta a ponta, gerenciando parceiros comerciais, equipe de vendas e equipe interna. Sua orienta\u00e7\u00e3o centrada no cliente ser\u00e1 fundamental para atender e superar as expectativas dos clientes. Al\u00e9m disso, voc\u00ea ser\u00e1 respons\u00e1vel por prospectar leads de B2B e ter\u00e1 habilidades organizacionais, de gerenciamento de tempo e vis\u00e3o para os neg\u00f3cios.<\/p>\n<h3>Gerente de Canais II<\/h3>\n<ul class=\"!whitespace-normal list-disc ml-5\">\n<li class=\"pb-1\">Localiza\u00e7\u00e3o: Belo Horizonte, Minas Gerais<\/li>\n<li class=\"pb-1\">\u00c1rea: Claro Empresas<\/li>\n<li class=\"pb-1\">Requisitos: A combinar. Superior completo em \u00e1reas correlacionadas \u00e0 administra\u00e7\u00e3o e gest\u00e3o de pessoas, \u00e1rea comercial e afins.<\/li>\n<\/ul>\n<p>Nessa posi\u00e7\u00e3o, voc\u00ea ser\u00e1 respons\u00e1vel por construir, manter, desenvolver e gerenciar o resultado do parceiro de acordo com as metas e objetivos tra\u00e7ados pela empresa. Al\u00e9m disso, voc\u00ea planejar\u00e1 e implementar\u00e1 planos de a\u00e7\u00e3o em conjunto com o parceiro, garantindo sua execu\u00e7\u00e3o dentro do prazo estabelecido. Voc\u00ea tamb\u00e9m analisar\u00e1 e apresentar\u00e1 relat\u00f3rios de indicadores de vendas, capacita\u00e7\u00e3o e qualidade.<\/p>\n<h3>Executivo de Contas Alto Valor<\/h3>\n<ul class=\"!whitespace-normal list-disc ml-5\">\n<li class=\"pb-1\">Localiza\u00e7\u00e3o: S\u00e3o Paulo, S\u00e3o Paulo<\/li>\n<li class=\"pb-1\">\u00c1rea: Canais e Vendas Consumo<\/li>\n<li class=\"pb-1\">Requisitos: Seg a Sex das 9h \u00e0s 18h, Sab das 09h \u00e0s 13h. Ensino Superior Completo ou Cursando. Diferencial: P\u00f3s-Gradua\u00e7\u00e3o. Forma\u00e7\u00e3o em: Administra\u00e7\u00e3o, Economia, Marketing, Engenharias, Tecnologia e afins.<\/li>\n<\/ul>\n<p>Nessa posi\u00e7\u00e3o, voc\u00ea ser\u00e1 respons\u00e1vel pelo relacionamento com condom\u00ednios de alto padr\u00e3o, com foco em vendas prospect fixo b\u00e1sico e m\u00f3vel, rentabiliza\u00e7\u00e3o, fideliza\u00e7\u00e3o e blindagem. Al\u00e9m disso, voc\u00ea ser\u00e1 respons\u00e1vel por garantir o encantamento do cliente e ter\u00e1 total disponibilidade de hor\u00e1rio, incluindo plant\u00f5es aos finais de semana.<\/p>\n<h3>Gerente de Neg\u00f3cios Varejo I<\/h3>\n<ul class=\"!whitespace-normal list-disc ml-5\">\n<li class=\"pb-1\">Localiza\u00e7\u00e3o: S\u00e3o Paulo, S\u00e3o Paulo<\/li>\n<li class=\"pb-1\">\u00c1rea: Canais e Vendas Consumo<\/li>\n<li class=\"pb-1\">Requisitos: Segunda a sexta. Superior Completo.<\/li>\n<\/ul>\n<p>Nessa posi\u00e7\u00e3o, voc\u00ea ser\u00e1 respons\u00e1vel por buscar solu\u00e7\u00f5es inovadoras e sustent\u00e1veis para criar vantagens competitivas para o neg\u00f3cio. Al\u00e9m disso, voc\u00ea ter\u00e1 uma orienta\u00e7\u00e3o centrada no cliente, pensando e agindo a partir das perspectivas dos clientes. Voc\u00ea tamb\u00e9m ter\u00e1 a oportunidade de contribuir para um ambiente descontra\u00eddo, respeitoso e colaborativo, incentivando a diversidade.<\/p>\n<h2>Como se candidatar<\/h2>\n<p>Se voc\u00ea se identificou com alguma das vagas mencionadas acima e deseja se candidatar, basta <a href=\"https:\/\/jobs.i-hunter.com\/claro_comercial\/\" target=\"_blank\" rel=\"noopener\">clicar aqui<\/a> e buscar pelas oportunidades dispon\u00edveis na \u00e1rea comercial. Voc\u00ea poder\u00e1 pesquisar as vagas por palavra-chave e localiza\u00e7\u00e3o para encontrar a posi\u00e7\u00e3o que mais se adequa ao seu perfil e interesses.<\/p>\n<h2>Variedade de oportunidades de emprego<\/h2>\n<p>A Claro oferece uma ampla variedade de oportunidades de <a href=\"https:\/\/99empregos.com.br\/blog\/coca-cola-andina-brasil-esta-com-109-vagas-de-emprego-abertas-veja-como-se-candidatar\/\"><strong>emprego<\/strong><\/a> na \u00e1rea comercial, desde cargos de gest\u00e3o at\u00e9 posi\u00e7\u00f5es de vendas. Se voc\u00ea tem paix\u00e3o por tecnologia, habilidades comerciais e est\u00e1 disposto a aprender e se desenvolver, a Claro pode ser o lugar ideal para construir uma carreira de sucesso. N\u00e3o perca a chance de fazer parte dessa equipe din\u00e2mica e inovadora. Acesse o site da Claro hoje mesmo e confira as vagas dispon\u00edveis na \u00e1rea comercial.<\/p>\n","protected":false},"excerpt":{"rendered":"<p>Se voc\u00ea est\u00e1 em busca de novas oportunidades de emprego na \u00e1rea comercial, a Claro pode ser uma excelente op\u00e7\u00e3o para voc\u00ea. Como uma das maiores operadoras de telecomunica\u00e7\u00f5es no Brasil e l\u00edder na Am\u00e9rica Latina, a Claro oferece uma ampla gama de servi\u00e7os e solu\u00e7\u00f5es integradas de conectividade, entretenimento, produtividade e servi\u00e7os digitais. Com [&hellip;]<\/p>\n","protected":false},"author":24,"featured_media":52517,"comment_status":"open","ping_status":"closed","sticky":false,"template":"","format":"standard","meta":{"footnotes":""},"categories":[15],"tags":[1153,4824],"class_list":["post-52515","post","type-post","status-publish","format-standard","has-post-thumbnail","hentry","category-vagas","tag-claro","tag-claro-vagas"],"_links":{"self":[{"href":"https:\/\/99empregos.com.br\/blog\/wp-json\/wp\/v2\/posts\/52515","targetHints":{"allow":["GET"]}}],"collection":[{"href":"https:\/\/99empregos.com.br\/blog\/wp-json\/wp\/v2\/posts"}],"about":[{"href":"https:\/\/99empregos.com.br\/blog\/wp-json\/wp\/v2\/types\/post"}],"author":[{"embeddable":true,"href":"https:\/\/99empregos.com.br\/blog\/wp-json\/wp\/v2\/users\/24"}],"replies":[{"embeddable":true,"href":"https:\/\/99empregos.com.br\/blog\/wp-json\/wp\/v2\/comments?post=52515"}],"version-history":[{"count":0,"href":"https:\/\/99empregos.com.br\/blog\/wp-json\/wp\/v2\/posts\/52515\/revisions"}],"wp:featuredmedia":[{"embeddable":true,"href":"https:\/\/99empregos.com.br\/blog\/wp-json\/wp\/v2\/media\/52517"}],"wp:attachment":[{"href":"https:\/\/99empregos.com.br\/blog\/wp-json\/wp\/v2\/media?parent=52515"}],"wp:term":[{"taxonomy":"category","embeddable":true,"href":"https:\/\/99empregos.com.br\/blog\/wp-json\/wp\/v2\/categories?post=52515"},{"taxonomy":"post_tag","embeddable":true,"href":"https:\/\/99empregos.com.br\/blog\/wp-json\/wp\/v2\/tags?post=52515"}],"curies":[{"name":"wp","href":"https:\/\/api.w.org\/{rel}","templated":true}]}}