{"id":52607,"date":"2024-03-03T16:25:35","date_gmt":"2024-03-03T19:25:35","guid":{"rendered":"https:\/\/123empregos.com.br\/blog\/?p=52607"},"modified":"2024-03-02T23:30:23","modified_gmt":"2024-03-03T02:30:23","slug":"desaceleracao-do-mercado-de-trabalho-por-que-se-espera-menos-vagas-e-salarios-estagnados","status":"publish","type":"post","link":"https:\/\/99empregos.com.br\/blog\/desaceleracao-do-mercado-de-trabalho-por-que-se-espera-menos-vagas-e-salarios-estagnados\/","title":{"rendered":"Desacelera\u00e7\u00e3o do mercado de trabalho: por que se espera menos vagas e sal\u00e1rios estagnados?"},"content":{"rendered":"<p>O <strong>mercado de trabalho<\/strong> \u00e9 um indicador crucial da sa\u00fade econ\u00f4mica de um pa\u00eds. \u00c9 atrav\u00e9s dele que medimos a oferta de empregos dispon\u00edveis e os sal\u00e1rios oferecidos aos trabalhadores. No entanto, nos \u00faltimos anos, temos observado uma diminui\u00e7\u00e3o no n\u00famero de <strong><a href=\"https:\/\/99empregos.com.br\/blog\/vagas\/\">vagas dispon\u00edveis<\/a><\/strong> e uma estagna\u00e7\u00e3o nos sal\u00e1rios.<\/p>\n<p>Neste artigo, iremos analisar as raz\u00f5es por tr\u00e1s dessa desacelera\u00e7\u00e3o no mercado de trabalho e discutir as poss\u00edveis implica\u00e7\u00f5es para os trabalhadores e para a economia como um todo.<\/p>\n<h2>A Diminui\u00e7\u00e3o no N\u00famero de Vagas Dispon\u00edveis<\/h2>\n<p>Uma das principais raz\u00f5es para a desacelera\u00e7\u00e3o do mercado de trabalho \u00e9 a <strong>diminui\u00e7\u00e3o no n\u00famero de vagas<\/strong> dispon\u00edveis. De acordo com um estudo recente, o n\u00famero de vagas de emprego tem ca\u00eddo constantemente nos \u00faltimos anos. Isso pode ser atribu\u00eddo a uma s\u00e9rie de fatores, incluindo a automa\u00e7\u00e3o de tarefas anteriormente realizadas por humanos e a ado\u00e7\u00e3o de novas tecnologias que tornam certas fun\u00e7\u00f5es obsoletas.<\/p>\n<p>Al\u00e9m disso, a recess\u00e3o econ\u00f4mica global tamb\u00e9m desempenhou um papel importante na diminui\u00e7\u00e3o das vagas de emprego. Durante per\u00edodos de recess\u00e3o, as empresas tendem a reduzir seus quadros de funcion\u00e1rios e a congelar as contrata\u00e7\u00f5es, o que contribui para a escassez de vagas dispon\u00edveis no mercado de trabalho.<\/p>\n<h2>A Estagna\u00e7\u00e3o dos Sal\u00e1rios<\/h2>\n<p><strong>Outro aspecto preocupante do mercado de trabalho \u00e9 a estagna\u00e7\u00e3o dos sal\u00e1rios.<\/strong> Embora a economia como um todo tenha se recuperado da recess\u00e3o, os sal\u00e1rios n\u00e3o acompanharam esse crescimento. De acordo com dados do Minist\u00e9rio do Trabalho, os sal\u00e1rios m\u00e9dios t\u00eam se mantido praticamente est\u00e1veis nos \u00faltimos anos, mesmo com o aumento da produtividade e o crescimento da economia.<\/p>\n<p>Essa estagna\u00e7\u00e3o dos sal\u00e1rios pode ser atribu\u00edda a uma s\u00e9rie de fatores. Um deles \u00e9 o aumento da concorr\u00eancia no mercado de trabalho. Com a diminui\u00e7\u00e3o no n\u00famero de vagas dispon\u00edveis, os trabalhadores est\u00e3o competindo por um n\u00famero limitado de oportunidades, o que acaba afetando a negocia\u00e7\u00e3o salarial.<\/p>\n<p>Al\u00e9m disso, a falta de investimentos em treinamento e capacita\u00e7\u00e3o tamb\u00e9m pode ser um fator importante na estagna\u00e7\u00e3o dos sal\u00e1rios. Com a r\u00e1pida evolu\u00e7\u00e3o das tecnologias, muitos trabalhadores est\u00e3o ficando desatualizados e n\u00e3o possuem as habilidades necess\u00e1rias para ocupar os empregos dispon\u00edveis. Isso acaba afetando sua capacidade de negociar sal\u00e1rios mais altos.<\/p>\n<h2>As Implica\u00e7\u00f5es para os Trabalhadores<\/h2>\n<p>A desacelera\u00e7\u00e3o do <strong>mercado de trabalho<\/strong> e a estagna\u00e7\u00e3o dos sal\u00e1rios t\u00eam implica\u00e7\u00f5es significativas para os trabalhadores. Com menos vagas dispon\u00edveis, a competi\u00e7\u00e3o por empregos se torna mais acirrada, o que pode levar a um aumento na taxa de desemprego e a uma queda na qualidade dos empregos dispon\u00edveis.<\/p>\n<p>Al\u00e9m disso, com a estagna\u00e7\u00e3o dos sal\u00e1rios, muitos trabalhadores est\u00e3o enfrentando dificuldades financeiras. Sal\u00e1rios estagnados significam menos poder de compra, o que pode levar a problemas como endividamento e dificuldades para pagar as contas b\u00e1sicas.<\/p>\n<h2>As Implica\u00e7\u00f5es para a Economia<\/h2>\n<p>A desacelera\u00e7\u00e3o do mercado de trabalho e a estagna\u00e7\u00e3o dos sal\u00e1rios tamb\u00e9m t\u00eam implica\u00e7\u00f5es para a economia como um todo. Com menos vagas dispon\u00edveis e sal\u00e1rios estagnados, o consumo das fam\u00edlias pode ser afetado, o que pode levar a uma diminui\u00e7\u00e3o na demanda por bens e servi\u00e7os. Isso, por sua vez, pode levar a uma desacelera\u00e7\u00e3o econ\u00f4mica mais ampla.<\/p>\n<p>Al\u00e9m disso, a falta de <strong>oportunidades de <a href=\"https:\/\/99empregos.com.br\/blog\/vagas-abertas-multinacional-oferece-300-oportunidades-de-emprego-em-santa-catarina\/\">emprego<\/a><\/strong> pode levar a uma fuga de c\u00e9rebros, onde trabalhadores qualificados deixam o pa\u00eds em busca de melhores oportunidades em outros lugares. Isso pode levar a uma perda de talentos e a um enfraquecimento da economia a longo prazo.<\/p>\n<h2>Poss\u00edveis Solu\u00e7\u00f5es<\/h2>\n<p>Diante desse cen\u00e1rio preocupante, \u00e9 importante buscar solu\u00e7\u00f5es para impulsionar o mercado de trabalho e reverter a estagna\u00e7\u00e3o dos sal\u00e1rios. Uma das poss\u00edveis solu\u00e7\u00f5es \u00e9 investir em programas de treinamento e capacita\u00e7\u00e3o profissional. Dessa forma, os trabalhadores poder\u00e3o adquirir as habilidades necess\u00e1rias para ocupar os empregos dispon\u00edveis e negociar sal\u00e1rios mais altos.<\/p>\n<p>Al\u00e9m disso, \u00e9 importante promover pol\u00edticas que incentivem o empreendedorismo e a cria\u00e7\u00e3o de novos neg\u00f3cios. Empreendedores s\u00e3o respons\u00e1veis por grande parte da gera\u00e7\u00e3o de empregos em um pa\u00eds, e incentivar esse setor pode ajudar a impulsionar o mercado de trabalho.<\/p>\n<p>Em suma, <strong>o mercado de trabalho est\u00e1 passando por uma desacelera\u00e7\u00e3<\/strong>o, com menos <a href=\"https:\/\/99empregos.com.br\/blog\/vagas\/\"><strong>vagas<\/strong><\/a> dispon\u00edveis e sal\u00e1rios estagnados. Essa situa\u00e7\u00e3o tem implica\u00e7\u00f5es significativas para os trabalhadores e para a economia como um todo. No entanto, \u00e9 poss\u00edvel buscar solu\u00e7\u00f5es para reverter esse cen\u00e1rio, investindo em treinamento e capacita\u00e7\u00e3o profissional, bem como incentivando o empreendedorismo.<\/p>\n<p>Somente assim poderemos impulsionar o mercado de trabalho e garantir uma economia saud\u00e1vel e pr\u00f3spera.<\/p>\n","protected":false},"excerpt":{"rendered":"<p>O mercado de trabalho \u00e9 um indicador crucial da sa\u00fade econ\u00f4mica de um pa\u00eds. \u00c9 atrav\u00e9s dele que medimos a oferta de empregos dispon\u00edveis e os sal\u00e1rios oferecidos aos trabalhadores. No entanto, nos \u00faltimos anos, temos observado uma diminui\u00e7\u00e3o no n\u00famero de vagas dispon\u00edveis e uma estagna\u00e7\u00e3o nos sal\u00e1rios. Neste artigo, iremos analisar as raz\u00f5es [&hellip;]<\/p>\n","protected":false},"author":25,"featured_media":52608,"comment_status":"open","ping_status":"closed","sticky":false,"template":"","format":"standard","meta":{"footnotes":""},"categories":[7],"tags":[131],"class_list":["post-52607","post","type-post","status-publish","format-standard","has-post-thumbnail","hentry","category-noticias","tag-mercado-de-trabalho"],"_links":{"self":[{"href":"https:\/\/99empregos.com.br\/blog\/wp-json\/wp\/v2\/posts\/52607","targetHints":{"allow":["GET"]}}],"collection":[{"href":"https:\/\/99empregos.com.br\/blog\/wp-json\/wp\/v2\/posts"}],"about":[{"href":"https:\/\/99empregos.com.br\/blog\/wp-json\/wp\/v2\/types\/post"}],"author":[{"embeddable":true,"href":"https:\/\/99empregos.com.br\/blog\/wp-json\/wp\/v2\/users\/25"}],"replies":[{"embeddable":true,"href":"https:\/\/99empregos.com.br\/blog\/wp-json\/wp\/v2\/comments?post=52607"}],"version-history":[{"count":0,"href":"https:\/\/99empregos.com.br\/blog\/wp-json\/wp\/v2\/posts\/52607\/revisions"}],"wp:featuredmedia":[{"embeddable":true,"href":"https:\/\/99empregos.com.br\/blog\/wp-json\/wp\/v2\/media\/52608"}],"wp:attachment":[{"href":"https:\/\/99empregos.com.br\/blog\/wp-json\/wp\/v2\/media?parent=52607"}],"wp:term":[{"taxonomy":"category","embeddable":true,"href":"https:\/\/99empregos.com.br\/blog\/wp-json\/wp\/v2\/categories?post=52607"},{"taxonomy":"post_tag","embeddable":true,"href":"https:\/\/99empregos.com.br\/blog\/wp-json\/wp\/v2\/tags?post=52607"}],"curies":[{"name":"wp","href":"https:\/\/api.w.org\/{rel}","templated":true}]}}