{"id":54113,"date":"2024-03-27T15:39:45","date_gmt":"2024-03-27T18:39:45","guid":{"rendered":"https:\/\/123empregos.com.br\/blog\/?p=54113"},"modified":"2024-03-27T15:39:45","modified_gmt":"2024-03-27T18:39:45","slug":"materdei-rede-de-saude-tem-excelentes-oportunidades-confira","status":"publish","type":"post","link":"https:\/\/99empregos.com.br\/blog\/materdei-rede-de-saude-tem-excelentes-oportunidades-confira\/","title":{"rendered":"Materdei: Rede de SA\u00daDE tem excelentes oportunidades, confira"},"content":{"rendered":"<div class=\"flex-1 overflow-hidden\">\n<div class=\"react-scroll-to-bottom--css-rkqet-79elbk h-full\">\n<div class=\"react-scroll-to-bottom--css-rkqet-1n7m0yu\">\n<div class=\"flex flex-col text-sm pb-9\">\n<div class=\"w-full text-token-text-primary\" data-testid=\"conversation-turn-17\">\n<div class=\"px-4 py-2 justify-center text-base md:gap-6 m-auto\">\n<div class=\"flex flex-1 text-base mx-auto gap-3 md:px-5 lg:px-1 xl:px-5 md:max-w-3xl group final-completion\">\n<div class=\"relative flex w-full flex-col agent-turn\">\n<div class=\"flex-col gap-1 md:gap-3\">\n<div class=\"flex flex-grow flex-col max-w-full\">\n<div class=\"min-h-[20px] text-message flex flex-col items-start gap-3 whitespace-pre-wrap break-words [.text-message+&amp;]:mt-5 overflow-x-auto\" data-message-author-role=\"assistant\" data-message-id=\"a4e879f4-4018-45fa-839e-8aa6b513460f\">\n<div class=\"markdown prose w-full break-words dark:prose-invert light\">\n<p>O Materdei \u00e9 uma renomada rede de sa\u00fade com reconhecimento internacional. Estabelecido em 1980, o hospital \u00e9 l\u00edder em atendimento e solu\u00e7\u00f5es eficazes, combinando tecnologia avan\u00e7ada com diagn\u00f3stico, preven\u00e7\u00e3o e tratamento de alta qualidade. A rede se baseia em tr\u00eas princ\u00edpios fundamentais: humanismo, ci\u00eancia e cultura.<\/p>\n<p>O Materdei \u00e9 amplamente reconhecido por sua abordagem, n\u00e3o apenas em cuidados m\u00e9dicos, mas tamb\u00e9m em pesquisa e ensino. Seu sucesso nessas \u00e1reas \u00e9 evidente atrav\u00e9s de diversas m\u00e9tricas, como o n\u00famero de pesquisas realizadas, participa\u00e7\u00f5es em congressos nacionais e internacionais, publica\u00e7\u00f5es, entre outros indicadores.<\/p>\n<p>Com uma presen\u00e7a internacional, o Materdei opera tr\u00eas hospitais localizados na regi\u00e3o metropolitana de Belo Horizonte, na capital mineira. Essa localiza\u00e7\u00e3o estrat\u00e9gica visa atender a um p\u00fablico mais amplo. Os hospitais incluem o Mater Dei Santo Agostinho, Mater Dei Betim-Contagem e Mater Dei Contorno.<\/p>\n<p>Cada um desses hospitais oferece um portf\u00f3lio de <a href=\"https:\/\/99empregos.com.br\/blog\/eqs-engenharia-tem-mais-de-50-vagas-disponiveis-confira\/\" target=\"_blank\" rel=\"noopener\">servi\u00e7os<\/a> e especialidades distintas, destacando-se em \u00e1reas como sa\u00fade da mulher, oncologia pedi\u00e1trica e hemodi\u00e1lise. Todos os servi\u00e7os s\u00e3o fornecidos por uma equipe altamente especializada e bem treinada.<\/p>\n<p>Explore as<a href=\"https:\/\/99empregos.com.br\/blog\/alamo-engenharia-tem-excelentes-oportunidades-confira\/\"> oportunidades<\/a> dispon\u00edveis para fazer parte da <a href=\"https:\/\/99empregos.com.br\/blog\/cobrape-empresa-com-foco-em-projetos-e-empreendimentos-tem-vagas\/\" target=\"_blank\" rel=\"noopener\">equipe<\/a> do Materdei:<\/p>\n<ul>\n<li>Auxiliar de Farm\u00e1cia &#8211; Belo Horizonte\/MG<\/li>\n<li>Auxiliar de Farm\u00e1cia &#8211; Belo Horizonte\/MG<\/li>\n<li>Auxiliar de Farm\u00e1cia &#8211; Belo Horizonte\/MG<\/li>\n<li>Auxiliar de Farm\u00e1cia &#8211; Belo Horizonte\/MG<\/li>\n<li>Auxiliar de Farm\u00e1cia &#8211; Belo Horizonte\/MG<\/li>\n<li>Enfermeiro &#8211; Belo Horizonte\/MG<\/li>\n<li>Enfermeiro &#8211; Belo Horizonte\/MG<\/li>\n<li>Enfermeiro &#8211; Belo Horizonte\/MG<\/li>\n<li>Enfermeiro &#8211; Belo Horizonte\/MG<\/li>\n<li>Enfermeiro &#8211; Belo Horizonte\/MG<\/li>\n<li>Porteiro &#8211; Belo Horizonte\/MG<\/li>\n<li>Porteiro &#8211; Belo Horizonte\/MG<\/li>\n<li>Porteiro &#8211; Belo Horizonte\/MG<\/li>\n<li>Porteiro &#8211; Belo Horizonte\/MG<\/li>\n<li>Porteiro &#8211; Belo Horizonte\/MG<\/li>\n<li>Recepcionista &#8211; Minas Gerais<\/li>\n<li>Recepcionista &#8211; Minas Gerais<\/li>\n<li>Recepcionista &#8211; Minas Gerais<\/li>\n<li>Recepcionista &#8211; Minas Gerais<\/li>\n<li>Recepcionista &#8211; Minas Gerais<\/li>\n<li>Oficial de Manuten\u00e7\u00e3o &#8211; Minas Gerais\n<div class=\"flex-col gap-1 md:gap-3\">\n<div class=\"flex flex-grow flex-col max-w-full\">\n<div class=\"min-h-[20px] text-message flex flex-col items-start gap-3 whitespace-pre-wrap break-words [.text-message+&amp;]:mt-5 overflow-x-auto\" data-message-author-role=\"assistant\" data-message-id=\"a4e879f4-4018-45fa-839e-8aa6b513460f\">\n<div class=\"markdown prose w-full break-words dark:prose-invert light\"><\/div>\n<\/div>\n<\/div>\n<\/div>\n<div class=\"absolute\">\n<div class=\"flex w-full gap-2 items-center justify-center\">\n<div class=\"flex-col gap-1 md:gap-3\">\n<div class=\"flex flex-grow flex-col max-w-full\">\n<div class=\"min-h-[20px] text-message flex flex-col items-start gap-3 whitespace-pre-wrap break-words [.text-message+&amp;]:mt-5 overflow-x-auto\" data-message-author-role=\"assistant\" data-message-id=\"a4e879f4-4018-45fa-839e-8aa6b513460f\">\n<div class=\"markdown prose w-full break-words dark:prose-invert light\"><\/div>\n<\/div>\n<\/div>\n<\/div>\n<\/div>\n<\/div>\n<\/li>\n<li>Oficial de Manuten\u00e7\u00e3o &#8211; Minas Gerais<\/li>\n<li>Oficial de Manuten\u00e7\u00e3o &#8211; Minas Gerais<\/li>\n<li>Oficial de Manuten\u00e7\u00e3o &#8211; Minas Gerais<\/li>\n<li>Oficial de Manuten\u00e7\u00e3o &#8211; Minas Gerais<\/li>\n<\/ul>\n<\/div>\n<\/div>\n<\/div>\n<\/div>\n<\/div>\n<\/div>\n<\/div>\n<\/div>\n<\/div>\n<\/div>\n<\/div>\n<\/div>\n<div class=\"w-full pt-2 md:pt-0 dark:border-white\/20 md:border-transparent md:dark:border-transparent md:w-[calc(100%-.5rem)]\">\n<div class=\"relative flex h-full flex-1 flex-col\">\n<div class=\"absolute bottom-full left-0 right-0\">\n<h2><strong>Sobre o Materdei<\/strong><\/h2>\n<p>A empresa oferece um sal\u00e1rio compat\u00edvel com o mercado de trabalho e o colaborador pode contar com os seguintes benef\u00edcios: vale-transporte, vale-refei\u00e7\u00e3o, seguro de vida, assist\u00eancia m\u00e9dica e assist\u00eancia odontol\u00f3gica.<\/p>\n<\/div>\n<div class=\"flex w-full items-center\">\n<h2><b>Saiba como concorrer as vagas dispon\u00edveis\u00a0<\/b><\/h2>\n<p>O processo para se candidatar as vagas do Materdei \u00e9 simples, ao clicar nesse <a href=\"https:\/\/99empregos.com.br\/vaga\/materdei-rede-de-saude-tem-excelentes-oportunidades-confira\/#google_vignette\" target=\"_blank\" rel=\"noopener\">link<\/a>, voc\u00ea poder\u00e1 clicar em Candidatar que voc\u00ea ser\u00e1 redirecionado para a \u00e1rea Trabalhe Conosco da empresa. L\u00e1, voc\u00ea ter\u00e1 acesso as diversas vagas e, ao escolher a que se encaixa no seu perfil clique em: Ver descri\u00e7\u00e3o da vaga.<\/p>\n<p>Em seguida, certifique-se de preencher os pr\u00e9-requisitos. Depois \u00e9 s\u00f3 clicar em Inscreva-se e anexar o seu curr\u00edculo. Voc\u00ea pode ainda cadastrar o seu curr\u00edculo no banco de vagas caso n\u00e3o encontre uma vaga.<\/p>\n<\/div>\n<\/div>\n<\/div>\n","protected":false},"excerpt":{"rendered":"<p>O Materdei \u00e9 uma renomada rede de sa\u00fade com reconhecimento internacional. Estabelecido em 1980, o hospital \u00e9 l\u00edder em atendimento e solu\u00e7\u00f5es eficazes, combinando tecnologia avan\u00e7ada com diagn\u00f3stico, preven\u00e7\u00e3o e tratamento de alta qualidade. A rede se baseia em tr\u00eas princ\u00edpios fundamentais: humanismo, ci\u00eancia e cultura. O Materdei \u00e9 amplamente reconhecido por sua abordagem, n\u00e3o [&hellip;]<\/p>\n","protected":false},"author":13,"featured_media":54114,"comment_status":"open","ping_status":"closed","sticky":false,"template":"","format":"standard","meta":{"footnotes":""},"categories":[15],"tags":[1401,1402,2683],"class_list":["post-54113","post","type-post","status-publish","format-standard","has-post-thumbnail","hentry","category-vagas","tag-nivel-medio","tag-nivel-superior","tag-nivel-tecnico"],"_links":{"self":[{"href":"https:\/\/99empregos.com.br\/blog\/wp-json\/wp\/v2\/posts\/54113","targetHints":{"allow":["GET"]}}],"collection":[{"href":"https:\/\/99empregos.com.br\/blog\/wp-json\/wp\/v2\/posts"}],"about":[{"href":"https:\/\/99empregos.com.br\/blog\/wp-json\/wp\/v2\/types\/post"}],"author":[{"embeddable":true,"href":"https:\/\/99empregos.com.br\/blog\/wp-json\/wp\/v2\/users\/13"}],"replies":[{"embeddable":true,"href":"https:\/\/99empregos.com.br\/blog\/wp-json\/wp\/v2\/comments?post=54113"}],"version-history":[{"count":0,"href":"https:\/\/99empregos.com.br\/blog\/wp-json\/wp\/v2\/posts\/54113\/revisions"}],"wp:featuredmedia":[{"embeddable":true,"href":"https:\/\/99empregos.com.br\/blog\/wp-json\/wp\/v2\/media\/54114"}],"wp:attachment":[{"href":"https:\/\/99empregos.com.br\/blog\/wp-json\/wp\/v2\/media?parent=54113"}],"wp:term":[{"taxonomy":"category","embeddable":true,"href":"https:\/\/99empregos.com.br\/blog\/wp-json\/wp\/v2\/categories?post=54113"},{"taxonomy":"post_tag","embeddable":true,"href":"https:\/\/99empregos.com.br\/blog\/wp-json\/wp\/v2\/tags?post=54113"}],"curies":[{"name":"wp","href":"https:\/\/api.w.org\/{rel}","templated":true}]}}