{"id":55035,"date":"2024-04-10T16:04:05","date_gmt":"2024-04-10T19:04:05","guid":{"rendered":"https:\/\/123empregos.com.br\/blog\/?p=55035"},"modified":"2024-04-10T16:04:05","modified_gmt":"2024-04-10T19:04:05","slug":"grupo-anima-educacao-tem-mais-de-180-vagas-em-varios-cargos-confira","status":"publish","type":"post","link":"https:\/\/99empregos.com.br\/blog\/grupo-anima-educacao-tem-mais-de-180-vagas-em-varios-cargos-confira\/","title":{"rendered":"Grupo \u00c2nima Educa\u00e7\u00e3o tem mais de 180 VAGAS em v\u00e1rios cargos, confira"},"content":{"rendered":"<p>O Grupo \u00c2nima Educa\u00e7\u00e3o figura como uma das principais institui\u00e7\u00f5es educacionais em todo o territ\u00f3rio nacional. Estabelecida em 2003, a comunidade fundamenta-se na cren\u00e7a de que uma abordagem multidisciplinar no processo de aprendizagem \u00e9 fundamental para que os estudantes alcancem seu potencial m\u00e1ximo. Isso resulta em uma ampla aceita\u00e7\u00e3o tanto por parte de profissionais renomados na \u00e1rea quanto por parte dos pr\u00f3prios alunos.<\/p>\n<p>A organiza\u00e7\u00e3o \u00e9 reconhecida por seus s\u00f3lidos valores, os quais se baseiam em uma combina\u00e7\u00e3o de alta tecnologia e empatia. Destaca-se pelo investimento em escolas com infraestrutura de \u00faltima gera\u00e7\u00e3o e pela postura voltada para os alunos, priorizando uma abordagem din\u00e2mica de ensino para garantir o desenvolvimento pleno de todos.<\/p>\n<p>Consequentemente, o \u00c2nima Educa\u00e7\u00e3o continua a expandir-se, evidenciado pelo n\u00famero crescente de escolas sob sua gest\u00e3o. Entre elas, destacam-se a Faseh, Una, UniBH, S\u00e3o Judas, Le Cordon Bleu, Faculdade Milton Campos, entre outras, que se tornaram refer\u00eancias no cen\u00e1rio educacional do pa\u00eds.<\/p>\n<p>Para manter esse crescimento e garantir o funcionamento eficiente, o grupo conta com uma equipe diversificada, composta por profissionais de diversas \u00e1reas e com fun\u00e7\u00f5es que variam desde administrativas at\u00e9 docentes.<\/p>\n<p>Esta equipe cresce em paralelo com o \u00c2nima e, portanto, a empresa frequentemente oferece <a href=\"https:\/\/99empregos.com.br\/blog\/kainos-tem-otimas-oportunidades-em-diversos-cargos-diferentes-confira\/#google_vignette\" target=\"_blank\" rel=\"noopener\">oportunidades<\/a> de <a href=\"https:\/\/99empregos.com.br\/blog\/ativa-logistica-tem-excelentes-vagas-de-trabalho-ao-redor-do-pais-confira\/#google_vignette\" target=\"_blank\" rel=\"noopener\">emprego<\/a> em diversos setores e para diferentes n\u00edveis de qualifica\u00e7\u00e3o. Abaixo, algumas das <a href=\"https:\/\/99empregos.com.br\/blog\/grupo-peralta-tem-vagas-em-pontos-estrategicos-de-todo-o-pais-confira\/#google_vignette\" target=\"_blank\" rel=\"noopener\">vagas<\/a> dispon\u00edveis atualmente:<\/p>\n<ul>\n<li>Coordenador Adjunto de Cursos &#8211; Ci\u00eancias Biol\u00f3gicas &#8211; Bom Despacho\/MG<\/li>\n<li>Coordenador Adjunto de Cursos &#8211; Ci\u00eancias Jur\u00eddicas &#8211; Jaboat\u00e3o dos Guararapes\/PE<\/li>\n<li>Docente de Medicina Veterin\u00e1ria &#8211; S\u00e3o Paulo\/SP<\/li>\n<li>Monitor de Qualidade &#8211; S\u00e3o Paulo\/SP<\/li>\n<li>Auxiliar de Manuten\u00e7\u00e3o &#8211; Itaja\u00ed\/SC<\/li>\n<li>Supervisor de Facilities &#8211; Minas Gerais<\/li>\n<li>Auxiliar Administrativo &#8211; Suporte TI &#8211; Belo Horizonte\/MG<\/li>\n<li>Consultor Comercial &#8211; Empresa e Escola &#8211; Rio Grande do Norte<\/li>\n<li>Consultor Comercial &#8211; Rio Grande do Norte<\/li>\n<\/ul>\n<h2><strong>Sobre o \u00c2nima Educa\u00e7\u00e3o\u00a0<\/strong><\/h2>\n<p>A empresa oferece um sal\u00e1rio compat\u00edvel com o mercado de trabalho e o colaborador pode contar com os seguintes benef\u00edcios: vale-transporte, vale-refei\u00e7\u00e3o, seguro de vida, assist\u00eancia m\u00e9dica e assist\u00eancia odontol\u00f3gica.<\/p>\n<h2><b>Saiba como concorrer as vagas dispon\u00edveis\u00a0<\/b><\/h2>\n<p>O processo para se candidatar as vagas do \u00c2nima Educa\u00e7\u00e3o \u00e9 simples, ao clicar nesse\u00a0<a href=\"https:\/\/99empregos.com.br\/vaga\/grupo-anima-educacao-tem-mais-de-180-vagas-em-varios-cargos-confira\/\" target=\"_blank\" rel=\"noopener\">link<\/a>,\u00a0voc\u00ea poder\u00e1 clicar em Candidatar que voc\u00ea ser\u00e1 redirecionado para a \u00e1rea Trabalhe Conosco da empresa. L\u00e1, voc\u00ea ter\u00e1 acesso as diversas vagas e, ao escolher a que se encaixa no seu perfil clique em: Ver descri\u00e7\u00e3o da vaga.<\/p>\n<p>Em seguida, certifique-se de preencher os pr\u00e9-requisitos. Depois \u00e9 s\u00f3 clicar em Inscreva-se e anexar o seu curr\u00edculo. Voc\u00ea pode ainda cadastrar o seu curr\u00edculo no banco de vagas caso n\u00e3o encontre uma vaga.<\/p>\n","protected":false},"excerpt":{"rendered":"<p>O Grupo \u00c2nima Educa\u00e7\u00e3o figura como uma das principais institui\u00e7\u00f5es educacionais em todo o territ\u00f3rio nacional. Estabelecida em 2003, a comunidade fundamenta-se na cren\u00e7a de que uma abordagem multidisciplinar no processo de aprendizagem \u00e9 fundamental para que os estudantes alcancem seu potencial m\u00e1ximo. Isso resulta em uma ampla aceita\u00e7\u00e3o tanto por parte de profissionais renomados [&hellip;]<\/p>\n","protected":false},"author":13,"featured_media":55036,"comment_status":"open","ping_status":"closed","sticky":false,"template":"","format":"standard","meta":{"footnotes":""},"categories":[15],"tags":[1401,1402,2683],"class_list":["post-55035","post","type-post","status-publish","format-standard","has-post-thumbnail","hentry","category-vagas","tag-nivel-medio","tag-nivel-superior","tag-nivel-tecnico"],"_links":{"self":[{"href":"https:\/\/99empregos.com.br\/blog\/wp-json\/wp\/v2\/posts\/55035","targetHints":{"allow":["GET"]}}],"collection":[{"href":"https:\/\/99empregos.com.br\/blog\/wp-json\/wp\/v2\/posts"}],"about":[{"href":"https:\/\/99empregos.com.br\/blog\/wp-json\/wp\/v2\/types\/post"}],"author":[{"embeddable":true,"href":"https:\/\/99empregos.com.br\/blog\/wp-json\/wp\/v2\/users\/13"}],"replies":[{"embeddable":true,"href":"https:\/\/99empregos.com.br\/blog\/wp-json\/wp\/v2\/comments?post=55035"}],"version-history":[{"count":0,"href":"https:\/\/99empregos.com.br\/blog\/wp-json\/wp\/v2\/posts\/55035\/revisions"}],"wp:featuredmedia":[{"embeddable":true,"href":"https:\/\/99empregos.com.br\/blog\/wp-json\/wp\/v2\/media\/55036"}],"wp:attachment":[{"href":"https:\/\/99empregos.com.br\/blog\/wp-json\/wp\/v2\/media?parent=55035"}],"wp:term":[{"taxonomy":"category","embeddable":true,"href":"https:\/\/99empregos.com.br\/blog\/wp-json\/wp\/v2\/categories?post=55035"},{"taxonomy":"post_tag","embeddable":true,"href":"https:\/\/99empregos.com.br\/blog\/wp-json\/wp\/v2\/tags?post=55035"}],"curies":[{"name":"wp","href":"https:\/\/api.w.org\/{rel}","templated":true}]}}