{"id":55064,"date":"2024-04-11T15:29:55","date_gmt":"2024-04-11T18:29:55","guid":{"rendered":"https:\/\/123empregos.com.br\/blog\/?p=55064"},"modified":"2024-04-11T15:29:55","modified_gmt":"2024-04-11T18:29:55","slug":"vivo-abre-vagas-de-emprego-para-area-de-t-i-com-dias-em-home-office","status":"publish","type":"post","link":"https:\/\/99empregos.com.br\/blog\/vivo-abre-vagas-de-emprego-para-area-de-t-i-com-dias-em-home-office\/","title":{"rendered":"Vivo abre Vagas de Emprego para \u00e1rea de T.I com dias em Home Office"},"content":{"rendered":"<p>A\u00a0<strong>Vivo<\/strong>, uma das maiores empresas de telecomunica\u00e7\u00f5es do Brasil, est\u00e1 com uma s\u00e9rie de vagas de emprego abertas na \u00e1rea de TI. Entre as posi\u00e7\u00f5es dispon\u00edveis, destaca-se a de Consultor de Arquitetura de Neg\u00f3cios e Aplica\u00e7\u00f5es. Vamos conhecer um pouco mais sobre a Vivo e explorar todos os detalhes dessa oportunidade.<\/p>\n<h2>O que \u00e9 a Vivo?<\/h2>\n<p>A Vivo \u00e9 a marca comercial do Grupo Telef\u00f4nica no Brasil. \u00c9 uma concession\u00e1ria de telefonia m\u00f3vel, telefonia fixa, internet banda larga e TV por assinatura no pa\u00eds. Com uma base de clientes que ultrapassa 97 milh\u00f5es, a Vivo \u00e9 a operadora l\u00edder no mercado de telecomunica\u00e7\u00f5es brasileiro.<\/p>\n<h2>A Miss\u00e3o da Vivo<\/h2>\n<p>A miss\u00e3o da Vivo \u00e9 fazer com que a vida seja mais digital, transformando a vida das pessoas e das empresas. Isso \u00e9 alcan\u00e7ado por meio da inova\u00e7\u00e3o constante, da oferta de servi\u00e7os de alta qualidade e do compromisso com a satisfa\u00e7\u00e3o do cliente.<\/p>\n<h2>Hist\u00f3ria da Vivo<\/h2>\n<p>A Vivo foi fundada em 2003, como resultado da fus\u00e3o de v\u00e1rias empresas de telefonia m\u00f3vel. Desde ent\u00e3o, a empresa tem expandido constantemente sua presen\u00e7a e sua gama de servi\u00e7os. Em 2010, a Vivo foi adquirida pelo Grupo Telef\u00f3nica, uma das maiores empresas de telecomunica\u00e7\u00f5es do mundo.<\/p>\n<h2>Vaga de Consultor de Arquitetura de Neg\u00f3cios e Aplica\u00e7\u00f5es na Vivo<\/h2>\n<p>A Vivo est\u00e1 em busca de um Consultor de Arquitetura de Neg\u00f3cios e Aplica\u00e7\u00f5es para se juntar \u00e0 sua equipe. Esta \u00e9 uma posi\u00e7\u00e3o de alto n\u00edvel que envolve uma s\u00e9rie de responsabilidades e qualifica\u00e7\u00f5es.<\/p>\n<h3>RESPONSABILIDADES E ATRIBUI\u00c7\u00d5ES<\/h3>\n<p>O Consultor de Arquitetura de Neg\u00f3cios e Aplica\u00e7\u00f5es na Vivo ser\u00e1 respons\u00e1vel por:<\/p>\n<ol class=\"!whitespace-normal list-decimal ml-5\">\n<li>Estruturar processos, artefatos e ferramentas com base em frameworks de arquitetura corporativa para o escopo de arquitetura de neg\u00f3cios e aplicacional;<\/li>\n<li>Ser o ponto focal da \u00e1rea de neg\u00f3cios, estabelecendo uma rela\u00e7\u00e3o de confian\u00e7a e de agrega\u00e7\u00e3o de valor para decis\u00f5es importantes ao neg\u00f3cio e suas solu\u00e7\u00f5es tecnol\u00f3gicas;<\/li>\n<li>Ser o ponto focal para sele\u00e7\u00e3o e cria\u00e7\u00e3o de novas aplica\u00e7\u00f5es, decompor macro requisitos em funcionalidades;<\/li>\n<li>Criar e garantir a atualiza\u00e7\u00e3o do mapa de capacidade de neg\u00f3cio, funcionalidades, blueprint, roadmap e transi\u00e7\u00f5es de arquitetura;<\/li>\n<li>Idealizar, planejar e executar Proof of Concept (PoC) para testar conceitos e diretrizes de arquitetura de neg\u00f3cio e solu\u00e7\u00f5es;<\/li>\n<li>Apresenta\u00e7\u00f5es executivas para apoiar em decis\u00f5es estrat\u00e9gicas de neg\u00f3cio e TI.<\/li>\n<\/ol>\n<h3>REQUISITOS E QUALIFICA\u00c7\u00d5ES<\/h3>\n<p>Para se candidatar a esta <a href=\"https:\/\/99empregos.com.br\/blog\/boticario-esta-com-mais-de-270-vagas-de-emprego\/\"><strong>vaga<\/strong><\/a>, os candidatos devem ter:<\/p>\n<ol class=\"!whitespace-normal list-decimal ml-5\">\n<li>Conhecimento em TOGAF;<\/li>\n<li>Conhecimento em Zachman;<\/li>\n<li>Conhecimento em Arquitetura e Mapeamento de Cadeia de Valor;<\/li>\n<li>Conhecimento em Arquitetura e Mapeamento de Capacidade de Neg\u00f3cio;<\/li>\n<li>Conhecimento em Arquitetura e Mapeamento de Processos de Neg\u00f3cio;<\/li>\n<li>Conhecimento em metodologia para Avalia\u00e7\u00e3o de Maturidade de Capacidade de Neg\u00f3cio;<\/li>\n<li>Conhecimento em Arquitetura Aplica\u00e7\u00f5es;<\/li>\n<li>Conhecimento em Ciclo de Vida de Aplica\u00e7\u00f5es;<\/li>\n<li>Conhecimento em setup de reposit\u00f3rio de arquitetura e catalogo de aplica\u00e7\u00f5es;<\/li>\n<li>Conhecimento em metodologia para Avalia\u00e7\u00e3o de Maturidade de Aplica\u00e7\u00f5es;<\/li>\n<li>Expertise em Padr\u00f5es de Industria (TMForum e BIAN);<\/li>\n<li>Conhecimento de solu\u00e7\u00f5es de mercado dos dom\u00ednios de CRM, Commerce, Payments, Fraude, Credito, Faturamento, Arrecada\u00e7\u00e3o, Cobran\u00e7a, Logistica e Core Banking<\/li>\n<li>Conhecimento de padr\u00f5es de arquitetura microservi\u00e7os, APIs e eventos;<\/li>\n<li>Conhecimento de arquitetura e streaming de dados;<\/li>\n<li>Conhecimento de arquitetura cloud (IaaS, PaaS, SaaS e outros);<\/li>\n<li>Experi\u00eancia em gest\u00e3o de equipe de arquitetura;<\/li>\n<li>Conhecimento em um destes modelos de neg\u00f3cio: Telco, Varejo &amp; Log\u00edstica e Servi\u00e7os Financeiros (Conta Digital, Cart\u00e3o de Credito, Empr\u00e9stimo e Seguro).<\/li>\n<\/ol>\n<h3>ETAPAS DO PROCESSO<\/h3>\n<p>O processo de contrata\u00e7\u00e3o para esta posi\u00e7\u00e3o inclui:<\/p>\n<ol class=\"!whitespace-normal list-decimal ml-5\">\n<li><span aria-hidden=\"true\">Cadastro<\/span><\/li>\n<li><span class=\"sc-dfd42894-0 bzQMFp\">Etapa 2: Pr\u00e9 Sele\u00e7\u00e3o<\/span><\/li>\n<li><span class=\"sc-dfd42894-0 bzQMFp\">Etapa 3: Triagem<\/span><\/li>\n<li><span class=\"sc-dfd42894-0 bzQMFp\">Etapa 4: Entrevista com RH<\/span><\/li>\n<li><span class=\"sc-dfd42894-0 bzQMFp\">Etapa 5: Avalia\u00e7\u00e3o Comportamental | PPA (Disc)<\/span><\/li>\n<li><span class=\"sc-dfd42894-0 bzQMFp\">Etapa 6: Entrevista com Gestor<\/span><\/li>\n<li><span class=\"sc-dfd42894-0 bzQMFp\">Etapa 7: Valida\u00e7\u00e3o Interna<\/span><\/li>\n<li><span class=\"sc-dfd42894-0 bzQMFp\">Etapa 8: Contrata\u00e7\u00e3o<\/span><\/li>\n<li class=\"pb-1\"><\/li>\n<\/ol>\n<h3>COMO SE CANDIDATAR<\/h3>\n<p>Os interessados nesta <a href=\"https:\/\/99empregos.com.br\/blog\/trabalhar-com-cosmeticos-jeq\/\"><strong>vaga<\/strong><\/a> devem se candidatar online atrav\u00e9s <a href=\"https:\/\/vivodigital.gupy.io\/jobs\/6932799\" target=\"_blank\" rel=\"noopener\">deste site<\/a>. \u00c9 importante que os candidatos incluam todas as informa\u00e7\u00f5es relevantes em sua aplica\u00e7\u00e3o, incluindo educa\u00e7\u00e3o, experi\u00eancia de trabalho e habilidades t\u00e9cnicas.<\/p>\n<p>A Vivo oferece uma s\u00e9rie de benef\u00edcios para seus funcion\u00e1rios, incluindo um ambiente de trabalho din\u00e2mico e inovador, oportunidades de desenvolvimento profissional e um pacote de remunera\u00e7\u00e3o competitivo.<\/p>\n<p>Se voc\u00ea est\u00e1 procurando uma oportunidade para progredir em sua carreira na \u00e1rea de TI, esta pode ser a oportunidade perfeita para voc\u00ea. N\u00e3o perca a chance de fazer parte de uma das maiores empresas de telecomunica\u00e7\u00f5es do Brasil.<\/p>\n<p><strong>Lembre-se<\/strong>: A Vivo valoriza a diversidade e inclus\u00e3o no local de trabalho e est\u00e1 comprometida em fornecer oportunidades iguais para todos os candidatos.<\/p>\n<h2>L\u00edder no setor de telecomunica\u00e7\u00f5es no Brasil<\/h2>\n<p>A Vivo \u00e9 uma empresa l\u00edder no setor de telecomunica\u00e7\u00f5es no Brasil. Com sua miss\u00e3o de transformar a vida das pessoas e das empresas atrav\u00e9s da digitaliza\u00e7\u00e3o, a Vivo est\u00e1 sempre em busca de talentos que possam contribuir para essa vis\u00e3o. A <a href=\"https:\/\/99empregos.com.br\/blog\/trabalhar-com-cosmeticos-jeq\/\"><strong>vaga<\/strong><\/a> de Consultor de Arquitetura de Neg\u00f3cios e Aplica\u00e7\u00f5es \u00e9 uma excelente oportunidade para profissionais de TI que est\u00e3o procurando um novo desafio em uma empresa inovadora e din\u00e2mica.<\/p>\n","protected":false},"excerpt":{"rendered":"<p>A\u00a0Vivo, uma das maiores empresas de telecomunica\u00e7\u00f5es do Brasil, est\u00e1 com uma s\u00e9rie de vagas de emprego abertas na \u00e1rea de TI. Entre as posi\u00e7\u00f5es dispon\u00edveis, destaca-se a de Consultor de Arquitetura de Neg\u00f3cios e Aplica\u00e7\u00f5es. Vamos conhecer um pouco mais sobre a Vivo e explorar todos os detalhes dessa oportunidade. O que \u00e9 a [&hellip;]<\/p>\n","protected":false},"author":24,"featured_media":55065,"comment_status":"open","ping_status":"closed","sticky":false,"template":"","format":"standard","meta":{"footnotes":""},"categories":[15],"tags":[5332,16,4312,808,4608],"class_list":["post-55064","post","type-post","status-publish","format-standard","has-post-thumbnail","hentry","category-vagas","tag-home-office-vivo","tag-vagas-de-emprego","tag-vagas-de-emprego-vivo","tag-vivo","tag-vivo-vagas"],"_links":{"self":[{"href":"https:\/\/99empregos.com.br\/blog\/wp-json\/wp\/v2\/posts\/55064","targetHints":{"allow":["GET"]}}],"collection":[{"href":"https:\/\/99empregos.com.br\/blog\/wp-json\/wp\/v2\/posts"}],"about":[{"href":"https:\/\/99empregos.com.br\/blog\/wp-json\/wp\/v2\/types\/post"}],"author":[{"embeddable":true,"href":"https:\/\/99empregos.com.br\/blog\/wp-json\/wp\/v2\/users\/24"}],"replies":[{"embeddable":true,"href":"https:\/\/99empregos.com.br\/blog\/wp-json\/wp\/v2\/comments?post=55064"}],"version-history":[{"count":0,"href":"https:\/\/99empregos.com.br\/blog\/wp-json\/wp\/v2\/posts\/55064\/revisions"}],"wp:featuredmedia":[{"embeddable":true,"href":"https:\/\/99empregos.com.br\/blog\/wp-json\/wp\/v2\/media\/55065"}],"wp:attachment":[{"href":"https:\/\/99empregos.com.br\/blog\/wp-json\/wp\/v2\/media?parent=55064"}],"wp:term":[{"taxonomy":"category","embeddable":true,"href":"https:\/\/99empregos.com.br\/blog\/wp-json\/wp\/v2\/categories?post=55064"},{"taxonomy":"post_tag","embeddable":true,"href":"https:\/\/99empregos.com.br\/blog\/wp-json\/wp\/v2\/tags?post=55064"}],"curies":[{"name":"wp","href":"https:\/\/api.w.org\/{rel}","templated":true}]}}