{"id":55081,"date":"2024-04-12T11:03:10","date_gmt":"2024-04-12T14:03:10","guid":{"rendered":"https:\/\/123empregos.com.br\/blog\/?p=55081"},"modified":"2024-04-12T11:03:10","modified_gmt":"2024-04-12T14:03:10","slug":"grupo-pereira-varejista-de-alta-relevancia-no-mercado-tem-vagas-confira","status":"publish","type":"post","link":"https:\/\/99empregos.com.br\/blog\/grupo-pereira-varejista-de-alta-relevancia-no-mercado-tem-vagas-confira\/","title":{"rendered":"Grupo Pereira: Varejista de ALTA relev\u00e2ncia no mercado tem vagas, confira"},"content":{"rendered":"<div class=\"flex-1 overflow-hidden\">\n<div class=\"react-scroll-to-bottom--css-zjouv-79elbk h-full\">\n<div class=\"react-scroll-to-bottom--css-zjouv-1n7m0yu\">\n<div class=\"flex flex-col text-sm pb-9\">\n<div class=\"w-full text-token-text-primary\" dir=\"auto\" data-testid=\"conversation-turn-5\">\n<div class=\"px-4 py-2 justify-center text-base md:gap-6 m-auto\">\n<div class=\"flex flex-1 text-base mx-auto gap-3 juice:gap-4 juice:md:gap-6 md:px-5 lg:px-1 xl:px-5 md:max-w-3xl group final-completion\">\n<div class=\"relative flex w-full flex-col agent-turn\">\n<div class=\"flex-col gap-1 md:gap-3\">\n<div class=\"flex flex-grow flex-col max-w-full\">\n<div class=\"min-h-[20px] text-message flex flex-col items-start gap-3 whitespace-pre-wrap break-words [.text-message+&amp;]:mt-5 overflow-x-auto\" dir=\"auto\" data-message-author-role=\"assistant\" data-message-id=\"c03bd3db-de01-4b76-bc4f-b4a7cde27223\">\n<div class=\"markdown prose w-full break-words dark:prose-invert light\">\n<p>O Grupo Pereira figura entre os oito principais varejistas do Brasil. Estabelecido em 1962, o grupo adota uma abordagem multicanal e oferece um amplo conjunto de solu\u00e7\u00f5es, proporcionando solu\u00e7\u00f5es personalizadas segmentadas por \u00e1rea de atua\u00e7\u00e3o.<\/p>\n<p>Essas \u00e1reas compreendem: Fort Atacadista (atacarejo), SempreFort (varejo farmac\u00eautico), Fort Posto (combust\u00edvel), Comper (supermercado), Bate Forte (atacado distribuidor), al\u00e9m de parcerias com a empresa Vuon, especializada em servi\u00e7os financeiros, Broker Pantanal, voltada para distribui\u00e7\u00e3o, e a Perlog, l\u00edder em log\u00edstica.<\/p>\n<p>O objetivo \u00e9 atender \u00e0s necessidades dos clientes de forma \u00e1gil, econ\u00f4mica e eficiente, independentemente do tipo de neg\u00f3cio. Atualmente, o impacto do Grupo Pereira \u00e9 significativo, com cerca de 94 unidades de neg\u00f3cio distribu\u00eddas por mais de cinco estados brasileiros, incluindo Mato Grosso, Mato Grosso do Sul, Goi\u00e1s, Santa Catarina, S\u00e3o Paulo e o Distrito Federal. Essas unidades s\u00e3o estrategicamente posicionadas para alcan\u00e7ar um amplo p\u00fablico.<\/p>\n<p>A equipe do Grupo Pereira \u00e9 composta por 15 mil colaboradores e 800 representantes comerciais, com excelentes<a href=\"https:\/\/99empregos.com.br\/blog\/grupo-anima-educacao-tem-mais-de-180-vagas-em-varios-cargos-confira\/\" target=\"_blank\" rel=\"noopener\"> oportunidades<\/a> de <a href=\"https:\/\/99empregos.com.br\/blog\/orthopride-tem-excelentes-opcoes-de-trabalho-fixas-veja-oportunidades\/#google_vignette\" target=\"_blank\" rel=\"noopener\">emprego<\/a> dispon\u00edveis atualmente. Confira as <a href=\"https:\/\/99empregos.com.br\/blog\/neoenergia-empresa-de-alto-impacto-no-setor-energetico-tem-vagas-confira\/\" target=\"_blank\" rel=\"noopener\">vagas<\/a> abaixo:<\/p>\n<ul>\n<li>Auxiliar de Estacionamento &#8211; Palho\u00e7a\/SC<\/li>\n<li>Reposi\u00e7\u00e3o &#8211; Palho\u00e7a\/SC<\/li>\n<li>Auxiliar de Perec\u00edveis &#8211; Palho\u00e7a\/SC<\/li>\n<li>Auxiliar de Padaria &#8211; Palho\u00e7a\/SC<\/li>\n<li>Auxiliar de Perec\u00edveis &#8211; Cuiab\u00e1\/MT<\/li>\n<li>Analista de Planejamento Financeiro &#8211; Cuiab\u00e1\/MT<\/li>\n<li>Repositor de Abastecimento Noturno &#8211; S\u00e3o Bernardo do Campo\/SP<\/li>\n<li>Repositor &#8211; V\u00e1rzea Grande\/MT<\/li>\n<li>Auxiliar de Perec\u00edveis &#8211; V\u00e1rzea Grande\/MT<\/li>\n<li>Auxiliar de Perec\u00edveis &#8211; V\u00e1rzea Grande\/MT<\/li>\n<li>Auxiliar de Perec\u00edveis &#8211; V\u00e1rzea Grande\/MT<\/li>\n<li>Operador de Caixa &#8211; Cuiab\u00e1\/MT<\/li>\n<li>T\u00e9cnico de Seguran\u00e7a do Trabalho &#8211; Balne\u00e1rio Cambori\u00fa\/SC<\/li>\n<li>Repositor e Operador Madrugada &#8211; Campo Grande\/MS<\/li>\n<li>Repositor e Operador Madrugada &#8211; Campo Grande\/MS<\/li>\n<li>Repositor e Operador Madrugada &#8211; Campo Grande\/MS<\/li>\n<li>Repositor e Operador Madrugada &#8211; Campo Grande\/MS<\/li>\n<li>Repositor e Operador Madrugada &#8211; Campo Grande\/MS<\/li>\n<li>Repositor e Operador Madrugada &#8211; Campo Grande\/MS<\/li>\n<li>Auxiliar de Servi\u00e7os Gerais &#8211; Campo Grande\/MS<\/li>\n<li>Operador de Caixa &#8211; Dourados\/MS<\/li>\n<li>Atendente de A\u00e7ougue &#8211; Itaja\u00ed\/SC<\/li>\n<\/ul>\n<\/div>\n<\/div>\n<\/div>\n<\/div>\n<h2><strong>Sobre o Grupo Pereira<\/strong><\/h2>\n<p>A empresa oferece um sal\u00e1rio compat\u00edvel com o mercado de trabalho e o colaborador pode contar com os seguintes benef\u00edcios: vale-transporte, vale-refei\u00e7\u00e3o, seguro de vida, assist\u00eancia m\u00e9dica e assist\u00eancia odontol\u00f3gica.<\/p>\n<h2><b>Saiba como concorrer as vagas dispon\u00edveis\u00a0<\/b><\/h2>\n<p>O processo para se candidatar as vagas do Grupo Pereira \u00e9 simples, ao clicar nesse <a href=\"https:\/\/99empregos.com.br\/vaga\/grupo-pereira-varejista-de-alta-relevancia-no-mercado-tem-vagas-confira\/\" target=\"_blank\" rel=\"noopener\">link<\/a>,\u00a0voc\u00ea poder\u00e1 clicar em Candidatar que voc\u00ea ser\u00e1 redirecionado para a \u00e1rea Trabalhe Conosco da empresa. L\u00e1, voc\u00ea ter\u00e1 acesso as diversas vagas e, ao escolher a que se encaixa no seu perfil clique em: Ver descri\u00e7\u00e3o da vaga.<\/p>\n<p>Em seguida, certifique-se de preencher os pr\u00e9-requisitos. Depois \u00e9 s\u00f3 clicar em Inscreva-se e anexar o seu curr\u00edculo. Voc\u00ea pode ainda cadastrar o seu curr\u00edculo no banco de vagas caso n\u00e3o encontre uma vaga.<\/p>\n<\/div>\n<\/div>\n<\/div>\n<\/div>\n<\/div>\n<\/div>\n<\/div>\n<\/div>\n","protected":false},"excerpt":{"rendered":"<p>O Grupo Pereira figura entre os oito principais varejistas do Brasil. Estabelecido em 1962, o grupo adota uma abordagem multicanal e oferece um amplo conjunto de solu\u00e7\u00f5es, proporcionando solu\u00e7\u00f5es personalizadas segmentadas por \u00e1rea de atua\u00e7\u00e3o. Essas \u00e1reas compreendem: Fort Atacadista (atacarejo), SempreFort (varejo farmac\u00eautico), Fort Posto (combust\u00edvel), Comper (supermercado), Bate Forte (atacado distribuidor), al\u00e9m de [&hellip;]<\/p>\n","protected":false},"author":13,"featured_media":55082,"comment_status":"open","ping_status":"closed","sticky":false,"template":"","format":"standard","meta":{"footnotes":""},"categories":[15],"tags":[1401,1402,2683],"class_list":["post-55081","post","type-post","status-publish","format-standard","has-post-thumbnail","hentry","category-vagas","tag-nivel-medio","tag-nivel-superior","tag-nivel-tecnico"],"_links":{"self":[{"href":"https:\/\/99empregos.com.br\/blog\/wp-json\/wp\/v2\/posts\/55081","targetHints":{"allow":["GET"]}}],"collection":[{"href":"https:\/\/99empregos.com.br\/blog\/wp-json\/wp\/v2\/posts"}],"about":[{"href":"https:\/\/99empregos.com.br\/blog\/wp-json\/wp\/v2\/types\/post"}],"author":[{"embeddable":true,"href":"https:\/\/99empregos.com.br\/blog\/wp-json\/wp\/v2\/users\/13"}],"replies":[{"embeddable":true,"href":"https:\/\/99empregos.com.br\/blog\/wp-json\/wp\/v2\/comments?post=55081"}],"version-history":[{"count":0,"href":"https:\/\/99empregos.com.br\/blog\/wp-json\/wp\/v2\/posts\/55081\/revisions"}],"wp:featuredmedia":[{"embeddable":true,"href":"https:\/\/99empregos.com.br\/blog\/wp-json\/wp\/v2\/media\/55082"}],"wp:attachment":[{"href":"https:\/\/99empregos.com.br\/blog\/wp-json\/wp\/v2\/media?parent=55081"}],"wp:term":[{"taxonomy":"category","embeddable":true,"href":"https:\/\/99empregos.com.br\/blog\/wp-json\/wp\/v2\/categories?post=55081"},{"taxonomy":"post_tag","embeddable":true,"href":"https:\/\/99empregos.com.br\/blog\/wp-json\/wp\/v2\/tags?post=55081"}],"curies":[{"name":"wp","href":"https:\/\/api.w.org\/{rel}","templated":true}]}}