{"id":55452,"date":"2024-04-17T16:35:38","date_gmt":"2024-04-17T19:35:38","guid":{"rendered":"https:\/\/123empregos.com.br\/blog\/?p=55452"},"modified":"2024-04-17T16:39:07","modified_gmt":"2024-04-17T19:39:07","slug":"banco-itau-esta-com-vagas-de-emprego-abertas-saiba-mais","status":"publish","type":"post","link":"https:\/\/99empregos.com.br\/blog\/banco-itau-esta-com-vagas-de-emprego-abertas-saiba-mais\/","title":{"rendered":"Banco Ita\u00fa est\u00e1 com VAGAS de EMPREGO ABERTAS; saiba mais"},"content":{"rendered":"<p>O <strong>Ita\u00fa <\/strong>\u00e9 um banco brasileiro com renome internacional, conhecido pelo seu compromisso com a qualidade dos servi\u00e7os e a satisfa\u00e7\u00e3o do cliente. Esta mat\u00e9ria do 123empregos discute um pouco da hist\u00f3ria e trajet\u00f3ria do Ita\u00fa, e tamb\u00e9m detalhar\u00e1 as vagas de emprego dispon\u00edveis, com foco especial para a posi\u00e7\u00e3o de Analista S\u00eanior de Projetos de Comunica\u00e7\u00e3o.<\/p>\n<h2>A Hist\u00f3ria do Ita\u00fa<\/h2>\n<p>O Ita\u00fa foi fundado em 1945, por Alfredo Egydio de Souza Aranha, com o nome de Banco Central de Cr\u00e9dito. Na \u00e9poca, o banco tinha um capital de apenas 27 milh\u00f5es de cruzeiros, um valor muito modesto comparado ao seu valor atual.<\/p>\n<p>Ao longo dos anos, o Ita\u00fa passou por v\u00e1rias fus\u00f5es e aquisi\u00e7\u00f5es que contribu\u00edram para o seu crescimento. Em 2008, o Ita\u00fa uniu-se ao Unibanco, criando o maior banco privado do hemisf\u00e9rio sul.<\/p>\n<p>Hoje, o Ita\u00fa tem presen\u00e7a em 19 pa\u00edses e atende a mais de 55 milh\u00f5es de clientes. O banco oferece uma gama completa de servi\u00e7os financeiros, que incluem banking para pessoas f\u00edsicas e jur\u00eddicas, opera\u00e7\u00f5es de cr\u00e9dito e d\u00e9bito, atividades de seguros, investimentos em renda fixa, gest\u00e3o de ativos, servi\u00e7os de cust\u00f3dia e corretagem de valores mobili\u00e1rios, entre outros.<\/p>\n<h2>A Miss\u00e3o do Ita\u00fa<\/h2>\n<p>A miss\u00e3o do Ita\u00fa \u00e9 &#8220;estimular o poder de transforma\u00e7\u00e3o das pessoas&#8221;. Para isso, o banco investe na forma\u00e7\u00e3o e desenvolvimento de seus colaboradores, al\u00e9m de promover a\u00e7\u00f5es que contribuem para a sustentabilidade econ\u00f4mica, social e ambiental.<\/p>\n<h2>Vagas de Emprego no Ita\u00fa<\/h2>\n<p>O Ita\u00fa \u00e9 conhecido por ser um \u00f3timo lugar para trabalhar. O banco valoriza a diversidade e inclus\u00e3o, e oferece um ambiente de trabalho que promove o crescimento pessoal e profissional.<\/p>\n<p>Atualmente, o Ita\u00fa tem diversas <a href=\"https:\/\/99empregos.com.br\/blog\/mercado-livre-abre-vagas-de-emprego\/\"><strong>vagas de emprego<\/strong><\/a> abertas. Entre elas, destaca-se a posi\u00e7\u00e3o de Analista S\u00eanior de Projetos de Comunica\u00e7\u00e3o.<\/p>\n<h3>Analista S\u00eanior de Projetos de Comunica\u00e7\u00e3o<\/h3>\n<h4>RESPONSABILIDADES E ATRIBUI\u00c7\u00d5ES<\/h4>\n<p>O Analista S\u00eanior de Projetos de Comunica\u00e7\u00e3o ser\u00e1 respons\u00e1vel por:<\/p>\n<ul class=\"!whitespace-normal list-disc ml-5\">\n<li>Liderar projeto de mapeamento de personas e estrat\u00e9gias de personaliza\u00e7\u00e3o da comunica\u00e7\u00e3o;<\/li>\n<li>Atuar no desenvolvimento e gerenciamento de ferramenta digital de comunica\u00e7\u00e3o interna;<\/li>\n<li>Elabora\u00e7\u00e3o do planejamento estrat\u00e9gico de comunica\u00e7\u00e3o e engajamento;<\/li>\n<li>Analisar m\u00e9tricas de engajamento e desempenho de comunica\u00e7\u00e3o;<\/li>\n<li>Realiza\u00e7\u00e3o de testes e an\u00e1lise de resultados de comunica\u00e7\u00e3o e seus impactos no neg\u00f3cio.<\/li>\n<\/ul>\n<h4>REQUISITOS E QUALIFICA\u00c7\u00d5ES<\/h4>\n<p>Os candidatos a esta <a href=\"https:\/\/99empregos.com.br\/blog\/nestle-abre-vagas-de-emprego-saiba-como-se-candidatar\/\"><strong>vaga<\/strong><\/a> devem ter:<\/p>\n<ul class=\"!whitespace-normal list-disc ml-5\">\n<li>Forma\u00e7\u00e3o superior completa;<\/li>\n<li>Gest\u00e3o de projetos (capacidade de conceituar, estruturar e acompanhar demandas complexas);<\/li>\n<li>Conhecimento de metodologias \u00e1geis e design thinking;<\/li>\n<li>Planejamento de comunica\u00e7\u00e3o;<\/li>\n<li>Elabora\u00e7\u00e3o de apresenta\u00e7\u00f5es;<\/li>\n<li>Experi\u00eancia pr\u00e9via com implanta\u00e7\u00e3o de ferramentas de comunica\u00e7\u00e3o interna \u00e9 um diferencial.<\/li>\n<\/ul>\n<p>BENEF\u00cdCIOS OFERECIDOS PELO ITA\u00da<\/p>\n<p>Os selecionados para esta vaga ter\u00e3o os seguintes benef\u00edcios:<\/p>\n<ul>\n<li>Vale-Refei\u00e7\u00e3o<\/li>\n<li>Vale-Transporte<\/li>\n<li>Vale-Alimenta\u00e7\u00e3o<\/li>\n<li>Aux\u00edlio Creche<\/li>\n<li>Assist. M\u00e9dica<\/li>\n<li>Assist. Odontol\u00f3gica<\/li>\n<li>Seguro de vida<\/li>\n<li>Conv\u00eanio com o Gympass e Totalpass;<\/li>\n<li>Conv\u00eanio com a Univers (Drogasil e Droga Raia);<\/li>\n<li>Visitas, reservas e hospedagem no Ita\u00fa Unibanco Clube (Guarapiranga, Itanha\u00e9m e S\u00e3o Sebasti\u00e3o);<\/li>\n<li>Programa IUPP (vantagens e descontos em lojas e servi\u00e7os de diversos parceiros no Brasil e na Am\u00e9rica Latina);<\/li>\n<li>Check-up Anual (Colaboradores +40)<\/li>\n<li>Programa Fique OK<\/li>\n<\/ul>\n<h4>PROCESSO SELETIVO<\/h4>\n<p>O processo seletivo para a vaga de Analista S\u00eanior de Projetos de Comunica\u00e7\u00e3o inclui:<\/p>\n<ol class=\"!whitespace-normal list-decimal ml-5\">\n<li><span aria-hidden=\"true\">Cadastro<\/span><\/li>\n<li><span class=\"sc-dfd42894-0 bzQMFp\">Etapa 2: Triagem<\/span><\/li>\n<li><span class=\"sc-dfd42894-0 bzQMFp\">Etapa 3: Avalia\u00e7\u00e3o &#8211; Time de Sele\u00e7\u00e3o<\/span><\/li>\n<li><span class=\"sc-dfd42894-0 bzQMFp\">Etapa 4: Bate papo com a Lideran\u00e7a<\/span><\/li>\n<li><span class=\"sc-dfd42894-0 bzQMFp\">Etapa 5: Deu Match! Vem pro nosso tim<\/span><\/li>\n<li><span class=\"sc-dfd42894-0 bzQMFp\">Etapa 6: Em Admiss\u00e3o<\/span><\/li>\n<li><span class=\"sc-dfd42894-0 bzQMFp\">Etapa 7: Contrata\u00e7\u00e3o<\/span><\/li>\n<\/ol>\n<h4>COMO SE CANDIDATAR<\/h4>\n<p>Os interessados na <a href=\"https:\/\/99empregos.com.br\/blog\/distribuidora-de-medicamentos-santa-cruz-tem-boas-vagas-confira\/\"><strong>vaga<\/strong><\/a> de Analista S\u00eanior de Projetos de Comunica\u00e7\u00e3o do Ita\u00fa devem se candidatar <a href=\"https:\/\/vemproitau.gupy.io\/jobs\/6992897\" target=\"_blank\" rel=\"noopener\">clicando aqui<\/a>. \u00c9 importante que os candidatos preencham o formul\u00e1rio de inscri\u00e7\u00e3o com aten\u00e7\u00e3o e forne\u00e7am todas as informa\u00e7\u00f5es solicitadas.<\/p>\n<p>Trabalhar no Ita\u00fa \u00e9 uma excelente oportunidade para quem busca desenvolvimento profissional e um ambiente de trabalho inclusivo e acolhedor. Se voc\u00ea se identifica com os valores do Ita\u00fa e possui as qualifica\u00e7\u00f5es necess\u00e1rias, n\u00e3o perca a oportunidade de se candidatar!<\/p>\n","protected":false},"excerpt":{"rendered":"<p>O Ita\u00fa \u00e9 um banco brasileiro com renome internacional, conhecido pelo seu compromisso com a qualidade dos servi\u00e7os e a satisfa\u00e7\u00e3o do cliente. Esta mat\u00e9ria do 123empregos discute um pouco da hist\u00f3ria e trajet\u00f3ria do Ita\u00fa, e tamb\u00e9m detalhar\u00e1 as vagas de emprego dispon\u00edveis, com foco especial para a posi\u00e7\u00e3o de Analista S\u00eanior de Projetos [&hellip;]<\/p>\n","protected":false},"author":24,"featured_media":55453,"comment_status":"open","ping_status":"closed","sticky":false,"template":"","format":"standard","meta":{"footnotes":""},"categories":[15],"tags":[102,331,37,16,5255],"class_list":["post-55452","post","type-post","status-publish","format-standard","has-post-thumbnail","hentry","category-vagas","tag-itau","tag-itau-vagas","tag-vagas","tag-vagas-de-emprego","tag-vagas-no-itau"],"_links":{"self":[{"href":"https:\/\/99empregos.com.br\/blog\/wp-json\/wp\/v2\/posts\/55452","targetHints":{"allow":["GET"]}}],"collection":[{"href":"https:\/\/99empregos.com.br\/blog\/wp-json\/wp\/v2\/posts"}],"about":[{"href":"https:\/\/99empregos.com.br\/blog\/wp-json\/wp\/v2\/types\/post"}],"author":[{"embeddable":true,"href":"https:\/\/99empregos.com.br\/blog\/wp-json\/wp\/v2\/users\/24"}],"replies":[{"embeddable":true,"href":"https:\/\/99empregos.com.br\/blog\/wp-json\/wp\/v2\/comments?post=55452"}],"version-history":[{"count":0,"href":"https:\/\/99empregos.com.br\/blog\/wp-json\/wp\/v2\/posts\/55452\/revisions"}],"wp:featuredmedia":[{"embeddable":true,"href":"https:\/\/99empregos.com.br\/blog\/wp-json\/wp\/v2\/media\/55453"}],"wp:attachment":[{"href":"https:\/\/99empregos.com.br\/blog\/wp-json\/wp\/v2\/media?parent=55452"}],"wp:term":[{"taxonomy":"category","embeddable":true,"href":"https:\/\/99empregos.com.br\/blog\/wp-json\/wp\/v2\/categories?post=55452"},{"taxonomy":"post_tag","embeddable":true,"href":"https:\/\/99empregos.com.br\/blog\/wp-json\/wp\/v2\/tags?post=55452"}],"curies":[{"name":"wp","href":"https:\/\/api.w.org\/{rel}","templated":true}]}}