{"id":57061,"date":"2024-05-12T18:28:36","date_gmt":"2024-05-12T21:28:36","guid":{"rendered":"https:\/\/123empregos.com.br\/blog\/?p=57061"},"modified":"2025-05-12T16:11:54","modified_gmt":"2025-05-12T19:11:54","slug":"brasilcenter-empresa-de-call-center-tem-vagas-disponiveis-veja","status":"publish","type":"post","link":"https:\/\/99empregos.com.br\/blog\/brasilcenter-empresa-de-call-center-tem-vagas-disponiveis-veja\/","title":{"rendered":"BrasilCenter: Empresa de CALL CENTER tem vagas dispon\u00edveis, veja"},"content":{"rendered":"<div class=\"flex-1 overflow-hidden\">\n<div class=\"react-scroll-to-bottom--css-ukand-79elbk h-full\">\n<div class=\"react-scroll-to-bottom--css-ukand-1n7m0yu\">\n<div class=\"flex flex-col text-sm pb-9\">\n<div class=\"w-full text-token-text-primary\" dir=\"auto\" data-testid=\"conversation-turn-7\" data-scroll-anchor=\"true\">\n<div class=\"py-2 px-3 text-base md:px-4 m-auto md:px-5 lg:px-1 xl:px-5\">\n<div class=\"mx-auto flex flex-1 gap-3 text-base juice:gap-4 juice:md:gap-6 md:max-w-3xl lg:max-w-[40rem] xl:max-w-[48rem]\">\n<div class=\"relative flex w-full min-w-0 flex-col agent-turn\">\n<div class=\"flex-col gap-1 md:gap-3\">\n<div class=\"flex flex-grow flex-col max-w-full\">\n<div class=\"min-h-[20px] text-message flex flex-col items-start whitespace-pre-wrap break-words [.text-message+&amp;]:mt-5 juice:w-full juice:items-end overflow-x-auto gap-3\" dir=\"auto\" data-message-author-role=\"assistant\" data-message-id=\"31a52ef6-da67-441c-b990-98653b8b7080\">\n<div class=\"markdown prose w-full break-words dark:prose-invert light\">\n<p>A BrasilCenter \u00e9 uma empresa l\u00edder no setor de Call Center desde sua funda\u00e7\u00e3o em 1998. Reconhecida por sua excel\u00eancia no atendimento ao cliente, a empresa recebeu diversos pr\u00eamios em reconhecimento a essa qualidade de servi\u00e7o.<\/p>\n<p>Esse reconhecimento \u00e9 resultado de uma gest\u00e3o excepcional que coloca a humanidade e o respeito como valores fundamentais em todas as suas opera\u00e7\u00f5es.<\/p>\n<p>Com presen\u00e7a nacional, a empresa tem sede em v\u00e1rias cidades estrategicamente selecionadas, especialmente aquelas com grande concentra\u00e7\u00e3o de m\u00e3o de obra jovem, como Ribeir\u00e3o Preto (SP), Goi\u00e2nia (GO), Vila Velha (ES), Rio de Janeiro (RJ), Maca\u00e9 (RJ) e Juiz de Fora (MG).<\/p>\n<p>A equipe da BrasilCenter \u00e9 composta principalmente por jovens que est\u00e3o ingressando no mercado de trabalho. Isso se deve \u00e0 pol\u00edtica de aprendizado intensiva oferecida pela empresa, que inclui planos de carreira e uma variedade de benef\u00edcios.<\/p>\n<p>Essa abordagem promove um ambiente de trabalho proativo e din\u00e2mico, resultando em um atendimento de alta qualidade com solu\u00e7\u00f5es eficazes.<\/p>\n<p>O sucesso da BrasilCenter \u00e9 evidenciado pelo seu impressionante portf\u00f3lio de clientes, que inclui marcas de renome nacional, como Claro, Anatel, Procon e Ouvidoria, entre outras.<\/p>\n<p>Devido \u00e0 crescente demanda de clientes, a empresa est\u00e1 constantemente buscando novos<a href=\"https:\/\/99empregos.com.br\/blog\/riachuelo-rede-tem-vagas-em-todos-os-estados-do-pais-confira\/\" target=\"_blank\" rel=\"noopener\"> colaboradores<\/a> em diferentes setores e n\u00edveis de <a href=\"https:\/\/99empregos.com.br\/blog\/spot-rede-fundada-em-2003-com-foco-em-gestao-tem-vagas-veja\/\" target=\"_blank\" rel=\"noopener\">escolaridade<\/a>. Abaixo est\u00e3o algumas das <a href=\"https:\/\/99empregos.com.br\/blog\/nagumo-rede-de-supermercados-tem-otimas-vagas-confira\/\" target=\"_blank\" rel=\"noopener\">vagas<\/a> atualmente dispon\u00edveis:<\/p>\n<ul>\n<li>Vendedor Externo &#8211; Santa Catarina<\/li>\n<li>Vendedor Externo &#8211; Santa Catarina<\/li>\n<li>Vendedor Externo &#8211; Santa Catarina<\/li>\n<li>Vendedor Externo &#8211; Santa Catarina<\/li>\n<li>Vendedor Externo &#8211; Santa Catarina<\/li>\n<li>Vendedor Externo &#8211; Santa Catarina<\/li>\n<li>Vendedor Externo &#8211; Santa Catarina<\/li>\n<li>Vendedor Externo &#8211; Santa Catarina<\/li>\n<li>Vendedor Externo &#8211; Santa Catarina<\/li>\n<li>Vendedor Externo &#8211; Santa Catarina<\/li>\n<li>Supervisor de Vendas Externas &#8211; Goi\u00e2nia\/GO<\/li>\n<li>Supervisor de Vendas Externas &#8211; Goi\u00e2nia\/GO<\/li>\n<li>Supervisor de Vendas Externas &#8211; Belo Horizonte\/MG<\/li>\n<li>Supervisor de Vendas Externas &#8211; Belo Horizonte\/MG<\/li>\n<\/ul>\n<\/div>\n<\/div>\n<\/div>\n<\/div>\n<div class=\"absolute\">\n<h2 class=\"flex w-full gap-2 items-center justify-center\"><strong>Sobre a BrasilCenter\u00a0<\/strong><\/h2>\n<\/div>\n<\/div>\n<\/div>\n<\/div>\n<\/div>\n<\/div>\n<\/div>\n<\/div>\n<\/div>\n<div class=\"w-full md:pt-0 dark:border-white\/20 md:border-transparent md:dark:border-transparent md:w-[calc(100%-.5rem)] juice:w-full\">\n<div class=\"px-3 text-base md:px-4 m-auto md:px-5 lg:px-1 xl:px-5\">\n<div class=\"mx-auto flex flex-1 gap-3 text-base juice:gap-4 juice:md:gap-6 md:max-w-3xl lg:max-w-[40rem] xl:max-w-[48rem]\">\n<div class=\"relative flex h-full max-w-full flex-1 flex-col\">\n<div class=\"flex w-full items-center\">\n<p>A empresa oferece um sal\u00e1rio compat\u00edvel com o mercado de trabalho e o colaborador pode contar com os seguintes benef\u00edcios: vale-transporte, vale-refei\u00e7\u00e3o, seguro de vida, assist\u00eancia m\u00e9dica e assist\u00eancia odontol\u00f3gica.<\/p>\n<h2><b>Saiba como concorrer as vagas dispon\u00edveis\u00a0<\/b><\/h2>\n<p>O processo para se candidatar as vagas da Spot \u00e9 simples, ao clicar nesse<a href=\"https:\/\/99empregos.com.br\/vaga\/brasilcenter-empresa-de-call-center-tem-vagas-disponiveis-veja\/\" target=\"_blank\" rel=\"noopener\">\u00a0link<\/a>,\u00a0voc\u00ea poder\u00e1 clicar em Candidatar que voc\u00ea ser\u00e1 redirecionado para a \u00e1rea Trabalhe Conosco da empresa. L\u00e1, voc\u00ea ter\u00e1 acesso as diversas vagas e, ao escolher a que se encaixa no seu perfil clique em: Ver descri\u00e7\u00e3o da vaga.<\/p>\n<p>Em seguida, certifique-se de preencher os pr\u00e9-requisitos. Depois \u00e9 s\u00f3 clicar em Inscreva-se e anexar o seu curr\u00edculo. Voc\u00ea pode ainda cadastrar o seu curr\u00edculo no banco de vagas caso n\u00e3o encontre uma vaga.<\/p>\n<\/div>\n<\/div>\n<\/div>\n<\/div>\n<\/div>\n","protected":false},"excerpt":{"rendered":"<p>A BrasilCenter \u00e9 uma empresa l\u00edder no setor de Call Center desde sua funda\u00e7\u00e3o em 1998. Reconhecida por sua excel\u00eancia no atendimento ao cliente, a empresa recebeu diversos pr\u00eamios em reconhecimento a essa qualidade de servi\u00e7o. Esse reconhecimento \u00e9 resultado de uma gest\u00e3o excepcional que coloca a humanidade e o respeito como valores fundamentais em [&hellip;]<\/p>\n","protected":false},"author":13,"featured_media":57062,"comment_status":"open","ping_status":"closed","sticky":false,"template":"","format":"standard","meta":{"footnotes":""},"categories":[15],"tags":[1401,1402,2683],"class_list":["post-57061","post","type-post","status-publish","format-standard","has-post-thumbnail","hentry","category-vagas","tag-nivel-medio","tag-nivel-superior","tag-nivel-tecnico"],"_links":{"self":[{"href":"https:\/\/99empregos.com.br\/blog\/wp-json\/wp\/v2\/posts\/57061","targetHints":{"allow":["GET"]}}],"collection":[{"href":"https:\/\/99empregos.com.br\/blog\/wp-json\/wp\/v2\/posts"}],"about":[{"href":"https:\/\/99empregos.com.br\/blog\/wp-json\/wp\/v2\/types\/post"}],"author":[{"embeddable":true,"href":"https:\/\/99empregos.com.br\/blog\/wp-json\/wp\/v2\/users\/13"}],"replies":[{"embeddable":true,"href":"https:\/\/99empregos.com.br\/blog\/wp-json\/wp\/v2\/comments?post=57061"}],"version-history":[{"count":0,"href":"https:\/\/99empregos.com.br\/blog\/wp-json\/wp\/v2\/posts\/57061\/revisions"}],"wp:featuredmedia":[{"embeddable":true,"href":"https:\/\/99empregos.com.br\/blog\/wp-json\/wp\/v2\/media\/57062"}],"wp:attachment":[{"href":"https:\/\/99empregos.com.br\/blog\/wp-json\/wp\/v2\/media?parent=57061"}],"wp:term":[{"taxonomy":"category","embeddable":true,"href":"https:\/\/99empregos.com.br\/blog\/wp-json\/wp\/v2\/categories?post=57061"},{"taxonomy":"post_tag","embeddable":true,"href":"https:\/\/99empregos.com.br\/blog\/wp-json\/wp\/v2\/tags?post=57061"}],"curies":[{"name":"wp","href":"https:\/\/api.w.org\/{rel}","templated":true}]}}