{"id":57422,"date":"2024-05-18T19:08:45","date_gmt":"2024-05-18T22:08:45","guid":{"rendered":"https:\/\/123empregos.com.br\/blog\/?p=57422"},"modified":"2024-05-18T19:08:45","modified_gmt":"2024-05-18T22:08:45","slug":"vale-rede-de-mineracao-de-minerio-de-ferro-tem-oportunidades-veja","status":"publish","type":"post","link":"https:\/\/99empregos.com.br\/blog\/vale-rede-de-mineracao-de-minerio-de-ferro-tem-oportunidades-veja\/","title":{"rendered":"Vale: Rede de minera\u00e7\u00e3o de min\u00e9rio de FERRO tem oportunidades, veja"},"content":{"rendered":"<div class=\"flex-1 overflow-hidden\">\n<div class=\"react-scroll-to-bottom--css-nhfpn-79elbk h-full\">\n<div class=\"react-scroll-to-bottom--css-nhfpn-1n7m0yu\">\n<div class=\"flex flex-col text-sm\">\n<div class=\"w-full text-token-text-primary\" dir=\"auto\" data-testid=\"conversation-turn-5\" data-scroll-anchor=\"true\">\n<div class=\"py-2 juice:py-[18px] px-3 text-base md:px-4 m-auto md:px-5 lg:px-1 xl:px-5\">\n<div class=\"mx-auto flex flex-1 gap-3 text-base juice:gap-4 juice:md:gap-6 md:max-w-3xl lg:max-w-[40rem] xl:max-w-[48rem]\">\n<div class=\"group\/conversation-turn relative flex w-full min-w-0 flex-col agent-turn\">\n<div class=\"flex-col gap-1 md:gap-3\">\n<div class=\"flex flex-grow flex-col max-w-full\">\n<div class=\"min-h-[20px] text-message flex flex-col items-start whitespace-pre-wrap break-words [.text-message+&amp;]:mt-5 juice:w-full juice:items-end overflow-x-auto gap-2\" dir=\"auto\" data-message-author-role=\"assistant\" data-message-id=\"c865d625-dbd7-4588-bb6c-75ae1560ef02\">\n<div class=\"flex w-full flex-col gap-1 juice:empty:hidden juice:first:pt-[3px]\">\n<div class=\"markdown prose w-full break-words dark:prose-invert light\">\n<p>A Vale \u00e9 a principal empresa de minera\u00e7\u00e3o voltada para a extra\u00e7\u00e3o de min\u00e9rio de ferro no Brasil. Estabelecida em 1942, a empresa se tornou uma figura proeminente no cen\u00e1rio global da minera\u00e7\u00e3o, com opera\u00e7\u00f5es em mais de 20 pa\u00edses.<\/p>\n<p>Concentrando-se principalmente na extra\u00e7\u00e3o de min\u00e9rio de ferro, principalmente na cidade de Itabira, em Minas Gerais, a Vale expandiu suas opera\u00e7\u00f5es para o estado do Par\u00e1. Al\u00e9m da minera\u00e7\u00e3o, a empresa tamb\u00e9m est\u00e1 envolvida em atividades log\u00edsticas, incluindo ferrovias, portos e terminais que ela pr\u00f3pria desenvolveu.<\/p>\n<p>Al\u00e9m de suas atividades de minera\u00e7\u00e3o, a Vale tamb\u00e9m tem presen\u00e7a nos setores de energia e siderurgia, contribuindo significativamente para a economia nacional e proporcionando uma ampla gama de oportunidades de emprego em diferentes setores e regi\u00f5es, abrangendo diversos n\u00edveis de qualifica\u00e7\u00e3o. A empresa est\u00e1 empenhada em promover o desenvolvimento de seus funcion\u00e1rios e das comunidades onde opera.<\/p>\n<p>A equipe da Vale est\u00e1 em constante crescimento, e a empresa busca recrutar profissionais comprometidos e \u00e9ticos em diversos campos. Confira algumas das <a href=\"https:\/\/99empregos.com.br\/blog\/grupo-rojemac-tem-vagas-com-oportunidades-de-crescimento-veja\/\" target=\"_blank\" rel=\"noopener\">oportunidades<\/a> dispon\u00edveis para se juntar a este <a href=\"https:\/\/99empregos.com.br\/blog\/samarco-empresa-de-alto-impacto-na-mineracao-tem-vagas-confira\/\" target=\"_blank\" rel=\"noopener\">time<\/a>, que oferece uma s\u00e9rie de benef\u00edcios e<a href=\"https:\/\/99empregos.com.br\/blog\/123-milhas-rede-com-foco-em-gestao-de-milhas-tem-vagas-confira\/\" target=\"_blank\" rel=\"noopener\"> oportunidades<\/a> de crescimento profissional:<\/p>\n<ul>\n<li>Coordenadora de recrutamento e sele\u00e7\u00e3o &#8211; Parauapebas\/PA<\/li>\n<li>Engenheiro de Seguran\u00e7a do Trabalho &#8211; Brumadinho\/MG<\/li>\n<li>Supervisor de Manuten\u00e7\u00e3o Preventiva &#8211; S\u00e3o Lu\u00eds\/MA<\/li>\n<li>ANL Inova\u00e7\u00e3o Pleno &#8211; Rio de Janeiro\/RJ<\/li>\n<li>Analista T\u00e9cnico de Propriedade Intelectual &#8211; Nova Lima\/MG<\/li>\n<li>Engenheiro Senior &#8211; Nova Lima\/MG<\/li>\n<li>Coordenador de Centro de Pesquisa &#8211; Nova Lima\/MG<\/li>\n<li>T\u00e9cnico de Seguran\u00e7a do Trabalho &#8211; Parauapebas\/PA<\/li>\n<li>Operadora de Equipamentos e Instala\u00e7\u00f5es &#8211; Itaguai\/RJ<\/li>\n<li>Supervisora da manuten\u00e7\u00e3o preventiva e corretiva &#8211; Itabira\/MG<\/li>\n<li>T\u00e9cnico de Planejamento de manuten\u00e7\u00e3o especializada &#8211; Nova Lima\/MG<\/li>\n<li>Supervisora de Inspec\u00e7\u00e3o de ativos &#8211; Cana\u00e3 dos Caraj\u00e1s\/PA<\/li>\n<li>Eletricista II &#8211; Nova Lima\/MG<\/li>\n<li>Mec\u00e2nica I &#8211; Cana\u00e3 dos Caraj\u00e1s\/PA<\/li>\n<li>Eletromec\u00e2nica &#8211; Bom Jesus das Selvas\/MA<\/li>\n<\/ul>\n<\/div>\n<div class=\"flex-1 overflow-hidden\">\n<div class=\"react-scroll-to-bottom--css-ukand-79elbk h-full\">\n<div class=\"react-scroll-to-bottom--css-ukand-1n7m0yu\">\n<div class=\"flex flex-col text-sm\">\n<div class=\"w-full text-token-text-primary\" dir=\"auto\" data-testid=\"conversation-turn-11\" data-scroll-anchor=\"true\">\n<div class=\"py-2 px-3 text-base md:px-4 m-auto md:px-5 lg:px-1 xl:px-5\">\n<div class=\"mx-auto flex flex-1 gap-3 text-base juice:gap-4 juice:md:gap-6 md:max-w-3xl lg:max-w-[40rem] xl:max-w-[48rem]\">\n<div class=\"relative flex w-full min-w-0 flex-col agent-turn\">\n<div class=\"flex-col gap-1 md:gap-3\">\n<div class=\"flex flex-grow flex-col max-w-full\">\n<div class=\"min-h-[20px] text-message flex flex-col items-start whitespace-pre-wrap break-words [.text-message+&amp;]:mt-5 juice:w-full juice:items-end overflow-x-auto gap-3\" dir=\"auto\" data-message-author-role=\"assistant\" data-message-id=\"da4537d3-43c1-4aab-9141-748563c02631\">\n<div class=\"markdown prose w-full break-words dark:prose-invert light\">\n<h2><strong>Sobre a Vale<\/strong><\/h2>\n<\/div>\n<\/div>\n<\/div>\n<\/div>\n<\/div>\n<\/div>\n<\/div>\n<\/div>\n<\/div>\n<\/div>\n<\/div>\n<\/div>\n<div class=\"w-full md:pt-0 dark:border-white\/20 md:border-transparent md:dark:border-transparent md:w-[calc(100%-.5rem)] juice:w-full\">\n<div class=\"px-3 text-base md:px-4 m-auto md:px-5 lg:px-1 xl:px-5\">\n<div class=\"mx-auto flex flex-1 gap-3 text-base juice:gap-4 juice:md:gap-6 md:max-w-3xl lg:max-w-[40rem] xl:max-w-[48rem]\">\n<div class=\"relative flex h-full max-w-full flex-1 flex-col\">\n<div class=\"absolute bottom-full left-0 right-0\">\n<div class=\"relative h-full w-full\">\n<div class=\"flex flex-col gap-3.5 pb-3.5 pt-2\">\n<div class=\"w-full rounded-2xl bg-token-main-surface-secondary px-5 py-3 text-token-text-primary [text-wrap:pretty] lg:mx-auto flex flex-row items-center justify-between space-x-14\">\n<p>A empresa oferece um sal\u00e1rio compat\u00edvel com o mercado de trabalho e o colaborador pode contar com os seguintes benef\u00edcios: vale-transporte, vale-refei\u00e7\u00e3o, seguro de vida, assist\u00eancia m\u00e9dica e assist\u00eancia odontol\u00f3gica.<\/p>\n<h2><b>Saiba como concorrer as vagas dispon\u00edveis\u00a0<\/b><\/h2>\n<p>O processo para se candidatar as vagas da Vale \u00e9 simples, ao clicar nesse <a href=\"https:\/\/99empregos.com.br\/vaga\/vale-rede-de-mineracao-de-minerio-de-ferro-tem-oportunidades-veja\/\" target=\"_blank\" rel=\"noopener\">link<\/a>,\u00a0voc\u00ea poder\u00e1 clicar em Candidatar que voc\u00ea ser\u00e1 redirecionado para a \u00e1rea Trabalhe Conosco da empresa. L\u00e1, voc\u00ea ter\u00e1 acesso as diversas vagas e, ao escolher a que se encaixa no seu perfil clique em: Ver descri\u00e7\u00e3o da vaga.<\/p>\n<p>Em seguida, certifique-se de preencher os pr\u00e9-requisitos. Depois \u00e9 s\u00f3 clicar em Inscreva-se e anexar o seu curr\u00edculo. Voc\u00ea pode ainda cadastrar o seu curr\u00edculo no banco de vagas caso n\u00e3o encontre uma vaga.<\/p>\n<\/div>\n<\/div>\n<\/div>\n<\/div>\n<\/div>\n<\/div>\n<\/div>\n<\/div>\n<\/div>\n<\/div>\n<\/div>\n<\/div>\n<\/div>\n<\/div>\n<\/div>\n<\/div>\n<\/div>\n<\/div>\n<\/div>\n<\/div>\n","protected":false},"excerpt":{"rendered":"<p>A Vale \u00e9 a principal empresa de minera\u00e7\u00e3o voltada para a extra\u00e7\u00e3o de min\u00e9rio de ferro no Brasil. Estabelecida em 1942, a empresa se tornou uma figura proeminente no cen\u00e1rio global da minera\u00e7\u00e3o, com opera\u00e7\u00f5es em mais de 20 pa\u00edses. Concentrando-se principalmente na extra\u00e7\u00e3o de min\u00e9rio de ferro, principalmente na cidade de Itabira, em Minas [&hellip;]<\/p>\n","protected":false},"author":13,"featured_media":57424,"comment_status":"open","ping_status":"closed","sticky":false,"template":"","format":"standard","meta":{"footnotes":""},"categories":[15],"tags":[1401,1402,2683],"class_list":["post-57422","post","type-post","status-publish","format-standard","has-post-thumbnail","hentry","category-vagas","tag-nivel-medio","tag-nivel-superior","tag-nivel-tecnico"],"_links":{"self":[{"href":"https:\/\/99empregos.com.br\/blog\/wp-json\/wp\/v2\/posts\/57422","targetHints":{"allow":["GET"]}}],"collection":[{"href":"https:\/\/99empregos.com.br\/blog\/wp-json\/wp\/v2\/posts"}],"about":[{"href":"https:\/\/99empregos.com.br\/blog\/wp-json\/wp\/v2\/types\/post"}],"author":[{"embeddable":true,"href":"https:\/\/99empregos.com.br\/blog\/wp-json\/wp\/v2\/users\/13"}],"replies":[{"embeddable":true,"href":"https:\/\/99empregos.com.br\/blog\/wp-json\/wp\/v2\/comments?post=57422"}],"version-history":[{"count":0,"href":"https:\/\/99empregos.com.br\/blog\/wp-json\/wp\/v2\/posts\/57422\/revisions"}],"wp:featuredmedia":[{"embeddable":true,"href":"https:\/\/99empregos.com.br\/blog\/wp-json\/wp\/v2\/media\/57424"}],"wp:attachment":[{"href":"https:\/\/99empregos.com.br\/blog\/wp-json\/wp\/v2\/media?parent=57422"}],"wp:term":[{"taxonomy":"category","embeddable":true,"href":"https:\/\/99empregos.com.br\/blog\/wp-json\/wp\/v2\/categories?post=57422"},{"taxonomy":"post_tag","embeddable":true,"href":"https:\/\/99empregos.com.br\/blog\/wp-json\/wp\/v2\/tags?post=57422"}],"curies":[{"name":"wp","href":"https:\/\/api.w.org\/{rel}","templated":true}]}}