{"id":57934,"date":"2024-05-28T15:34:26","date_gmt":"2024-05-28T18:34:26","guid":{"rendered":"https:\/\/123empregos.com.br\/blog\/?p=57934"},"modified":"2024-05-28T15:34:26","modified_gmt":"2024-05-28T18:34:26","slug":"bauducco-esta-com-diversas-vagas-de-emprego","status":"publish","type":"post","link":"https:\/\/99empregos.com.br\/blog\/bauducco-esta-com-diversas-vagas-de-emprego\/","title":{"rendered":"Bauducco est\u00e1 com diversas VAGAS de EMPREGO; candidate-se agora mesmo!"},"content":{"rendered":"<div class=\"max-w-[700px] mx-auto mt-8 p-2\">\n<div class=\"h-fit md:ml-2 lg:ml-0 css-1tcqj3k\">\n<p>A Bauducco \u00e9 uma das principais empresas de alimentos do Brasil, conhecida por seus deliciosos produtos de panifica\u00e7\u00e3o e confeitaria. Fundada em 1952 na cidade de S\u00e3o Paulo, a companhia construiu uma s\u00f3lida reputa\u00e7\u00e3o ao longo de d\u00e9cadas, se tornando sin\u00f4nimo de qualidade e tradi\u00e7\u00e3o. Com uma equipe dedicada e um compromisso com a excel\u00eancia, a Bauducco se destaca como um ambiente ideal para quem busca crescimento profissional.<\/p>\n<h2>Vagas de Emprego na Bauducco<\/h2>\n<p>Atualmente, a Bauducco est\u00e1 oferecendo diversas vagas de emprego em diferentes \u00e1reas e n\u00edveis de experi\u00eancia. Desde posi\u00e7\u00f5es de entrada at\u00e9 cargos de lideran\u00e7a, h\u00e1 <a href=\"https:\/\/99empregos.com.br\/blog\/cervejaria-ambev-esta-com-vagas-abertas-para-pessoas-com-ensino-medio\/\"><strong>vagas<\/strong><\/a> para profissionais talentosos que desejam fazer parte de uma empresa l\u00edder no setor aliment\u00edcio. Veja abaixo algumas <a href=\"https:\/\/99empregos.com.br\/blog\/sodexo-esta-com-mais-de-300-vagas\/\"><strong>vagas<\/strong><\/a> dispon\u00edveis:<\/p>\n<h3>Auxiliar Geral &#8211; Lojas<\/h3>\n<h4>Responsabilidades e Atribui\u00e7\u00f5es<\/h4>\n<ul class=\"!whitespace-normal list-disc ml-5\">\n<li class=\"pb-1\">Receber, conferir e descarregar mercadorias que chegam \u00e0s lojas;<\/li>\n<li class=\"pb-1\">Operar a transpaleteira (se habilitado);<\/li>\n<li class=\"pb-1\">Mover mercadorias para o estoque e do estoque para a loja;<\/li>\n<li class=\"pb-1\">Separar, conferir e carregar mercadorias vendidas no atacado.<\/li>\n<\/ul>\n<h4>Requisitos e Qualifica\u00e7\u00f5es<\/h4>\n<ul class=\"!whitespace-normal list-disc ml-5\">\n<li class=\"pb-1\">Ensino m\u00e9dio completo;<\/li>\n<li class=\"pb-1\">Curso de Opera\u00e7\u00e3o de Transpaleteira;<\/li>\n<li class=\"pb-1\">Ensino fundamental completo (desej\u00e1vel ensino m\u00e9dio).<\/li>\n<\/ul>\n<h3>Analista Administrativo PL<\/h3>\n<h4>Responsabilidades e Atribui\u00e7\u00f5es<\/h4>\n<ul class=\"!whitespace-normal list-disc ml-5\">\n<li class=\"pb-1\">Acompanhar e controlar os indicadores de desempenho da \u00e1rea;<\/li>\n<li class=\"pb-1\">Elaborar relat\u00f3rios gerenciais e an\u00e1lises cr\u00edticas;<\/li>\n<li class=\"pb-1\">Auxiliar na gest\u00e3o de equipes e no desenvolvimento de processos;<\/li>\n<li class=\"pb-1\">Participar de projetos estrat\u00e9gicos e de melhoria cont\u00ednua.<\/li>\n<\/ul>\n<h4>Requisitos e Qualifica\u00e7\u00f5es<\/h4>\n<ul class=\"!whitespace-normal list-disc ml-5\">\n<li class=\"pb-1\">Forma\u00e7\u00e3o superior em Administra\u00e7\u00e3o, Log\u00edstica ou \u00e1reas afins;<\/li>\n<li class=\"pb-1\">Experi\u00eancia pr\u00e9via em cargos administrativos;<\/li>\n<li class=\"pb-1\">Conhecimentos avan\u00e7ados em pacote Office e sistemas ERP;<\/li>\n<\/ul>\n<figure id=\"attachment_55586\" aria-describedby=\"caption-attachment-55586\" style=\"width: 690px\" class=\"wp-caption aligncenter\"><img decoding=\"async\" class=\"wp-image-55586 \" src=\"https:\/\/99empregos.com.br\/blog\/wp-content\/uploads\/2024\/04\/bauducco-900x750-1.jpeg\" alt=\"Bauducco est\u00e1 com diversas VAGAS de EMPREGO; candidate-se agora mesmo!\" width=\"690\" height=\"575\" srcset=\"https:\/\/99empregos.com.br\/blog\/wp-content\/uploads\/2024\/04\/bauducco-900x750-1.jpeg 900w, https:\/\/99empregos.com.br\/blog\/wp-content\/uploads\/2024\/04\/bauducco-900x750-1-300x250.jpeg 300w, https:\/\/99empregos.com.br\/blog\/wp-content\/uploads\/2024\/04\/bauducco-900x750-1-768x640.jpeg 768w\" sizes=\"(max-width: 690px) 100vw, 690px\" \/><figcaption id=\"caption-attachment-55586\" class=\"wp-caption-text\">Bauducco est\u00e1 com diversas VAGAS de EMPREGO; candidate-se agora mesmo! Imagem: Divulga\u00e7\u00e3o<\/figcaption><\/figure>\n<h3>Vendedor<\/h3>\n<h4>Responsabilidades e Atribui\u00e7\u00f5es<\/h4>\n<ul class=\"!whitespace-normal list-disc ml-5\">\n<li class=\"pb-1\">Prospectar e desenvolver novos clientes;<\/li>\n<li class=\"pb-1\">Apresentar a linha de produtos da Bauducco e suas vantagens competitivas;<\/li>\n<li class=\"pb-1\">Negociar condi\u00e7\u00f5es comerciais e fechar vendas;<\/li>\n<li class=\"pb-1\">Acompanhar o p\u00f3s-venda e garantir a satisfa\u00e7\u00e3o dos clientes.<\/li>\n<\/ul>\n<h4>Requisitos e Qualifica\u00e7\u00f5es<\/h4>\n<ul class=\"!whitespace-normal list-disc ml-5\">\n<li class=\"pb-1\">Ensino m\u00e9dio completo;<\/li>\n<li class=\"pb-1\">Experi\u00eancia pr\u00e9via em vendas (desej\u00e1vel);<\/li>\n<li class=\"pb-1\">Habilidades de comunica\u00e7\u00e3o e persuas\u00e3o;<\/li>\n<li class=\"pb-1\">Carteira Nacional de Habilita\u00e7\u00e3o (CNH) ativa.<\/li>\n<\/ul>\n<h3>Analista de Garantia da Qualidade Junior<\/h3>\n<h4>Responsabilidades e Atribui\u00e7\u00f5es<\/h4>\n<ul class=\"!whitespace-normal list-disc ml-5\">\n<li class=\"pb-1\">Realizar inspe\u00e7\u00f5es e testes de qualidade nos produtos;<\/li>\n<li class=\"pb-1\">Monitorar e avaliar os processos de produ\u00e7\u00e3o;<\/li>\n<li class=\"pb-1\">Identificar oportunidades de melhoria e propor solu\u00e7\u00f5es;<\/li>\n<li class=\"pb-1\">Garantir o cumprimento das normas e regulamentos aplic\u00e1veis.<\/li>\n<\/ul>\n<h4>Requisitos e Qualifica\u00e7\u00f5es<\/h4>\n<ul class=\"!whitespace-normal list-disc ml-5\">\n<li class=\"pb-1\">Forma\u00e7\u00e3o superior em Engenharia de Alimentos, Qu\u00edmica ou \u00e1reas correlatas;<\/li>\n<li class=\"pb-1\">Conhecimentos em sistemas de gest\u00e3o da qualidade (ISO, BPF, etc.);<\/li>\n<li class=\"pb-1\">Habilidades anal\u00edticas e aten\u00e7\u00e3o aos detalhes;<\/li>\n<li class=\"pb-1\">Disponibilidade para trabalhar em regime de escalas.<\/li>\n<\/ul>\n<h3>Estagi\u00e1rio de Engenharia<\/h3>\n<h4>Responsabilidades e Atribui\u00e7\u00f5es<\/h4>\n<ul class=\"!whitespace-normal list-disc ml-5\">\n<li class=\"pb-1\">Auxiliar nas atividades de manuten\u00e7\u00e3o e reparos de equipamentos;<\/li>\n<li class=\"pb-1\">Participar de projetos de melhoria e otimiza\u00e7\u00e3o de processos;<\/li>\n<li class=\"pb-1\">Realizar levantamentos e an\u00e1lises t\u00e9cnicas;<\/li>\n<li class=\"pb-1\">Acompanhar a implementa\u00e7\u00e3o de novas tecnologias e solu\u00e7\u00f5es.<\/li>\n<\/ul>\n<h4>Requisitos e Qualifica\u00e7\u00f5es<\/h4>\n<ul class=\"!whitespace-normal list-disc ml-5\">\n<li class=\"pb-1\">Cursando Engenharia (Mec\u00e2nica, El\u00e9trica, Produ\u00e7\u00e3o ou \u00e1reas afins);<\/li>\n<li class=\"pb-1\">Conhecimentos em pacote Office e ferramentas de desenho t\u00e9cnico;<\/li>\n<li class=\"pb-1\">Habilidades anal\u00edticas e de resolu\u00e7\u00e3o de problemas;<\/li>\n<li class=\"pb-1\">Disponibilidade para estagiar em regime de escalas.<\/li>\n<\/ul>\n<h3>Analista de Planejamento Comercial PL<\/h3>\n<h4>Responsabilidades e Atribui\u00e7\u00f5es<\/h4>\n<ul class=\"!whitespace-normal list-disc ml-5\">\n<li class=\"pb-1\">Elaborar e gerenciar o planejamento comercial da empresa;<\/li>\n<li class=\"pb-1\">Analisar tend\u00eancias de mercado e identificar oportunidades;<\/li>\n<li class=\"pb-1\">Desenvolver estrat\u00e9gias de precifica\u00e7\u00e3o e promo\u00e7\u00f5es;<\/li>\n<li class=\"pb-1\">Monitorar indicadores de desempenho e propor a\u00e7\u00f5es corretivas.<\/li>\n<\/ul>\n<h4>Requisitos e Qualifica\u00e7\u00f5es<\/h4>\n<ul class=\"!whitespace-normal list-disc ml-5\">\n<li class=\"pb-1\">Forma\u00e7\u00e3o superior em Administra\u00e7\u00e3o, Economia ou \u00e1reas afins;<\/li>\n<li class=\"pb-1\">Experi\u00eancia pr\u00e9via em planejamento comercial ou \u00e1reas correlatas;<\/li>\n<li class=\"pb-1\">Conhecimentos avan\u00e7ados em pacote Office e ferramentas de BI;<\/li>\n<li class=\"pb-1\">Habilidades anal\u00edticas, de negocia\u00e7\u00e3o e lideran\u00e7a.<\/li>\n<\/ul>\n<h3>Analista de Preven\u00e7\u00e3o de Perdas JR<\/h3>\n<h4>Responsabilidades e Atribui\u00e7\u00f5es<\/h4>\n<ul class=\"!whitespace-normal list-disc ml-5\">\n<li class=\"pb-1\">Monitorar e investigar incidentes de perdas e furtos;<\/li>\n<li class=\"pb-1\">Implementar e gerenciar sistemas de seguran\u00e7a e controle;<\/li>\n<li class=\"pb-1\">Realizar an\u00e1lises de risco e propor medidas preventivas;<\/li>\n<li class=\"pb-1\">Treinar e orientar equipes sobre procedimentos de seguran\u00e7a.<\/li>\n<\/ul>\n<h4>Requisitos e Qualifica\u00e7\u00f5es<\/h4>\n<ul class=\"!whitespace-normal list-disc ml-5\">\n<li class=\"pb-1\">Forma\u00e7\u00e3o superior em Administra\u00e7\u00e3o, Seguran\u00e7a ou \u00e1reas relacionadas;<\/li>\n<li class=\"pb-1\">Conhecimentos em legisla\u00e7\u00e3o trabalhista e normas de seguran\u00e7a;<\/li>\n<li class=\"pb-1\">Habilidades anal\u00edticas e de resolu\u00e7\u00e3o de problemas;<\/li>\n<li class=\"pb-1\">Disponibilidade para trabalhar em regime de escalas.<\/li>\n<\/ul>\n<h3>Analista de Trade Marketing JR \u2013 Foco em Trade Categoria (VAGA EXCLUSIVA PARA PCD)<\/h3>\n<h4>Responsabilidades e Atribui\u00e7\u00f5es<\/h4>\n<ul class=\"!whitespace-normal list-disc ml-5\">\n<li class=\"pb-1\">Auxiliar no desenvolvimento de estrat\u00e9gias de trade marketing para categorias espec\u00edficas;<\/li>\n<li class=\"pb-1\">Realizar an\u00e1lises de mercado e monitorar tend\u00eancias de consumo;<\/li>\n<li class=\"pb-1\">Participar da cria\u00e7\u00e3o e implementa\u00e7\u00e3o de ativa\u00e7\u00f5es e promo\u00e7\u00f5es;<\/li>\n<li class=\"pb-1\">Acompanhar indicadores de desempenho e propor melhorias.<\/li>\n<\/ul>\n<h4>Requisitos e Qualifica\u00e7\u00f5es<\/h4>\n<ul class=\"!whitespace-normal list-disc ml-5\">\n<li class=\"pb-1\">Forma\u00e7\u00e3o superior em Marketing, Administra\u00e7\u00e3o ou \u00e1reas afins;<\/li>\n<li class=\"pb-1\">Conhecimentos em trade marketing e gest\u00e3o de categorias;<\/li>\n<li class=\"pb-1\">Habilidades anal\u00edticas e de comunica\u00e7\u00e3o;<\/li>\n<li class=\"pb-1\">Vaga exclusiva para Pessoas com Defici\u00eancia (PCD).<\/li>\n<\/ul>\n<h3>Operador de Empilhadeira<\/h3>\n<h4>Responsabilidades e Atribui\u00e7\u00f5es<\/h4>\n<ul class=\"!whitespace-normal list-disc ml-5\">\n<li class=\"pb-1\">Operar empilhadeiras e equipamentos de movimenta\u00e7\u00e3o de cargas;<\/li>\n<li class=\"pb-1\">Carregar e descarregar mercadorias de caminh\u00f5es e cont\u00eaineres;<\/li>\n<li class=\"pb-1\">Organizar e armazenar produtos nos locais designados;<\/li>\n<li class=\"pb-1\">Realizar inspe\u00e7\u00f5es de seguran\u00e7a e manuten\u00e7\u00e3o b\u00e1sica nos equipamentos.<\/li>\n<\/ul>\n<h4>Requisitos e Qualifica\u00e7\u00f5es<\/h4>\n<ul class=\"!whitespace-normal list-disc ml-5\">\n<li class=\"pb-1\">Ensino fundamental completo;<\/li>\n<li class=\"pb-1\">Curso de Operador de Empilhadeira atualizado;<\/li>\n<li class=\"pb-1\">Experi\u00eancia pr\u00e9via na opera\u00e7\u00e3o de empilhadeiras;<\/li>\n<li class=\"pb-1\">Conhecimentos em normas de seguran\u00e7a e procedimentos de armazenagem.<\/li>\n<\/ul>\n<h3>Promotor de Vendas (Exclusivo PCD)<\/h3>\n<h4>Responsabilidades e Atribui\u00e7\u00f5es<\/h4>\n<ul class=\"!whitespace-normal list-disc ml-5\">\n<li class=\"pb-1\">Realizar atividades de merchandising e exposi\u00e7\u00e3o de produtos;<\/li>\n<li class=\"pb-1\">Interagir com clientes, apresentando a linha de produtos da Bauducco;<\/li>\n<li class=\"pb-1\">Executar a\u00e7\u00f5es promocionais e de degusta\u00e7\u00e3o;<\/li>\n<li class=\"pb-1\">Coletar feedbacks e informa\u00e7\u00f5es de mercado.<\/li>\n<\/ul>\n<h4>Requisitos e Qualifica\u00e7\u00f5es<\/h4>\n<ul class=\"!whitespace-normal list-disc ml-5\">\n<li class=\"pb-1\">Ensino m\u00e9dio completo;<\/li>\n<li class=\"pb-1\">Experi\u00eancia pr\u00e9via em vendas ou promo\u00e7\u00e3o de produtos (desej\u00e1vel);<\/li>\n<li class=\"pb-1\">Habilidades de comunica\u00e7\u00e3o e atendimento ao cliente;<\/li>\n<li class=\"pb-1\">Vaga exclusiva para Pessoas com Defici\u00eancia (PCD).<\/li>\n<\/ul>\n<h2>Benef\u00edcios<\/h2>\n<p>Al\u00e9m de oportunidades de crescimento profissional, a Bauducco oferece alguns benef\u00edcios aos seus colaboradores, incluindo:<\/p>\n<ul class=\"!whitespace-normal list-disc ml-5\">\n<li class=\"pb-1\">Plano de sa\u00fade e odontol\u00f3gico<\/li>\n<li class=\"pb-1\">Vale-refei\u00e7\u00e3o ou refeit\u00f3rio no local<\/li>\n<li class=\"pb-1\">Seguro de vida<\/li>\n<li class=\"pb-1\">Programa de participa\u00e7\u00e3o nos lucros<\/li>\n<li class=\"pb-1\">Aux\u00edlio-educa\u00e7\u00e3o e incentivo ao desenvolvimento cont\u00ednuo<\/li>\n<li class=\"pb-1\">Programas de qualidade de vida e bem-estar<\/li>\n<\/ul>\n<p>Para se candidatar a uma das <a href=\"https:\/\/99empregos.com.br\/blog\/itau-unibanco-esta-com-mais-de-160-vagas-de-emprego\/\"><strong>vagas<\/strong><\/a> na Bauducco ou para conhecer as demais, <a href=\"https:\/\/br.linkedin.com\/jobs\/bauducco-vagas?position=1&amp;pageNum=0\" target=\"_blank\" rel=\"noopener\">clique aqui<\/a>.<\/p>\n<\/div>\n<\/div>\n<div class=\"sticky ml-8 left-4 bottom-4 gap-2 items-center hidden sm:flex tabletStars:sticky\">\n<div class=\"p-1 h-8 w-8 rounded-full bg-purple-1 cursor-pointer\"><img decoding=\"async\" src=\"https:\/\/app.writesonic.com\/_next\/static\/media\/pencil-icon-white.fa549c78.svg\" alt=\"Image\" width=\"24\" height=\"24\" data-nimg=\"1\" \/><\/div>\n<\/div>\n","protected":false},"excerpt":{"rendered":"<p>A Bauducco \u00e9 uma das principais empresas de alimentos do Brasil, conhecida por seus deliciosos produtos de panifica\u00e7\u00e3o e confeitaria. Fundada em 1952 na cidade de S\u00e3o Paulo, a companhia construiu uma s\u00f3lida reputa\u00e7\u00e3o ao longo de d\u00e9cadas, se tornando sin\u00f4nimo de qualidade e tradi\u00e7\u00e3o. Com uma equipe dedicada e um compromisso com a excel\u00eancia, [&hellip;]<\/p>\n","protected":false},"author":24,"featured_media":55074,"comment_status":"open","ping_status":"closed","sticky":false,"template":"","format":"standard","meta":{"footnotes":""},"categories":[15],"tags":[823,824,5335,37,16],"class_list":["post-57934","post","type-post","status-publish","format-standard","has-post-thumbnail","hentry","category-vagas","tag-bauducco","tag-bauducco-vagas","tag-bauducco-vagas-de-emprego","tag-vagas","tag-vagas-de-emprego"],"_links":{"self":[{"href":"https:\/\/99empregos.com.br\/blog\/wp-json\/wp\/v2\/posts\/57934","targetHints":{"allow":["GET"]}}],"collection":[{"href":"https:\/\/99empregos.com.br\/blog\/wp-json\/wp\/v2\/posts"}],"about":[{"href":"https:\/\/99empregos.com.br\/blog\/wp-json\/wp\/v2\/types\/post"}],"author":[{"embeddable":true,"href":"https:\/\/99empregos.com.br\/blog\/wp-json\/wp\/v2\/users\/24"}],"replies":[{"embeddable":true,"href":"https:\/\/99empregos.com.br\/blog\/wp-json\/wp\/v2\/comments?post=57934"}],"version-history":[{"count":0,"href":"https:\/\/99empregos.com.br\/blog\/wp-json\/wp\/v2\/posts\/57934\/revisions"}],"wp:featuredmedia":[{"embeddable":true,"href":"https:\/\/99empregos.com.br\/blog\/wp-json\/wp\/v2\/media\/55074"}],"wp:attachment":[{"href":"https:\/\/99empregos.com.br\/blog\/wp-json\/wp\/v2\/media?parent=57934"}],"wp:term":[{"taxonomy":"category","embeddable":true,"href":"https:\/\/99empregos.com.br\/blog\/wp-json\/wp\/v2\/categories?post=57934"},{"taxonomy":"post_tag","embeddable":true,"href":"https:\/\/99empregos.com.br\/blog\/wp-json\/wp\/v2\/tags?post=57934"}],"curies":[{"name":"wp","href":"https:\/\/api.w.org\/{rel}","templated":true}]}}