{"id":58705,"date":"2024-06-14T09:54:30","date_gmt":"2024-06-14T12:54:30","guid":{"rendered":"https:\/\/123empregos.com.br\/blog\/?p=58705"},"modified":"2024-06-14T09:07:00","modified_gmt":"2024-06-14T12:07:00","slug":"estagio-rede-de-shoppings-abre-inscricoes","status":"publish","type":"post","link":"https:\/\/99empregos.com.br\/blog\/estagio-rede-de-shoppings-abre-inscricoes\/","title":{"rendered":"Est\u00e1gio: Rede de shoppings abre inscri\u00e7\u00f5es para 22 vagas!"},"content":{"rendered":"<p>A <strong>Multiplan<\/strong>, uma das principais administradoras de shoppings do pa\u00eds, est\u00e1 com as inscri\u00e7\u00f5es abertas para seu <strong>programa de est\u00e1gio<\/strong> 2024. A empresa oferece<strong> 22 oportunidades<\/strong> para estudantes de gradua\u00e7\u00e3o atuarem em sua sede ou em um de seus 20 empreendimentos, localizados nas cidades do Rio de Janeiro, S\u00e3o Paulo, Porto Alegre e Bras\u00edlia.<\/p>\n<p>Com d\u00e9cadas de experi\u00eancia, essa empresa se destaca por seus servi\u00e7os em opera\u00e7\u00f5es, atendimento ao cliente e inova\u00e7\u00e3o. Presente em diversas regi\u00f5es do pa\u00eds, a rede de compras \u00e9 reconhecida por sua cultura corporativa e oportunidades de desenvolvimento profissional.<\/p>\n<h2><span>Requisitos e \u00c1reas de Atua\u00e7\u00e3o do Est\u00e1gio<\/span><\/h2>\n<p><span>Para concorrer a uma das vagas, \u00e9 necess\u00e1rio estar matriculado em um curso de n\u00edvel superior, com previs\u00e3o de conclus\u00e3o a partir de junho de 2026. A carga hor\u00e1ria do est\u00e1gio \u00e9 de 4 ou 6 horas di\u00e1rias, em regime presencial, com dura\u00e7\u00e3o m\u00ednima de 1 ano e meio a 2 anos.<\/span><\/p>\n<p><span>As \u00e1reas de atua\u00e7\u00e3o s\u00e3o diversificadas, abrangendo:<\/span><\/p>\n<h3><span>Administra\u00e7\u00e3o e Gest\u00e3o<\/span><\/h3>\n<ul class=\"!whitespace-normal list-disc ml-5\">\n<li class=\"pb-1\"><span>Administra\u00e7\u00e3o<\/span><\/li>\n<li class=\"pb-1\"><span>Administra\u00e7\u00e3o com \u00eanfase em Finan\u00e7as<\/span><\/li>\n<li class=\"pb-1\"><span>Administra\u00e7\u00e3o em Gest\u00e3o Organizacional<\/span><\/li>\n<li class=\"pb-1\"><span>Administra\u00e7\u00e3o em Gest\u00e3o Estrat\u00e9gica<\/span><\/li>\n<li class=\"pb-1\"><span>Administra\u00e7\u00e3o com \u00eanfase em Marketing<\/span><\/li>\n<li class=\"pb-1\"><span>Administra\u00e7\u00e3o com \u00eanfase em Recursos Humanos<\/span><\/li>\n<\/ul>\n<h3><span>Tecnologia e Sistemas<\/span><\/h3>\n<ul class=\"!whitespace-normal list-disc ml-5\">\n<li class=\"pb-1\"><span>An\u00e1lise e Desenvolvimento de Sistemas<\/span><\/li>\n<li class=\"pb-1\"><span>Ci\u00eancia da Computa\u00e7\u00e3o<\/span><\/li>\n<li class=\"pb-1\"><span>Sistemas de Informa\u00e7\u00e3o<\/span><\/li>\n<li class=\"pb-1\"><span>Tecnologia em An\u00e1lise e Desenvolvimento de Sistemas<\/span><\/li>\n<li class=\"pb-1\"><span>Tecnologia em Gest\u00e3o da Informa\u00e7\u00e3o<\/span><\/li>\n<li class=\"pb-1\"><span>Tecnologia em Seguran\u00e7a da Informa\u00e7\u00e3o<\/span><\/li>\n<\/ul>\n<h3><span>Outras \u00c1reas<\/span><\/h3>\n<ul class=\"!whitespace-normal list-disc ml-5\">\n<li class=\"pb-1\"><span>Arquitetura<\/span><\/li>\n<li class=\"pb-1\"><span>Controladoria<\/span><\/li>\n<li class=\"pb-1\"><span>Ci\u00eancias Cont\u00e1beis<\/span><\/li>\n<li class=\"pb-1\"><span>Ci\u00eancias Econ\u00f4micas<\/span><\/li>\n<li class=\"pb-1\"><span>Comunica\u00e7\u00e3o Social &#8211; Comunica\u00e7\u00e3o e Marketing<\/span><\/li>\n<li class=\"pb-1\"><span>Comunica\u00e7\u00e3o e Multim\u00eddia<\/span><\/li>\n<li class=\"pb-1\"><span>Publicidade e Propaganda<\/span><\/li>\n<li class=\"pb-1\"><span>Design de M\u00eddias Digitais<\/span><\/li>\n<li class=\"pb-1\"><span>Design Gr\u00e1fico<\/span><\/li>\n<li class=\"pb-1\"><span>direito<\/span><\/li>\n<li class=\"pb-1\"><span>Economia<\/span><\/li>\n<li class=\"pb-1\"><span>Engenharia<\/span><\/li>\n<li class=\"pb-1\"><span>Marketing<\/span><\/li>\n<li class=\"pb-1\"><span>Matem\u00e1tica<\/span><\/li>\n<li class=\"pb-1\"><span>Psicologia<\/span><\/li>\n<li class=\"pb-1\"><span>Tecnologia em Design Gr\u00e1fico<\/span><\/li>\n<li class=\"pb-1\"><span>Tecnologia em Gest\u00e3o de Recursos Humanos<\/span><\/li>\n<li class=\"pb-1\"><span>Tecnologia em Gest\u00e3o Financeira<\/span><\/li>\n<li class=\"pb-1\"><span>Tecnologia em Gest\u00e3o de Neg\u00f3cios<\/span><\/li>\n<li class=\"pb-1\"><span>Tecnologia em Processos Gerenciais<\/span><\/li>\n<\/ul>\n<h3><span>Requisitos para se Candidatar \u00e0s Vagas de Est\u00e1gio<\/span><\/h3>\n<p><span>Para se candidatar a uma das <strong>22 vagas de est\u00e1gio<\/strong>, os assuntos espec\u00edficos devem atender aos seguintes requisitos:<\/span><\/p>\n<ul class=\"!whitespace-normal list-disc ml-5\">\n<li class=\"pb-1\"><span>Estar cursando gradua\u00e7\u00e3o em uma das \u00e1reas mencionadas<\/span><\/li>\n<li class=\"pb-1\"><span>Ter disponibilidade de carga hor\u00e1ria de 6 horas di\u00e1rias<\/span><\/li>\n<li class=\"pb-1\"><span>Possuir habilidades de comunica\u00e7\u00e3o, trabalho em equipe e pensamento cr\u00edtico<\/span><\/li>\n<li class=\"pb-1\"><span>Dominar o pacote Office (Word, Excel, PowerPoint)<\/span><\/li>\n<li class=\"pb-1\"><span>Ter conhecimento intermedi\u00e1rio ou avan\u00e7ado de ingl\u00eas<\/span><\/li>\n<\/ul>\n<h3><span>Como se Inscrever no Programa de Est\u00e1gio<\/span><\/h3>\n<p><span>Para se inscrever no <strong>programa de est\u00e1gio da Multiplan<\/strong>, os interessados \u200b\u200bdever\u00e3o acessar o <a href=\"https:\/\/multiplan.across.jobs\/\" target=\"_blank\" rel=\"noopener\">site<\/a> da empresa e preencher o formul\u00e1rio de inscri\u00e7\u00e3o dispon\u00edvel na se\u00e7\u00e3o &#8220;Carreiras&#8221;. Nesse formul\u00e1rio, ser\u00e1 necess\u00e1rio fornecer informa\u00e7\u00f5es pessoais, acad\u00eamicas e profissionais, al\u00e9m de consolida\u00e7\u00e3o do curr\u00edculo.<\/span><\/p>\n<p><span>O prazo para envio das inscri\u00e7\u00f5es \u00e9 at\u00e9 dia <strong>30 de junho<\/strong>. Portanto, n\u00e3o perca tempo e garanta sua vaga nessa oportunidade.<\/span><\/p>\n<figure id=\"attachment_58707\" aria-describedby=\"caption-attachment-58707\" style=\"width: 1024px\" class=\"wp-caption aligncenter\"><img decoding=\"async\" class=\"size-large wp-image-58707\" src=\"https:\/\/99empregos.com.br\/blog\/wp-content\/uploads\/2024\/06\/2560px-Multiplan.svg-1024x215.png\" alt=\"Seja um estagi\u00e1rio em uma rede de shoppings!\" width=\"1024\" height=\"215\" srcset=\"https:\/\/99empregos.com.br\/blog\/wp-content\/uploads\/2024\/06\/2560px-Multiplan.svg-1024x215.png 1024w, https:\/\/99empregos.com.br\/blog\/wp-content\/uploads\/2024\/06\/2560px-Multiplan.svg-300x63.png 300w, https:\/\/99empregos.com.br\/blog\/wp-content\/uploads\/2024\/06\/2560px-Multiplan.svg-768x161.png 768w, https:\/\/99empregos.com.br\/blog\/wp-content\/uploads\/2024\/06\/2560px-Multiplan.svg-1536x323.png 1536w, https:\/\/99empregos.com.br\/blog\/wp-content\/uploads\/2024\/06\/2560px-Multiplan.svg-2048x430.png 2048w\" sizes=\"(max-width: 1024px) 100vw, 1024px\" \/><figcaption id=\"caption-attachment-58707\" class=\"wp-caption-text\">\u00a0 \u00a0 \u00a0 \u00a0 \u00a0 \u00a0 \u00a0 \u00a0 \u00a0 \u00a0 \u00a0 \u00a0 \u00a0 \u00a0 \u00a0 \u00a0 \u00a0 \u00a0 \u00a0 \u00a0 \u00a0 \u00a0 \u00a0 \u00a0 \u00a0 \u00a0 \u00a0 \u00a0 \u00a0 \u00a0 \u00a0 \u00a0 \u00a0 \u00a0 \u00a0 \u00a0 \u00a0 \u00a0 \u00a0 \u00a0 \u00a0 \u00a0 \u00a0 \u00a0 \u00a0 \u00a0 \u00a0 \u00a0 \u00a0 \u00a0 \u00a0 \u00a0 \u00a0 \u00a0 \u00a0 \u00a0 \u00a0 \u00a0 \u00a0 \u00a0 \u00a0 \u00a0 \u00a0 \u00a0Seja um estagi\u00e1rio em uma rede de shoppings!<br \/>\u00a0 \u00a0 \u00a0 \u00a0 \u00a0 \u00a0 \u00a0 \u00a0 \u00a0 \u00a0 \u00a0 \u00a0 \u00a0 \u00a0 \u00a0 \u00a0 \u00a0 \u00a0 \u00a0 \u00a0 \u00a0 \u00a0 \u00a0 \u00a0 \u00a0 \u00a0 \u00a0 \u00a0 \u00a0 \u00a0 \u00a0 \u00a0 \u00a0 \u00a0 \u00a0 \u00a0 \u00a0 \u00a0 \u00a0 \u00a0 \u00a0 \u00a0 \u00a0 \u00a0 \u00a0 \u00a0 \u00a0 \u00a0 \u00a0 \u00a0 \u00a0 \u00a0 \u00a0 \u00a0 \u00a0 \u00a0 \u00a0 \u00a0 \u00a0 \u00a0 \u00a0 \u00a0 \u00a0 \u00a0 \u00a0 \u00a0 \u00a0 \u00a0 \u00a0 \u00a0 \u00a0 \u00a0 \u00a0 Imagem: Logo Download<\/figcaption><\/figure>\n<h3><span>Processo Seletivo e Etapas de Avalia\u00e7\u00e3o do Est\u00e1gio<\/span><\/h3>\n<p><span>Ap\u00f3s o encerramento das inscri\u00e7\u00f5es, o <a href=\"https:\/\/99empregos.com.br\/blog\/rede-bahia-vagas-de-emprego-e-estagio\/\">est\u00e1gio<\/a> da <strong>Multiplan<\/strong> ter\u00e1 in\u00edcio ao processo seletivo, que compreender\u00e1 as seguintes etapas:<\/span><\/p>\n<ol class=\"!whitespace-normal list-decimal ml-5\">\n<li class=\"pb-1\"><strong><span>An\u00e1lise de curr\u00edculos<\/span><\/strong><span>\u00a0: Nesta primeira fase, a equipe de Recursos Humanos avaliar\u00e1 os perfis dos candidatos, considerando sua forma\u00e7\u00e3o, experi\u00eancia e cumprimento dos requisitos da <a href=\"https:\/\/99empregos.com.br\/blog\/ifba-tem-vagas-abertas\/\">vaga<\/a>.<\/span><\/li>\n<li class=\"pb-1\"><strong><span>Entrevistas<\/span><\/strong><span>\u00a0: Os candidatos pr\u00e9-selecionados ser\u00e3o convocados para uma ou mais rodadas de entrevistas, tanto com a equipe de RH quanto com os gestores das \u00e1reas de interesse.<\/span><\/li>\n<li class=\"pb-1\"><strong><span>Din\u00e2micas de grupo<\/span><\/strong><span>\u00a0: Durante o processo, os candidatos poder\u00e3o participar de atividades em grupo, com o objetivo de avaliar habilidades como lideran\u00e7a, trabalho em equipe e resolu\u00e7\u00e3o de problemas.<\/span><\/li>\n<li class=\"pb-1\"><strong><span>Testes t\u00e9cnicos<\/span><\/strong><span>\u00a0: Dependendo da \u00e1rea de atua\u00e7\u00e3o, os candidatos poder\u00e3o ser submetidos a testes espec\u00edficos para avaliar seus conhecimentos e compet\u00eancias t\u00e9cnicas.<\/span><\/li>\n<\/ol>\n<p><span>Ao ingressar no <strong>programa de est\u00e1gio<\/strong> da <strong>Multiplan<\/strong>, voc\u00ea ter\u00e1 a <a href=\"https:\/\/99empregos.com.br\/blog\/mcdonalds-3-mil-oportunidades\/\">oportunidade <\/a>de construir uma carreira repleta de possibilidades. Essa empresa \u00e9 reconhecida por seu compromisso com o desenvolvimento de seus colaboradores, oferecendo:<\/span><\/p>\n<ul class=\"!whitespace-normal list-disc ml-5\">\n<li class=\"pb-1\"><span>Programas de treinamento e capacita\u00e7\u00e3o cont\u00ednua<\/span><\/li>\n<li class=\"pb-1\"><span>Oportunidades de ascens\u00e3o e cargas de lideran\u00e7a<\/span><\/li>\n<li class=\"pb-1\"><span>Transfer\u00eancias entre diferentes unidades e \u00e1reas da empresa<\/span><\/li>\n<li class=\"pb-1\"><span>Incentivo \u00e0 participa\u00e7\u00e3o em projetos estrat\u00e9gicos<\/span><\/li>\n<li class=\"pb-1\"><span>Remunera\u00e7\u00e3o e benef\u00edcios competitivos no mercado<\/span><\/li>\n<\/ul>\n","protected":false},"excerpt":{"rendered":"<p>A Multiplan, uma das principais administradoras de shoppings do pa\u00eds, est\u00e1 com as inscri\u00e7\u00f5es abertas para seu programa de est\u00e1gio 2024. A empresa oferece 22 oportunidades para estudantes de gradua\u00e7\u00e3o atuarem em sua sede ou em um de seus 20 empreendimentos, localizados nas cidades do Rio de Janeiro, S\u00e3o Paulo, Porto Alegre e Bras\u00edlia. Com [&hellip;]<\/p>\n","protected":false},"author":30,"featured_media":58706,"comment_status":"open","ping_status":"closed","sticky":false,"template":"","format":"standard","meta":{"footnotes":""},"categories":[5955,15],"tags":[3859,3348,442,16,2768],"class_list":["post-58705","post","type-post","status-publish","format-standard","has-post-thumbnail","hentry","category-emprego","category-vagas","tag-emprego-2023","tag-novas-vagas-abertas","tag-vagas-abertas","tag-vagas-de-emprego","tag-vagas-de-emprego-2023"],"_links":{"self":[{"href":"https:\/\/99empregos.com.br\/blog\/wp-json\/wp\/v2\/posts\/58705","targetHints":{"allow":["GET"]}}],"collection":[{"href":"https:\/\/99empregos.com.br\/blog\/wp-json\/wp\/v2\/posts"}],"about":[{"href":"https:\/\/99empregos.com.br\/blog\/wp-json\/wp\/v2\/types\/post"}],"author":[{"embeddable":true,"href":"https:\/\/99empregos.com.br\/blog\/wp-json\/wp\/v2\/users\/30"}],"replies":[{"embeddable":true,"href":"https:\/\/99empregos.com.br\/blog\/wp-json\/wp\/v2\/comments?post=58705"}],"version-history":[{"count":0,"href":"https:\/\/99empregos.com.br\/blog\/wp-json\/wp\/v2\/posts\/58705\/revisions"}],"wp:featuredmedia":[{"embeddable":true,"href":"https:\/\/99empregos.com.br\/blog\/wp-json\/wp\/v2\/media\/58706"}],"wp:attachment":[{"href":"https:\/\/99empregos.com.br\/blog\/wp-json\/wp\/v2\/media?parent=58705"}],"wp:term":[{"taxonomy":"category","embeddable":true,"href":"https:\/\/99empregos.com.br\/blog\/wp-json\/wp\/v2\/categories?post=58705"},{"taxonomy":"post_tag","embeddable":true,"href":"https:\/\/99empregos.com.br\/blog\/wp-json\/wp\/v2\/tags?post=58705"}],"curies":[{"name":"wp","href":"https:\/\/api.w.org\/{rel}","templated":true}]}}