{"id":59373,"date":"2024-06-25T19:34:48","date_gmt":"2024-06-25T22:34:48","guid":{"rendered":"https:\/\/123empregos.com.br\/blog\/?p=59373"},"modified":"2024-06-25T15:40:46","modified_gmt":"2024-06-25T18:40:46","slug":"emprega-prudente-anuncia-250-vagas-em-diversas-areas-aproveite-ja","status":"publish","type":"post","link":"https:\/\/99empregos.com.br\/blog\/emprega-prudente-anuncia-250-vagas-em-diversas-areas-aproveite-ja\/","title":{"rendered":"Emprega Prudente Anuncia 250+ Vagas em Diversas \u00c1reas \u2013 Aproveite J\u00e1!"},"content":{"rendered":"<div class=\"max-w-[700px] mx-auto mt-8 p-2\">\n<div class=\"h-fit md:ml-2 lg:ml-0 css-1tcqj3k\">\n<p>Em<strong> Presidente Prudente, interior de S\u00e3o Paulo<\/strong>, a Secretaria Municipal de Desenvolvimento Econ\u00f4mico (Sedepp) est\u00e1 promovendo contrata\u00e7\u00f5es atrav\u00e9s do programa <a href=\"https:\/\/99empregos.com.br\/blog\/emprego-em-brasilia-vagas-abertas\/\">Emprega<\/a> Prudente. <strong>Com 256 vagas dispon\u00edveis<\/strong>, a iniciativa visa conectar profissionais qualificados de diversas \u00e1reas e n\u00edveis de escolaridade a oportunidades de trabalho promissoras.<\/p>\n<h2>Plataforma Online para Facilitar a Busca em Presidente Prudente<\/h2>\n<p>O Emprega Prudente adotou recentemente um novo portal online, o<a href=\"https:\/\/prudentedigital.com.br\/balcao\/vagas\" target=\"_blank\" rel=\"noopener\"> Mural de Vagas<\/a>, substituindo o antigo sistema do Balc\u00e3o de Empregos. Essa plataforma digital permite que os candidatos explorem as oportunidades de emprego de maneira r\u00e1pida e pr\u00e1tica, filtrando por setor de interesse. Al\u00e9m disso, os trabalhadores t\u00eam a op\u00e7\u00e3o de cadastrar seus dados pessoais, facilitando o processo de<a href=\"https:\/\/99empregos.com.br\/blog\/oportunidade-faca-sua-inscricao-no-programa-de-estagio-do-grupo-ipiranga\/\"> inscri\u00e7\u00e3o<\/a>.<\/p>\n<h2>Diversidade de Cargos e Requisitos em Presidente Prudente<\/h2>\n<p>As vagas abertas abrangem v\u00e1rios cargos, <strong>desde posi\u00e7\u00f5es de n\u00edvel operacional at\u00e9 fun\u00e7\u00f5es que exigem forma\u00e7\u00e3o superior ou t\u00e9cnica<\/strong>. Existem op\u00e7\u00f5es para candidatos com<strong> ensino fundamental, m\u00e9dio, t\u00e9cnico e superior<\/strong>, tanto completos quanto em andamento. Essa variedade garante que haja oportunidades adequadas para diferentes perfis e est\u00e1gios de carreira.<\/p>\n<h2>Setores em Alta Demanda em Presidente Prudente<\/h2>\n<p>Alguns dos setores com maior demanda de m\u00e3o de obra no momento incluem:<\/p>\n<h3>Com\u00e9rcio e Vendas<\/h3>\n<ul class=\"!whitespace-normal list-disc ml-5\">\n<li class=\"pb-1\"><strong>Consultor de Vendas<\/strong><\/li>\n<li class=\"pb-1\"><strong>Atendimento\/Vendas<\/strong><\/li>\n<li class=\"pb-1\"><strong>Vendedor<\/strong><\/li>\n<li class=\"pb-1\"><strong>Operador de Caixa<\/strong><\/li>\n<li class=\"pb-1\"><strong>Fiscal de Preven\u00e7\u00e3o e Perdas<\/strong><\/li>\n<li class=\"pb-1\"><strong>Atendente<\/strong><\/li>\n<li class=\"pb-1\"><strong>Atendente Auto Pe\u00e7as<\/strong><\/li>\n<li class=\"pb-1\"><strong>Repositor<\/strong><\/li>\n<li class=\"pb-1\"><strong>L\u00edder de Setor<\/strong><\/li>\n<li class=\"pb-1\"><strong>Consultora Comercial<\/strong><\/li>\n<li class=\"pb-1\"><strong>Promotor(a) de Vendas<\/strong><\/li>\n<\/ul>\n<h3>Log\u00edstica e Transporte<\/h3>\n<ul class=\"!whitespace-normal list-disc ml-5\">\n<li class=\"pb-1\"><strong>Auxiliar de Dep\u00f3sito<\/strong><\/li>\n<li class=\"pb-1\"><strong>Motorista Toco<\/strong><\/li>\n<li class=\"pb-1\"><strong>Ajudante de Cargas<\/strong><\/li>\n<li class=\"pb-1\"><strong>Ajudante de Carga e Descarga<\/strong><\/li>\n<li class=\"pb-1\"><strong>Conferente de Cargas<\/strong><\/li>\n<li class=\"pb-1\"><strong>Transporte de Carga<\/strong><\/li>\n<li class=\"pb-1\"><strong>Ajudante de Motorista<\/strong><\/li>\n<li class=\"pb-1\"><strong>Motorista<\/strong><\/li>\n<li class=\"pb-1\"><strong>Motorista Caminh\u00e3o Truck<\/strong><\/li>\n<li class=\"pb-1\"><strong>Motorista de Caminh\u00e3o (CNH C, D)<\/strong><\/li>\n<\/ul>\n<h3>Constru\u00e7\u00e3o Civil<\/h3>\n<ul class=\"!whitespace-normal list-disc ml-5\">\n<li class=\"pb-1\"><strong>Pedreiro<\/strong><\/li>\n<li class=\"pb-1\"><strong>Servente de Pedreiro<\/strong><\/li>\n<li class=\"pb-1\"><strong>Instalador Fotovoltaico<\/strong><\/li>\n<li class=\"pb-1\"><strong>Auxiliar de Obra<\/strong><\/li>\n<li class=\"pb-1\"><strong>Marmorista<\/strong><\/li>\n<\/ul>\n<h3>Servi\u00e7os Gerais<\/h3>\n<ul class=\"!whitespace-normal list-disc ml-5\">\n<li class=\"pb-1\"><strong>Ajudante Geral<\/strong><\/li>\n<li class=\"pb-1\"><strong>Auxiliar de Conserva\u00e7\u00e3o de P\u00e1tio<\/strong><\/li>\n<li class=\"pb-1\"><strong>Auxiliar de Limpeza<\/strong><\/li>\n<li class=\"pb-1\"><strong>Auxiliar de Limpeza e Conserva\u00e7\u00e3o<\/strong><\/li>\n<li class=\"pb-1\"><strong>Agente funer\u00e1rio<\/strong><\/li>\n<\/ul>\n<h2>Ind\u00fastria e Produ\u00e7\u00e3o<\/h2>\n<p>O setor industrial tamb\u00e9m se destaca na lista de vagas dispon\u00edveis, com oportunidades como:<\/p>\n<ul class=\"!whitespace-normal list-disc ml-5\">\n<li class=\"pb-1\"><strong>Auxiliar de Produ\u00e7\u00e3o<\/strong><\/li>\n<li class=\"pb-1\"><strong>Auxiliar de Fundi\u00e7\u00e3o<\/strong><\/li>\n<li class=\"pb-1\"><strong>Operador de Produ\u00e7\u00e3o<\/strong><\/li>\n<li class=\"pb-1\"><strong>Auxiliar de Expedi\u00e7\u00e3o<\/strong><\/li>\n<li class=\"pb-1\"><strong>Almoxarife de Manuten\u00e7\u00e3o<\/strong><\/li>\n<li class=\"pb-1\"><strong>Soldador<\/strong><\/li>\n<li class=\"pb-1\"><strong>Mec\u00e2nico Moleiro<\/strong><\/li>\n<li class=\"pb-1\"><strong>Auxiliar de Mec\u00e2nico de Moto<\/strong><\/li>\n<li class=\"pb-1\"><strong>Polidor Automotivo<\/strong><\/li>\n<li class=\"pb-1\"><strong>Recapagem de Pneus<\/strong><\/li>\n<li class=\"pb-1\"><strong>Instalador de Som Automotivo<\/strong><\/li>\n<li class=\"pb-1\"><strong>Pintor de Ferragens<\/strong><\/li>\n<li class=\"pb-1\"><strong>Montador de Esquadrias<\/strong><\/li>\n<\/ul>\n<h2>\u00c1reas Administrativas e de Suporte<\/h2>\n<p>Al\u00e9m dos cargos operacionais, existem tamb\u00e9m<a href=\"https:\/\/99empregos.com.br\/blog\/ultragaz-distribuidora-gpl-tem-excelentes-vagas-de-trabalho-confira\/\"> vagas<\/a> para profissionais de \u00e1reas administrativas e de suporte, como:<\/p>\n<ul class=\"!whitespace-normal list-disc ml-5\">\n<li class=\"pb-1\"><strong>Auxiliar Administrativo<\/strong><\/li>\n<li class=\"pb-1\"><strong>Secret\u00e1ria<\/strong><\/li>\n<li class=\"pb-1\"><strong>Captador de V\u00eddeo<\/strong><\/li>\n<li class=\"pb-1\"><strong>Auxiliar Cont\u00e1bil<\/strong><\/li>\n<li class=\"pb-1\"><strong>Educadora Social (pedagoga)<\/strong><\/li>\n<li class=\"pb-1\"><strong>Advogado<\/strong><\/li>\n<li class=\"pb-1\"><strong>Auxiliar Geral<\/strong><\/li>\n<li class=\"pb-1\"><strong>Comprador<\/strong><\/li>\n<li class=\"pb-1\"><strong>Credi\u00e1rio<\/strong><\/li>\n<li class=\"pb-1\"><strong>Auxiliar de Escrit\u00f3rio<\/strong><\/li>\n<li class=\"pb-1\"><strong>Auxiliar de Farm\u00e1cia<\/strong><\/li>\n<li class=\"pb-1\"><strong>Enfermeiro(a)<\/strong><\/li>\n<li class=\"pb-1\"><strong>Assistente de E-commerce<\/strong><\/li>\n<li class=\"pb-1\"><strong>Supervisor de Vendas<\/strong><\/li>\n<li class=\"pb-1\"><strong>Recepcionista Administrativa<\/strong><\/li>\n<\/ul>\n<h2>Oportunidades para Iniciantes<\/h2>\n<p>O Emprega Prudente tamb\u00e9m oferece chances para aqueles que est\u00e3o dando seus primeiros passos no mercado de trabalho, com vagas como:<\/p>\n<ul class=\"!whitespace-normal list-disc ml-5\">\n<li class=\"pb-1\"><strong>Atendente Junior (1\u00b0 Emprego)<\/strong><\/li>\n<li class=\"pb-1\"><strong>Monitor de Inform\u00e1tica<\/strong><\/li>\n<\/ul>\n<h2>Servi\u00e7os Especializados<\/h2>\n<p>Al\u00e9m das vagas mais tradicionais, a lista inclui oportunidades em servi\u00e7os especializados, como:<\/p>\n<ul class=\"!whitespace-normal list-disc ml-5\">\n<li class=\"pb-1\"><strong>Cuidadora de Idosos<\/strong><\/li>\n<li class=\"pb-1\"><strong>Auxiliar de Cozinha<\/strong><\/li>\n<li class=\"pb-1\"><strong>Reposi\u00e7\u00e3o de Mercearia<\/strong><\/li>\n<li class=\"pb-1\"><strong>Profissional de A\u00e7ougue<\/strong><\/li>\n<li class=\"pb-1\"><strong>Auxiliar de Lavanderia<\/strong><\/li>\n<li class=\"pb-1\"><strong>Borracheiro<\/strong><\/li>\n<li class=\"pb-1\"><strong>Esteticista<\/strong><\/li>\n<\/ul>\n<h2>\u00c1reas T\u00e9cnicas e Especializadas<\/h2>\n<p>Para profissionais com forma\u00e7\u00e3o t\u00e9cnica ou especializada, h\u00e1 vagas como:<\/p>\n<ul class=\"!whitespace-normal list-disc ml-5\">\n<li class=\"pb-1\"><strong>Desenhista Industrial, com especializa\u00e7\u00e3o em Autocad e Solidworks<\/strong><\/li>\n<li class=\"pb-1\"><strong>Mec\u00e2nico<\/strong><\/li>\n<li class=\"pb-1\"><strong>Operador de Produ\u00e7\u00e3o, com pr\u00e1tica em eletr\u00f4nica<\/strong><\/li>\n<li class=\"pb-1\"><strong>Telemarketing<\/strong><\/li>\n<\/ul>\n<h2>Como Se Candidatar<\/h2>\n<p>Todos os interessados podem consultar as vagas dispon\u00edveis e obter mais informa\u00e7\u00f5es no <strong>Atende Prudente, localizado na esquina entre as ruas Marechal Floriano Peixoto e Dib Buchalla, na Vila Marcondes, em Presidente Prudente<\/strong>. O telefone para contato \u00e9<strong> (18) 3399-1100<\/strong>.<\/p>\n<p>&nbsp;<\/p>\n<figure id=\"attachment_59378\" aria-describedby=\"caption-attachment-59378\" style=\"width: 300px\" class=\"wp-caption alignnone\"><img decoding=\"async\" class=\"size-medium wp-image-59378\" src=\"https:\/\/99empregos.com.br\/blog\/wp-content\/uploads\/2024\/06\/pessoas-trabalhando-300x200.jpg\" alt=\"Emprega Prudente abre mais de 250 oportunidades de emprego.\" width=\"300\" height=\"200\" srcset=\"https:\/\/99empregos.com.br\/blog\/wp-content\/uploads\/2024\/06\/pessoas-trabalhando-300x200.jpg 300w, https:\/\/99empregos.com.br\/blog\/wp-content\/uploads\/2024\/06\/pessoas-trabalhando-768x512.jpg 768w, https:\/\/99empregos.com.br\/blog\/wp-content\/uploads\/2024\/06\/pessoas-trabalhando.jpg 900w\" sizes=\"(max-width: 300px) 100vw, 300px\" \/><figcaption id=\"caption-attachment-59378\" class=\"wp-caption-text\">Emprega Prudente abre mais de 250 oportunidades de emprego.<\/figcaption><\/figure>\n<p>&nbsp;<\/p>\n<p>Com essa variedade de oportunidades, o Emprega Prudente est\u00e1 criando um ambiente que favorece o desenvolvimento profissional e econ\u00f4mico da regi\u00e3o. Seja voc\u00ea um rec\u00e9m-formado, um profissional experiente ou algu\u00e9m em busca de uma transi\u00e7\u00e3o de carreira, essa iniciativa pode ser o caminho para o seu pr\u00f3ximo grande passo.<\/p>\n<h2>Dicas que Podem Aumentar sua Chance de Sucesso<\/h2>\n<p>Para se destacar em um processo seletivo, considere as seguintes estrat\u00e9gias:<\/p>\n<ol>\n<li><strong>Personalize seu Curr\u00edculo:<\/strong> Destaque experi\u00eancias e habilidades relevantes para a vaga.<\/li>\n<li><strong>Conhe\u00e7a a Empresa:<\/strong> Pesquise sobre a organiza\u00e7\u00e3o, sua cultura e valores.<\/li>\n<li><strong>Prepare-se para a Entrevista:<\/strong> Pratique respostas para perguntas comuns e tenha exemplos de suas realiza\u00e7\u00f5es.<\/li>\n<li><strong>Mostre Entusiasmo:<\/strong> Demonstre interesse genu\u00edno pelo cargo.<\/li>\n<li><strong>Networking:<\/strong> Construa uma rede de contatos profissionais que possam oferecer refer\u00eancias ou informa\u00e7\u00f5es sobre vagas.<\/li>\n<\/ol>\n<\/div>\n<\/div>\n<div class=\"sticky ml-8 left-4 bottom-4 gap-2 items-center hidden sm:flex tabletStars:sticky\"><\/div>\n","protected":false},"excerpt":{"rendered":"<p>Em Presidente Prudente, interior de S\u00e3o Paulo, a Secretaria Municipal de Desenvolvimento Econ\u00f4mico (Sedepp) est\u00e1 promovendo contrata\u00e7\u00f5es atrav\u00e9s do programa Emprega Prudente. Com 256 vagas dispon\u00edveis, a iniciativa visa conectar profissionais qualificados de diversas \u00e1reas e n\u00edveis de escolaridade a oportunidades de trabalho promissoras. Plataforma Online para Facilitar a Busca em Presidente Prudente O Emprega [&hellip;]<\/p>\n","protected":false},"author":32,"featured_media":59377,"comment_status":"open","ping_status":"closed","sticky":false,"template":"","format":"standard","meta":{"footnotes":""},"categories":[5955],"tags":[5998,5,13,37],"class_list":["post-59373","post","type-post","status-publish","format-standard","has-post-thumbnail","hentry","category-emprego","tag-5998","tag-empregos","tag-oportunidade-de-emprego","tag-vagas"],"_links":{"self":[{"href":"https:\/\/99empregos.com.br\/blog\/wp-json\/wp\/v2\/posts\/59373","targetHints":{"allow":["GET"]}}],"collection":[{"href":"https:\/\/99empregos.com.br\/blog\/wp-json\/wp\/v2\/posts"}],"about":[{"href":"https:\/\/99empregos.com.br\/blog\/wp-json\/wp\/v2\/types\/post"}],"author":[{"embeddable":true,"href":"https:\/\/99empregos.com.br\/blog\/wp-json\/wp\/v2\/users\/32"}],"replies":[{"embeddable":true,"href":"https:\/\/99empregos.com.br\/blog\/wp-json\/wp\/v2\/comments?post=59373"}],"version-history":[{"count":0,"href":"https:\/\/99empregos.com.br\/blog\/wp-json\/wp\/v2\/posts\/59373\/revisions"}],"wp:featuredmedia":[{"embeddable":true,"href":"https:\/\/99empregos.com.br\/blog\/wp-json\/wp\/v2\/media\/59377"}],"wp:attachment":[{"href":"https:\/\/99empregos.com.br\/blog\/wp-json\/wp\/v2\/media?parent=59373"}],"wp:term":[{"taxonomy":"category","embeddable":true,"href":"https:\/\/99empregos.com.br\/blog\/wp-json\/wp\/v2\/categories?post=59373"},{"taxonomy":"post_tag","embeddable":true,"href":"https:\/\/99empregos.com.br\/blog\/wp-json\/wp\/v2\/tags?post=59373"}],"curies":[{"name":"wp","href":"https:\/\/api.w.org\/{rel}","templated":true}]}}