{"id":59429,"date":"2024-06-26T20:34:54","date_gmt":"2024-06-26T23:34:54","guid":{"rendered":"https:\/\/123empregos.com.br\/blog\/?p=59429"},"modified":"2024-06-26T12:30:02","modified_gmt":"2024-06-26T15:30:02","slug":"volkswagen-vagas-de-emprego","status":"publish","type":"post","link":"https:\/\/99empregos.com.br\/blog\/volkswagen-vagas-de-emprego\/","title":{"rendered":"Volkswagen: Confira as Vagas de Emprego na F\u00e1brica de Curitiba!"},"content":{"rendered":"<p>A <strong>Volkswagen<\/strong>, uma das l\u00edderes globais na ind\u00fastria automotiva, est\u00e1 ampliando suas opera\u00e7\u00f5es na regi\u00e3o de Curitiba. Com uma trajet\u00f3ria de sete d\u00e9cadas marcada por inova\u00e7\u00e3o e excel\u00eancia, a empresa busca colaboradores empenhados em impulsionar a transforma\u00e7\u00e3o da mobilidade urbana por meio de produtos e servi\u00e7os vanguardistas.<\/p>\n<h2>Volkswagen Abre Vagas: Valorizando Pessoas e Promovendo a Diversidade<\/h2>\n<p>A for\u00e7a motriz por tr\u00e1s do sucesso da Volkswagen s\u00e3o seus colaboradores. Douglas Pereira, Vice-Presidente de Recursos Humanos, enfatiza: &#8220;Acreditamos no potencial de nossos profissionais, pois s\u00e3o eles que fazem a diferen\u00e7a dia ap\u00f3s dia!&#8221; A empresa cultiva uma atmosfera de integra\u00e7\u00e3o e desenvolvimento cont\u00ednuo, incentivando todos os times a crescerem juntos.<\/p>\n<p>Al\u00e9m disso, a Volkswagen est\u00e1 empenhada em promover uma cultura mais humana, diversa e inclusiva. Procuram-se colaboradores dispostos a enfrentar desafios e a se tornarem parte dessa transforma\u00e7\u00e3o cultural, moldando uma organiza\u00e7\u00e3o que reflete os valores da sociedade contempor\u00e2nea.<\/p>\n<h2>Oportunidades de Emprego na Volkswagen em Curitiba<\/h2>\n<p>A Volkswagen est\u00e1 oferecendo uma <a href=\"https:\/\/99empregos.com.br\/blog\/picpay-esta-contratando-vaga-home-office-para-analista-disponivel\/\" target=\"_blank\" rel=\"noopener\">variedade de oportunidades<\/a> de carreira em Curitiba e regi\u00e3o. As <a href=\"https:\/\/99empregos.com.br\/blog\/sine-pb-vagas-abertas\/\" target=\"_blank\" rel=\"noopener\"><strong>vagas dispon\u00edveis<\/strong><\/a> inclui diversos setores e modalidades de trabalho, incluindo oportunidades presenciais e h\u00edbridas. Confira algumas das posi\u00e7\u00f5es em aberto:<\/p>\n<h3>\u00c1rea de Tecnologia da Informa\u00e7\u00e3o<\/h3>\n<ul class=\"!whitespace-normal list-disc ml-5\">\n<li class=\"pb-1\">Analista de Governan\u00e7a de TI \u2013 Suporte e Aplica\u00e7\u00f5es<\/li>\n<li class=\"pb-1\">Analista Desenvolvedora (Vaga afirmativa para Mulheres)<\/li>\n<li class=\"pb-1\">Analista de Suporte e Projetos de T.I\/Aplica\u00e7\u00f5es<\/li>\n<li class=\"pb-1\">Analista de Suporte e Projetos de T.I\/Aplica\u00e7\u00f5es (Vaga Afirmativa para Mulheres)<\/li>\n<li class=\"pb-1\">Server Analyst \u2013 IT RISC<\/li>\n<\/ul>\n<h3>Outras \u00c1reas<\/h3>\n<ul class=\"!whitespace-normal list-disc ml-5\">\n<li class=\"pb-1\">Consultor(a) Comercial<\/li>\n<li class=\"pb-1\">Project Management (Vaga Afirmativa para Mulheres)<\/li>\n<li class=\"pb-1\">T\u00e9cnica de Seguran\u00e7a do Trabalho (Vaga Afirmativa para Mulheres)<\/li>\n<\/ul>\n<h2>Volkswagen Abre Vagas: Processo de Candidatura e Requisitos<\/h2>\n<p>Para se candidatar a uma das vagas na Volkswagen, basta acessar o site da empresa (<a href=\"https:\/\/vwbrasil.gupy.io\/\" target=\"_blank\" rel=\"noopener\">clique aqui<\/a>) e navegar at\u00e9 a se\u00e7\u00e3o de carreiras. L\u00e1, voc\u00ea encontrar\u00e1 todas as informa\u00e7\u00f5es necess\u00e1rias, incluindo descri\u00e7\u00f5es detalhadas das vagas, requisitos espec\u00edficos e instru\u00e7\u00f5es para enviar seu curr\u00edculo.<\/p>\n<p>A Volkswagen valoriza profissionais comprometidos, proativos e dispostos a se desenvolver continuamente. Al\u00e9m das habilidades t\u00e9cnicas exigidas para cada cargo, a empresa busca colaboradores alinhados com sua cultura organizacional e dispostos a contribuir para a constru\u00e7\u00e3o de um futuro mais sustent\u00e1vel e inovador na ind\u00fastria automotiva.<\/p>\n<h2>Benef\u00edcios e Vantagens de Trabalhar na Volkswagen<\/h2>\n<p>Ao ingressar na Volkswagen, voc\u00ea ter\u00e1 acesso a uma variedade de benef\u00edcios e vantagens competitivas. A empresa oferece um pacote atraente de remunera\u00e7\u00e3o, bem como oportunidades de crescimento profissional por meio de programas de treinamento e desenvolvimento.<\/p>\n<p>Al\u00e9m disso, a Volkswagen prioriza o bem-estar de seus colaboradores, proporcionando um ambiente de trabalho saud\u00e1vel e incentivando o equil\u00edbrio entre vida profissional e pessoal. Benef\u00edcios como plano de sa\u00fade, seguro de vida e programas de assist\u00eancia ao colaborador s\u00e3o apenas alguns dos diferenciais oferecidos pela empresa.<\/p>\n<h2>Volkswagen Abre Vagas: Diversidade e Inclus\u00e3o<\/h2>\n<p>A Volkswagen est\u00e1 comprometida em construir uma for\u00e7a de trabalho diversa e inclusiva. A empresa reconhece que a diversidade de perspectivas, experi\u00eancias e qualifica\u00e7\u00e3o \u00e9 fundamental para impulsionar a inova\u00e7\u00e3o e o sucesso a longo prazo.<\/p>\n<p>Por isso, a Volkswagen incentiva a candidatura de profissionais de diferentes origens, g\u00eaneros, idades e habilidades. V\u00e1rias das vagas dispon\u00edveis s\u00e3o destinadas especificamente a grupos sub-representados, como mulheres, pessoas com defici\u00eancia e minorias \u00e9tnicas, refletindo o compromisso da empresa com a equidade e a inclus\u00e3o.<\/p>\n<h2>Volkswagen Abre Vagas: Desenvolvimento Profissional e Oportunidades de Crescimento<\/h2>\n<p>Ao ingressar na Volkswagen, voc\u00ea ter\u00e1 acesso a um ambiente de aprendizado cont\u00ednuo e oportunidades de crescimento profissional. A empresa investe fortemente no desenvolvimento de seus colaboradores, oferecendo programas de treinamento, mentoria e oportunidades de progress\u00e3o de carreira.<\/p>\n<p>Al\u00e9m disso, a Volkswagen incentiva a colabora\u00e7\u00e3o e o compartilhamento de conhecimentos entre equipes, promovendo um ambiente prop\u00edcio para o aprendizado m\u00fatuo e o aprimoramento constante das habilidades profissionais.<\/p>\n<h2>Volkswagen Abre Vagas: Impacto Social e Ambiental, um Compromisso com a Sustentabilidade<\/h2>\n<p>A Volkswagen est\u00e1 comprometida em minimizar seu impacto ambiental e contribuir para um futuro mais sustent\u00e1vel. A empresa adota pr\u00e1ticas eco-eficientes em suas opera\u00e7\u00f5es, investindo em tecnologias limpas e solu\u00e7\u00f5es de mobilidade mais sustent\u00e1veis.<\/p>\n<p>Ao se juntar \u00e0 Volkswagen, voc\u00ea ter\u00e1 a oportunidade de fazer parte dessa jornada rumo \u00e0 sustentabilidade, contribuindo para o desenvolvimento de produtos e servi\u00e7os que promovam a redu\u00e7\u00e3o das emiss\u00f5es de carbono e a preserva\u00e7\u00e3o dos recursos naturais.<\/p>\n<h2>Cultura de Inova\u00e7\u00e3o e Colabora\u00e7\u00e3o<\/h2>\n<p>A Volkswagen \u00e9 reconhecida por sua cultura de inova\u00e7\u00e3o e colabora\u00e7\u00e3o. A empresa incentiva seus colaboradores a pensarem fora da caixa, explorarem novas ideias e trabalharem em equipe para alcan\u00e7ar solu\u00e7\u00f5es criativas e disruptivas.<\/p>\n<p>Ao ingressar na Volkswagen, voc\u00ea ter\u00e1 a <a href=\"https:\/\/99empregos.com.br\/blog\/chilli-beans-rede-global-tem-excelentes-vagas-de-trabalho-disponiveis-veja\/\" target=\"_blank\" rel=\"noopener\">oportunidade de trabalhar<\/a> em projetos desafiadores e inovadores, contribuindo para moldar o futuro da ind\u00fastria automotiva e da mobilidade urbana.<\/p>\n<h2>Volkswagen Abre Vagas: Perspectivas Futuras e Planos de Expans\u00e3o<\/h2>\n<p>Com sua presen\u00e7a cada vez mais s\u00f3lida em Curitiba e regi\u00e3o, a Volkswagen tem planos ambiciosos para o futuro. A empresa pretende continuar investindo em novas tecnologias, produtos e servi\u00e7os que atendam \u00e0s demandas em constante evolu\u00e7\u00e3o do mercado automotivo.<\/p>\n<p>Essa expans\u00e3o representa uma oportunidade \u00fanica para profissionais qualificados que desejam fazer parte de uma organiza\u00e7\u00e3o l\u00edder e inovadora, contribuindo para o desenvolvimento de solu\u00e7\u00f5es de mobilidade sustent\u00e1veis e impactantes.<\/p>\n<figure id=\"attachment_59431\" aria-describedby=\"caption-attachment-59431\" style=\"width: 1280px\" class=\"wp-caption alignnone\"><img decoding=\"async\" class=\"wp-image-59431 size-full\" src=\"https:\/\/99empregos.com.br\/blog\/wp-content\/uploads\/2024\/06\/Volkswagen-Confira-as-Vagas-de-Emprego-na-Fabrica-de-Curitiba-1.jpg\" alt=\"Volkswagen: Confira as Vagas de Emprego na F\u00e1brica de Curitiba!\" width=\"1280\" height=\"853\" srcset=\"https:\/\/99empregos.com.br\/blog\/wp-content\/uploads\/2024\/06\/Volkswagen-Confira-as-Vagas-de-Emprego-na-Fabrica-de-Curitiba-1.jpg 1280w, https:\/\/99empregos.com.br\/blog\/wp-content\/uploads\/2024\/06\/Volkswagen-Confira-as-Vagas-de-Emprego-na-Fabrica-de-Curitiba-1-300x200.jpg 300w, https:\/\/99empregos.com.br\/blog\/wp-content\/uploads\/2024\/06\/Volkswagen-Confira-as-Vagas-de-Emprego-na-Fabrica-de-Curitiba-1-1024x682.jpg 1024w, https:\/\/99empregos.com.br\/blog\/wp-content\/uploads\/2024\/06\/Volkswagen-Confira-as-Vagas-de-Emprego-na-Fabrica-de-Curitiba-1-768x512.jpg 768w\" sizes=\"(max-width: 1280px) 100vw, 1280px\" \/><figcaption id=\"caption-attachment-59431\" class=\"wp-caption-text\">Volkswagen: Confira as Vagas de Emprego na F\u00e1brica de Curitiba! Imagem: Volkswagen<\/figcaption><\/figure>\n<h2>Junte-se \u00e0 Volkswagen e Impulsione sua Carreira<\/h2>\n<p>Se voc\u00ea est\u00e1 procurando por uma oportunidade de carreira desafiadora e gratificante, a Volkswagen pode ser o destino ideal. Com sua cultura organizacional s\u00f3lida, compromisso com a diversidade e inclus\u00e3o, e foco em inova\u00e7\u00e3o e sustentabilidade, a empresa oferece um ambiente prop\u00edcio para o crescimento profissional e pessoal.<\/p>\n<p>N\u00e3o perca essa chance de se juntar a uma das l\u00edderes globais na ind\u00fastria automotiva e fazer parte da transforma\u00e7\u00e3o da mobilidade urbana. Explore as vagas dispon\u00edveis, candidate-se e d\u00ea o pr\u00f3ximo passo em dire\u00e7\u00e3o a uma carreira de sucesso na Volkswagen.<\/p>\n","protected":false},"excerpt":{"rendered":"<p>A Volkswagen, uma das l\u00edderes globais na ind\u00fastria automotiva, est\u00e1 ampliando suas opera\u00e7\u00f5es na regi\u00e3o de Curitiba. Com uma trajet\u00f3ria de sete d\u00e9cadas marcada por inova\u00e7\u00e3o e excel\u00eancia, a empresa busca colaboradores empenhados em impulsionar a transforma\u00e7\u00e3o da mobilidade urbana por meio de produtos e servi\u00e7os vanguardistas. Volkswagen Abre Vagas: Valorizando Pessoas e Promovendo a [&hellip;]<\/p>\n","protected":false},"author":31,"featured_media":59430,"comment_status":"open","ping_status":"closed","sticky":false,"template":"","format":"standard","meta":{"footnotes":""},"categories":[5955],"tags":[393,5770,4500],"class_list":["post-59429","post","type-post","status-publish","format-standard","has-post-thumbnail","hentry","category-emprego","tag-volkswagen","tag-volkswagen-vagas-abertas","tag-volkswagen-vagas-de-emprego"],"_links":{"self":[{"href":"https:\/\/99empregos.com.br\/blog\/wp-json\/wp\/v2\/posts\/59429","targetHints":{"allow":["GET"]}}],"collection":[{"href":"https:\/\/99empregos.com.br\/blog\/wp-json\/wp\/v2\/posts"}],"about":[{"href":"https:\/\/99empregos.com.br\/blog\/wp-json\/wp\/v2\/types\/post"}],"author":[{"embeddable":true,"href":"https:\/\/99empregos.com.br\/blog\/wp-json\/wp\/v2\/users\/31"}],"replies":[{"embeddable":true,"href":"https:\/\/99empregos.com.br\/blog\/wp-json\/wp\/v2\/comments?post=59429"}],"version-history":[{"count":0,"href":"https:\/\/99empregos.com.br\/blog\/wp-json\/wp\/v2\/posts\/59429\/revisions"}],"wp:featuredmedia":[{"embeddable":true,"href":"https:\/\/99empregos.com.br\/blog\/wp-json\/wp\/v2\/media\/59430"}],"wp:attachment":[{"href":"https:\/\/99empregos.com.br\/blog\/wp-json\/wp\/v2\/media?parent=59429"}],"wp:term":[{"taxonomy":"category","embeddable":true,"href":"https:\/\/99empregos.com.br\/blog\/wp-json\/wp\/v2\/categories?post=59429"},{"taxonomy":"post_tag","embeddable":true,"href":"https:\/\/99empregos.com.br\/blog\/wp-json\/wp\/v2\/tags?post=59429"}],"curies":[{"name":"wp","href":"https:\/\/api.w.org\/{rel}","templated":true}]}}