{"id":59479,"date":"2024-06-27T17:34:48","date_gmt":"2024-06-27T20:34:48","guid":{"rendered":"https:\/\/123empregos.com.br\/blog\/?p=59479"},"modified":"2025-04-30T15:29:34","modified_gmt":"2025-04-30T18:29:34","slug":"senai-abre-vaga-com-salario-de-r6-09645-inscreva-se-agora","status":"publish","type":"post","link":"https:\/\/99empregos.com.br\/blog\/senai-abre-vaga-com-salario-de-r6-09645-inscreva-se-agora\/","title":{"rendered":"SENAI Abre Vaga com Sal\u00e1rio de R$6.096,45 &#8211; Inscreva-se Agora!"},"content":{"rendered":"<div class=\"max-w-[700px] mx-auto mt-8 p-2\">\n<div class=\"h-fit md:ml-2 lg:ml-0 css-1tcqj3k\">\n<p>O <strong>Servi\u00e7o Nacional de Aprendizagem Industrial (SENAI)<\/strong> lan\u00e7ou recentemente o<strong> edital 01487\/2024<\/strong>, apresentando uma<a href=\"https:\/\/99empregos.com.br\/blog\/oportunidade-de-emprego-remoto-omie-contrata-para-suporte-tecnico\/\"> oportunidade<\/a> para profissionais qualificados na \u00e1rea de tecnologia. Este artigo explora em detalhes as responsabilidades envolvidas, os requisitos essenciais e o <a href=\"https:\/\/99empregos.com.br\/blog\/nao-perca-processo-seletivo-sesi-com-salarios-de-ate-r-4-14468-envie-seu-curriculo\/\">processo seletivo<\/a>, fornecendo uma vis\u00e3o abrangente desta <a href=\"https:\/\/99empregos.com.br\/blog\/trabalhe-de-casa-na-olx-vaga-imperdivel\/\">vaga<\/a>.<\/p>\n<h2>Responsabilidades Para Vaga de Especialista de Ensino II<\/h2>\n<p>O<strong> cargo de Especialista de Ensino II no SENAI<\/strong> envolve um conjunto diversificado de atribui\u00e7\u00f5es que exigem uma combina\u00e7\u00e3o de habilidades t\u00e9cnicas e pedag\u00f3gicas. Vamos explorar as principais \u00e1reas de atua\u00e7\u00e3o:<\/p>\n<h3>Planejamento e Avalia\u00e7\u00e3o de Iniciativas Educacionais<\/h3>\n<p>Uma das principais responsabilidades \u00e9<strong> planejar, analisar e avaliar projetos educacionais alinhados \u00e0s diretrizes organizacionais e pedag\u00f3gicas do SENAI<\/strong>. Isso demanda um profundo entendimento das normas institucionais e a capacidade de aplic\u00e1-las de forma eficaz, garantindo a qualidade e relev\u00e2ncia das iniciativas desenvolvidas.<\/p>\n<h3>Facilita\u00e7\u00e3o da Aprendizagem<\/h3>\n<p>Ministrar aulas em diversos formatos, incluindo cursos r\u00e1pidos, aprendizagem industrial, cursos t\u00e9cnicos e atividades MAKER ou STEAM, \u00e9 uma parte central deste papel. Esta tarefa exige uma abordagem flex\u00edvel e inovadora para manter os alunos engajados e facilitar a assimila\u00e7\u00e3o de conhecimentos complexos relacionados ao desenvolvimento de sistemas.<\/p>\n<h3>Avalia\u00e7\u00e3o do Progresso Estudantil<\/h3>\n<p>A avalia\u00e7\u00e3o cont\u00ednua dos estudantes, utilizando m\u00e9todos diversificados de avalia\u00e7\u00e3o, \u00e9 essencial nesta fun\u00e7\u00e3o. A aplica\u00e7\u00e3o de instrumentos variados permite uma an\u00e1lise do progresso dos alunos, alinhando-se \u00e0 metodologia educacional da institui\u00e7\u00e3o e garantindo um feedback construtivo para o aprimoramento cont\u00ednuo dos processos de ensino.<\/p>\n<h3>Gest\u00e3o de Recursos Did\u00e1ticos<\/h3>\n<p>Assegurar o uso adequado de instala\u00e7\u00f5es, materiais, m\u00e1quinas, ferramentas e equipamentos \u00e9 uma responsabilidade significativa. O especialista deve garantir que todos os recursos sejam utilizados de forma eficiente e segura, contribuindo para um ambiente de aprendizagem produtivo.<\/p>\n<h3>Colabora\u00e7\u00e3o e Atualiza\u00e7\u00e3o<\/h3>\n<p>A participa\u00e7\u00e3o ativa em reuni\u00f5es pedag\u00f3gicas e no planejamento de projetos educacionais \u00e9 fundamental. O especialista deve estar constantemente atualizado sobre as melhores pr\u00e1ticas educacionais e contribuir para a evolu\u00e7\u00e3o dos curr\u00edculos e metodologias de ensino.<\/p>\n<h3>Orienta\u00e7\u00e3o de Est\u00e1gios e Pr\u00e1ticas Profissionais<\/h3>\n<p>Orientar est\u00e1gios e acompanhar a pr\u00e1tica profissional dos jovens aprendizes \u00e9 uma atividade que conecta a teoria com a pr\u00e1tica, preparando os alunos para os desafios reais do mercado de trabalho. Este acompanhamento \u00e9 essencial para o desenvolvimento integral dos alunos, proporcionando-lhes uma experi\u00eancia pr\u00e1tica e relevante.<\/p>\n<h3>Desenvolvimento Profissional<\/h3>\n<p>Participar de treinamentos e reuni\u00f5es para desenvolver compet\u00eancias t\u00e9cnico-pedag\u00f3gicas \u00e9 muito importante, para manter-se atualizado e melhorar continuamente a qualidade do ensino. Este compromisso com o desenvolvimento profissional assegura que o especialista esteja sempre atualizado sobre as inova\u00e7\u00f5es educacionais e tecnol\u00f3gicas.<\/p>\n<h3>Coordena\u00e7\u00e3o de Cursos e Parcerias<\/h3>\n<p>A coordena\u00e7\u00e3o de cursos pr\u00f3prios ou em parceria com outras institui\u00e7\u00f5es exige habilidades de gest\u00e3o e comunica\u00e7\u00e3o. O especialista deve ser capaz de administrar recursos, alinhar objetivos e garantir que todos os aspectos dos cursos estejam em conformidade com os padr\u00f5es institucionais.<\/p>\n<h3>Assist\u00eancia T\u00e9cnica e Tecnol\u00f3gica<\/h3>\n<p>Atuar em projetos de pesquisa, consultoria e assist\u00eancia t\u00e9cnica dentro de sua \u00e1rea de compet\u00eancia \u00e9 uma oportunidade para aplicar conhecimentos em contextos pr\u00e1ticos e contribuir para o avan\u00e7o tecnol\u00f3gico e educacional da institui\u00e7\u00e3o.<\/p>\n<h3>Suporte \u00e0 Gest\u00e3o Administrativa<\/h3>\n<p>Assessorar o titular da \u00e1rea em suas atividades de gest\u00e3o, incluindo a aprova\u00e7\u00e3o de registros de ponto e requisi\u00e7\u00f5es de ve\u00edculos, demonstra a import\u00e2ncia da versatilidade e da capacidade de assumir responsabilidades administrativas.<\/p>\n<h2>Requisitos da Vaga no SENAI e Informa\u00e7\u00f5es Adicionais:<\/h2>\n<p>Para se candidatar a esta <strong>oportunidade de emprego clt no SENAI<\/strong>, os interessados devem atender aos seguintes requisitos m\u00ednimos:<\/p>\n<ul class=\"!whitespace-normal list-disc ml-5\">\n<li class=\"pb-1\"><strong>Ensino Superior completo na \u00e1rea de Tecnologia<\/strong><\/li>\n<li class=\"pb-1\"><strong>Experi\u00eancia de 06 meses na \u00e1rea de tecnologia ou em doc\u00eancia<\/strong><\/li>\n<li class=\"pb-1\"><strong>Carteira Nacional de Habilita\u00e7\u00e3o (CNH) categoria B v\u00e1lida<\/strong><\/li>\n<\/ul>\n<p>Outras informa\u00e7\u00f5es relevantes incluem:<\/p>\n<ul class=\"!whitespace-normal list-disc ml-5\">\n<li class=\"pb-1\">Sal\u00e1rio: <strong>R$6.096,45<\/strong><\/li>\n<li class=\"pb-1\">Carga hor\u00e1ria: <strong>200 horas mensais<\/strong><\/li>\n<li class=\"pb-1\">Local de atua\u00e7\u00e3o: Florian\u00f3polis, SC<\/li>\n<li class=\"pb-1\">Tipo de contrato: Prazo indeterminado (Efetivo &#8211; CLT)<\/li>\n<\/ul>\n<p>Para realizar o cadastro, acesse este site.<\/p>\n<h2>Etapas do Processo Seletivo do SENAI<\/h2>\n<p>O processo seletivo para esta vaga de emprego clt no SENAI \u00e9 dividido em v\u00e1rias etapas, cada uma com suas especificidades e prazos. A seguir, veja uma an\u00e1lise detalhada de cada fase:<\/p>\n<h3>Inscri\u00e7\u00e3o e Envio de Curr\u00edculos<\/h3>\n<p>Entre <strong>26\/06\/2024 e 07\/07\/2024<\/strong>, os candidatos devem enviar seus curr\u00edculos atrav\u00e9s do formul\u00e1rio de inscri\u00e7\u00e3o online. \u00c9 essencial confirmar a inscri\u00e7\u00e3o atrav\u00e9s do e-mail autom\u00e1tico enviado pela plataforma at\u00e9 o \u00faltimo dia desta etapa. A n\u00e3o confirma\u00e7\u00e3o dentro do prazo resulta em desclassifica\u00e7\u00e3o.<\/p>\n<h3>Avalia\u00e7\u00e3o Curricular<\/h3>\n<p>No dia <strong>08\/07\/2024 \u00e0s 08h00<\/strong>, ser\u00e1 realizada a avalia\u00e7\u00e3o curricular, com a divulga\u00e7\u00e3o dos resultados \u00e0s 10h00 do mesmo dia. Este passo inicial \u00e9 fundamental para filtrar os candidatos mais alinhados com os requisitos do cargo.<\/p>\n<h3>Teste Online de Fit Cultural e Compet\u00eancias<\/h3>\n<p>Entre <strong>08\/07\/2024 \u00e0s 14h00 e 09\/07\/2024 \u00e0s 14h00<\/strong>, os candidatos passar\u00e3o por um teste online de fit cultural e avalia\u00e7\u00e3o de compet\u00eancias. O resultado ser\u00e1 divulgado em 09\/07\/2024 \u00e0s 15h00. Esta etapa visa garantir que o candidato se encaixe na cultura organizacional do SENAI e possua as habilidades necess\u00e1rias para o cargo.<\/p>\n<h3><\/h3>\n<figure id=\"attachment_59438\" aria-describedby=\"caption-attachment-59438\" style=\"width: 407px\" class=\"wp-caption alignnone\"><img decoding=\"async\" class=\" wp-image-59438\" src=\"https:\/\/99empregos.com.br\/blog\/wp-content\/uploads\/2024\/06\/images-12-300x76.png\" alt=\"Senai, logo.\" width=\"407\" height=\"103\" srcset=\"https:\/\/99empregos.com.br\/blog\/wp-content\/uploads\/2024\/06\/images-12-300x76.png 300w, https:\/\/99empregos.com.br\/blog\/wp-content\/uploads\/2024\/06\/images-12.png 444w\" sizes=\"(max-width: 407px) 100vw, 407px\" \/><figcaption id=\"caption-attachment-59438\" class=\"wp-caption-text\">Senai, logo. Imagem: Wikip\u00e9dia<\/figcaption><\/figure>\n<h3>Avalia\u00e7\u00e3o Pr\u00e1tica &#8211; Apresenta\u00e7\u00e3o de Projeto<\/h3>\n<p>A fase final, marcada para<strong> 10\/07\/2024 \u00e0s 14h00<\/strong>, consiste na apresenta\u00e7\u00e3o de uma aplica\u00e7\u00e3o web desenvolvida pelo candidato, incluindo back-end em Javascript ou Java e front-end utilizando frameworks JS populares. A avalia\u00e7\u00e3o ser\u00e1 baseada em crit\u00e9rios como plano de aula, pr\u00e1tica pedag\u00f3gica, inova\u00e7\u00e3o tecnol\u00f3gica e conhecimento t\u00e9cnico. A divulga\u00e7\u00e3o do resultado ocorrer\u00e1 em <strong>11\/07\/2024 \u00e0s 13h00.<\/strong><\/p>\n<p>Nesta etapa, o candidato dever\u00e1 enviar os seguintes documentos:<\/p>\n<ul class=\"!whitespace-normal list-disc ml-5\">\n<li class=\"pb-1\">Documento oficial com foto (CNH categoria B v\u00e1lida)<\/li>\n<li class=\"pb-1\">Comprovante de escolaridade (conforme exigido)<\/li>\n<li class=\"pb-1\">Plano de aula para a apresenta\u00e7\u00e3o<\/li>\n<\/ul>\n<p>O envio completo e v\u00e1lido da documenta\u00e7\u00e3o dentro do prazo estipulado \u00e9 obrigat\u00f3rio para continuar no processo seletivo.<\/p>\n<\/div>\n<\/div>\n<div class=\"fixed right-5 top-41 smd:top-auto smd:right-13 smd:bottom-4 w-41 p-2 h-10 rounded-full bg-white shadow-unsubscribeSection hidden smd:grid grid-cols-6 place-content-center place-items-center text-gray-6 z-20\">\n<div class=\"col-span-1\"><\/div>\n<p class=\"text-sm leading-5 col-span-4 select-none font-medium color-[#6B7280]\">Page\u00a01\u00a0of\u00a02<\/p>\n<div class=\"col-span-1\"><\/div>\n<\/div>\n<div class=\"sticky ml-8 left-4 bottom-4 gap-2 items-center hidden sm:flex tabletStars:sticky\">\n<div class=\"p-1 h-8 w-8 rounded-full bg-purple-1 cursor-pointer\"><img decoding=\"async\" src=\"https:\/\/app.writesonic.com\/_next\/static\/media\/pencil-icon-white.fa549c78.svg\" alt=\"Image\" width=\"24\" height=\"24\" data-nimg=\"1\" \/><\/div>\n<div class=\"p-1 h-8 w-8 rounded-full border border-gray-200\"><img decoding=\"async\" src=\"https:\/\/app.writesonic.com\/_next\/static\/media\/audio-widget-icon.b30ba0a3.svg\" alt=\"Image\" width=\"24\" height=\"24\" data-nimg=\"1\" \/><\/div>\n<\/div>\n","protected":false},"excerpt":{"rendered":"<p>O Servi\u00e7o Nacional de Aprendizagem Industrial (SENAI) lan\u00e7ou recentemente o edital 01487\/2024, apresentando uma oportunidade para profissionais qualificados na \u00e1rea de tecnologia. Este artigo explora em detalhes as responsabilidades envolvidas, os requisitos essenciais e o processo seletivo, fornecendo uma vis\u00e3o abrangente desta vaga. Responsabilidades Para Vaga de Especialista de Ensino II O cargo de Especialista [&hellip;]<\/p>\n","protected":false},"author":32,"featured_media":59439,"comment_status":"open","ping_status":"closed","sticky":false,"template":"","format":"standard","meta":{"footnotes":""},"categories":[5955],"tags":[37,16],"class_list":["post-59479","post","type-post","status-publish","format-standard","has-post-thumbnail","hentry","category-emprego","tag-vagas","tag-vagas-de-emprego"],"_links":{"self":[{"href":"https:\/\/99empregos.com.br\/blog\/wp-json\/wp\/v2\/posts\/59479","targetHints":{"allow":["GET"]}}],"collection":[{"href":"https:\/\/99empregos.com.br\/blog\/wp-json\/wp\/v2\/posts"}],"about":[{"href":"https:\/\/99empregos.com.br\/blog\/wp-json\/wp\/v2\/types\/post"}],"author":[{"embeddable":true,"href":"https:\/\/99empregos.com.br\/blog\/wp-json\/wp\/v2\/users\/32"}],"replies":[{"embeddable":true,"href":"https:\/\/99empregos.com.br\/blog\/wp-json\/wp\/v2\/comments?post=59479"}],"version-history":[{"count":0,"href":"https:\/\/99empregos.com.br\/blog\/wp-json\/wp\/v2\/posts\/59479\/revisions"}],"wp:featuredmedia":[{"embeddable":true,"href":"https:\/\/99empregos.com.br\/blog\/wp-json\/wp\/v2\/media\/59439"}],"wp:attachment":[{"href":"https:\/\/99empregos.com.br\/blog\/wp-json\/wp\/v2\/media?parent=59479"}],"wp:term":[{"taxonomy":"category","embeddable":true,"href":"https:\/\/99empregos.com.br\/blog\/wp-json\/wp\/v2\/categories?post=59479"},{"taxonomy":"post_tag","embeddable":true,"href":"https:\/\/99empregos.com.br\/blog\/wp-json\/wp\/v2\/tags?post=59479"}],"curies":[{"name":"wp","href":"https:\/\/api.w.org\/{rel}","templated":true}]}}