{"id":59882,"date":"2024-07-03T11:34:18","date_gmt":"2024-07-03T14:34:18","guid":{"rendered":"https:\/\/123empregos.com.br\/blog\/?p=59882"},"modified":"2025-05-13T11:50:36","modified_gmt":"2025-05-13T14:50:36","slug":"nao-perca-ministerio-publico-abre-selecao-para-estagio","status":"publish","type":"post","link":"https:\/\/99empregos.com.br\/blog\/nao-perca-ministerio-publico-abre-selecao-para-estagio\/","title":{"rendered":"N\u00e3o Perca! Minist\u00e9rio P\u00fablico Abre Sele\u00e7\u00e3o para Est\u00e1gio!"},"content":{"rendered":"<div class=\"max-w-[700px] mx-auto mt-8 p-2\">\n<div class=\"h-fit md:ml-2 lg:ml-0 css-1tcqj3k\">\n<p>O <strong>Minist\u00e9rio P\u00fablico do Estado do Cear\u00e1 (MPCE)<\/strong> est\u00e1 proporcionando oportunidades para estudantes de gradua\u00e7\u00e3o adquirirem experi\u00eancia pr\u00e1tica por meio de seu <strong>Programa de Est\u00e1gio Supervisionado<\/strong>. Com v\u00e1rias <a href=\"https:\/\/99empregos.com.br\/blog\/oportunidades-em-bh-sine-bh-abre-vagas\/\">\u00e1reas<\/a> dispon\u00edveis, desde<strong> Comunica\u00e7\u00e3o Social e Arquitetura at\u00e9 Direito e Ci\u00eancias da Computa\u00e7\u00e3o<\/strong>, essa iniciativa oferece um caminho enriquecedor para o desenvolvimento profissional dos estudantes.<\/p>\n<h2>Bolsa de Estudo para os Estagi\u00e1rios<\/h2>\n<p>Aqueles selecionados para integrar o programa ter\u00e3o uma bolsa-aux\u00edlio no valor de <strong>R$ 937,00<\/strong> mensais, al\u00e9m de um aux\u00edlio-transporte de at\u00e9 <strong>R$ 198,00<\/strong> por m\u00eas. Essa <a href=\"https:\/\/99empregos.com.br\/blog\/salarios-de-ate-r6-mil-alta-remuneracao-farmacias-app-abre-lista-de-empregos-veja-as-cidades-e-envie-seu-curriculo\/\">remunera\u00e7\u00e3o<\/a> visa proporcionar um suporte financeiro aos estudantes, permitindo que se dediquem integralmente \u00e0s atividades de<a href=\"https:\/\/99empregos.com.br\/blog\/marjan-farma-empresa-tem-vagas-de-estagio-a-fixas-confira-oportunidades\/\"> est\u00e1gio.<\/a><\/p>\n<h3>Carga Hor\u00e1ria do Est\u00e1gio<\/h3>\n<p>A carga hor\u00e1ria do est\u00e1gio \u00e9 de <strong>25 horas semanais<\/strong>, distribu\u00eddas em 5 horas di\u00e1rias, proporcionando um equil\u00edbrio entre as obriga\u00e7\u00f5es acad\u00eamicas e as responsabilidades profissionais. Essa flexibilidade possibilita que os estagi\u00e1rios conciliem suas atividades, aumentando seu aprendizado e crescimento pessoal.<\/p>\n<h2>Processo Seletivo do Programa de Est\u00e1gio do Minist\u00e9rio P\u00fablico<\/h2>\n<h3>Inscri\u00e7\u00f5es Online<\/h3>\n<p>O processo de inscri\u00e7\u00e3o para o Programa de Est\u00e1gio Supervisionado do MPCE \u00e9 realizado exclusivamente pela Internet, atrav\u00e9s do preenchimento de um formul\u00e1rio eletr\u00f4nico dispon\u00edvel no endere\u00e7o eletr\u00f4nico do Instituto Euvaldo Lodi (IEL\/CE). O per\u00edodo de <strong>inscri\u00e7\u00f5es<\/strong> est\u00e1 aberto at\u00e9 o <strong>dia 31 de julho de 2024 \u00e0s 23h59.\u00a0<\/strong><\/p>\n<h3>Requisitos para Inscri\u00e7\u00e3o no Est\u00e1gio<\/h3>\n<p>Para se inscrever, o candidato deve ter cursado entre 20% e 90% dos cr\u00e9ditos de seu curso de gradua\u00e7\u00e3o. Ap\u00f3s a inscri\u00e7\u00e3o online, \u00e9 necess\u00e1rio enviar o hist\u00f3rico escolar e uma declara\u00e7\u00e3o emitida pela institui\u00e7\u00e3o de ensino, em formato PDF, para o e-mail\u00a0<a class=\"text-n-purple-1000\" href=\"mailto:selecao.iel@sfiec.org.br\" target=\"_blank\" rel=\"noopener\">selecao.iel@sfiec.org.br<\/a>, especificando no assunto &#8220;Sele\u00e7\u00e3o MPCE N\u00ba 01\/2024 \u2013 Nome Completo do Candidato \u2013 Curso&#8221;.<\/p>\n<h3>Reserva de Vagas para Diversidade<\/h3>\n<p>Durante a validade do processo seletivo, o Programa de Est\u00e1gio do MPCE reservar\u00e1<strong> 10% das vagas para pessoas com defici\u00eancia e 30% para candidatos que se autodeclararem negros.<\/strong> A verifica\u00e7\u00e3o da condi\u00e7\u00e3o declarada ser\u00e1 realizada por uma comiss\u00e3o de heteroidentifica\u00e7\u00e3o racial composta por cinco integrantes, garantindo a equidade e a representatividade.<\/p>\n<div id=\"chunk-cknl9\">\n<div class=\"mc-column content-text active-extra-styles \" data-block-type=\"unstyled\" data-block-weight=\"7\" data-block-id=\"10\">\n<h3 class=\" content-text__container \" data-track-category=\"Link no Texto\" data-mrf-recirculation=\"Article links\">Ser\u00e3o Ofertadas Vagas Para Diversos Cursos, que Incluem<strong>:<\/strong><\/h3>\n<\/div>\n<\/div>\n<div id=\"chunk-3141i\">\n<div class=\"mc-column content-text active-extra-styles\" data-block-type=\"raw\" data-block-weight=\"32\" data-block-id=\"11\">\n<ul class=\"content-unordered-list\" data-mrf-recirculation=\"Recomendado\">\n<li>Administra\u00e7\u00e3o<\/li>\n<li>Administra\u00e7\u00e3o P\u00fablica<\/li>\n<li>Gest\u00e3o P\u00fablica<\/li>\n<li>Gest\u00e3o de Pol\u00edticas P\u00fablicas<\/li>\n<li>Arquitetura<\/li>\n<li>Biblioteconomia<\/li>\n<li>Ci\u00eancias Cont\u00e1beis<\/li>\n<li>Direito<\/li>\n<li>Ci\u00eancias da Computa\u00e7\u00e3o ou cursos an\u00e1logos<\/li>\n<li>Engenharia Civil<\/li>\n<li>Geografia<\/li>\n<li>Hist\u00f3ria<\/li>\n<li>Jornalismo<\/li>\n<li>Pedagogia<\/li>\n<li>Psicologia<\/li>\n<li>Publicidade e Propaganda<\/li>\n<li>Servi\u00e7o Social<\/li>\n<\/ul>\n<\/div>\n<\/div>\n<h2>Locais das Provas<\/h2>\n<p>O processo seletivo envolver\u00e1 uma prova presencial, a ser aplicada no dia 25 de agosto de 2024, em diversos munic\u00edpios do Cear\u00e1, como<strong> Fortaleza, Juazeiro do Norte, Iguatu, Quixad\u00e1, Russas, Maracana\u00fa, Caucaia, Sobral, Tiangu\u00e1 e Crate\u00fas.<\/strong><\/p>\n<h3>Estrutura da Prova<\/h3>\n<p>A prova consistir\u00e1 em 50 quest\u00f5es objetivas, sendo 15 de Portugu\u00eas e 35 de Conhecimentos Espec\u00edficos, al\u00e9m de uma reda\u00e7\u00e3o. Essa composi\u00e7\u00e3o abrangente visa avaliar n\u00e3o apenas os conhecimentos t\u00e9cnicos dos candidatos, mas tamb\u00e9m suas habilidades de comunica\u00e7\u00e3o escrita e racioc\u00ednio l\u00f3gico.<\/p>\n<h2>Divulga\u00e7\u00e3o de Resultados e Recursos<\/h2>\n<p>O resultado de todas as etapas do processo seletivo ser\u00e1 divulgado no endere\u00e7o eletr\u00f4nico do IEL\/CE. Ap\u00f3s a interposi\u00e7\u00e3o de recursos, o resultado final ser\u00e1 anunciado no dia <strong>6 de novembro de 2024, garantindo transpar\u00eancia e possibilitando a revis\u00e3o de eventuais inconsist\u00eancias.<\/strong><\/p>\n<figure id=\"attachment_59891\" aria-describedby=\"caption-attachment-59891\" style=\"width: 564px\" class=\"wp-caption alignnone\"><img decoding=\"async\" class=\" wp-image-59891\" src=\"https:\/\/99empregos.com.br\/blog\/wp-content\/uploads\/2024\/07\/estagiarios-300x200.jpg\" alt=\"Vagas de est\u00e1gio no Minist\u00e9rio P\u00fablico do Cear\u00e1. \" width=\"564\" height=\"376\" srcset=\"https:\/\/99empregos.com.br\/blog\/wp-content\/uploads\/2024\/07\/estagiarios-300x200.jpg 300w, https:\/\/99empregos.com.br\/blog\/wp-content\/uploads\/2024\/07\/estagiarios-768x512.jpg 768w, https:\/\/99empregos.com.br\/blog\/wp-content\/uploads\/2024\/07\/estagiarios.jpg 900w\" sizes=\"(max-width: 564px) 100vw, 564px\" \/><figcaption id=\"caption-attachment-59891\" class=\"wp-caption-text\">Oportunidades de est\u00e1gio para estudantes de ensino superior no Minist\u00e9rio P\u00fablico do Cear\u00e1. Imagem: freepik.<\/figcaption><\/figure>\n<p>&nbsp;<\/p>\n<h2>Suporte e Esclarecimento de D\u00favidas<\/h2>\n<p>Para sanar quaisquer d\u00favidas relacionadas ao processo seletivo, os candidatos podem entrar em contato com o Servi\u00e7o de Atendimento ao Candidato do IEL\/CE, atrav\u00e9s do e-mail\u00a0<a class=\"text-n-purple-1000\" href=\"mailto:selecao.iel@sfiec.org.br\" target=\"_blank\" rel=\"noopener\">selecao.iel@sfiec.org.br<\/a>, no hor\u00e1rio das 9h \u00e0s 11h e das 13h \u00e0s 16h, em dias \u00fateis.<\/p>\n<p>O Minist\u00e9rio P\u00fablico do Cear\u00e1 est\u00e1 oferecendo uma \u00f3tima oportunidade para estudantes de gradua\u00e7\u00e3o enriquecerem seus conhecimentos e desenvolveram habilidades profissionais por meio do Programa de Est\u00e1gio Supervisionado. Com um processo seletivo transparente, e uma grande variedade de \u00e1reas dispon\u00edveis, essa iniciativa se destaca como uma excelente porta de entrada para o mercado de trabalho. N\u00e3o perca essa chance de impulsionar sua carreira e inscreva-se hoje mesmo!<\/p>\n<\/div>\n<\/div>\n<div class=\"sticky ml-8 left-4 bottom-4 gap-2 items-center hidden sm:flex tabletStars:sticky\"><\/div>\n","protected":false},"excerpt":{"rendered":"<p>O Minist\u00e9rio P\u00fablico do Estado do Cear\u00e1 (MPCE) est\u00e1 proporcionando oportunidades para estudantes de gradua\u00e7\u00e3o adquirirem experi\u00eancia pr\u00e1tica por meio de seu Programa de Est\u00e1gio Supervisionado. Com v\u00e1rias \u00e1reas dispon\u00edveis, desde Comunica\u00e7\u00e3o Social e Arquitetura at\u00e9 Direito e Ci\u00eancias da Computa\u00e7\u00e3o, essa iniciativa oferece um caminho enriquecedor para o desenvolvimento profissional dos estudantes. Bolsa de [&hellip;]<\/p>\n","protected":false},"author":32,"featured_media":59890,"comment_status":"open","ping_status":"closed","sticky":false,"template":"","format":"standard","meta":{"footnotes":""},"categories":[6089],"tags":[37,33],"class_list":["post-59882","post","type-post","status-publish","format-standard","has-post-thumbnail","hentry","category-estagio","tag-vagas","tag-vagas-de-estagio"],"_links":{"self":[{"href":"https:\/\/99empregos.com.br\/blog\/wp-json\/wp\/v2\/posts\/59882","targetHints":{"allow":["GET"]}}],"collection":[{"href":"https:\/\/99empregos.com.br\/blog\/wp-json\/wp\/v2\/posts"}],"about":[{"href":"https:\/\/99empregos.com.br\/blog\/wp-json\/wp\/v2\/types\/post"}],"author":[{"embeddable":true,"href":"https:\/\/99empregos.com.br\/blog\/wp-json\/wp\/v2\/users\/32"}],"replies":[{"embeddable":true,"href":"https:\/\/99empregos.com.br\/blog\/wp-json\/wp\/v2\/comments?post=59882"}],"version-history":[{"count":0,"href":"https:\/\/99empregos.com.br\/blog\/wp-json\/wp\/v2\/posts\/59882\/revisions"}],"wp:featuredmedia":[{"embeddable":true,"href":"https:\/\/99empregos.com.br\/blog\/wp-json\/wp\/v2\/media\/59890"}],"wp:attachment":[{"href":"https:\/\/99empregos.com.br\/blog\/wp-json\/wp\/v2\/media?parent=59882"}],"wp:term":[{"taxonomy":"category","embeddable":true,"href":"https:\/\/99empregos.com.br\/blog\/wp-json\/wp\/v2\/categories?post=59882"},{"taxonomy":"post_tag","embeddable":true,"href":"https:\/\/99empregos.com.br\/blog\/wp-json\/wp\/v2\/tags?post=59882"}],"curies":[{"name":"wp","href":"https:\/\/api.w.org\/{rel}","templated":true}]}}